{"id":292961,"date":"2025-12-17T15:09:08","date_gmt":"2025-12-17T15:09:08","guid":{"rendered":"https:\/\/www.europesays.com\/es\/292961\/"},"modified":"2025-12-17T15:09:08","modified_gmt":"2025-12-17T15:09:08","slug":"asencio-es-baja-de-ultima-hora-por-fiebre-y-puede-provocar-el-debut-de-joan-martinez-como-titular","status":"publish","type":"post","link":"https:\/\/www.europesays.com\/es\/292961\/","title":{"rendered":"Asencio es baja de \u00faltima hora por fiebre y puede provocar el debut de Joan Mart\u00ednez como titular"},"content":{"rendered":"<p data-mrf-recirculation=\"Links P\u00e1rrafos\" class=\"ue-c-article__paragraph paragraph ue-c-article--first-letter-highlighted\">La convocatoria lanzada por el Real Madrid pocos minutos despu\u00e9s de las 12 del mediod\u00eda inclu\u00eda a <strong>Ra\u00fal Asencio<\/strong>. Minutos despu\u00e9s, sin embargo, su nombre desaparec\u00eda de la misma tanto de la web del club blanco como de las redes sociales. No se trataba de un error de edici\u00f3n, <strong>sino de una baja de \u00faltima hora<\/strong> debido a problemas f\u00edsicos. El central tiene fiebre y por motivos obvios no viaj\u00f3 con sus compa\u00f1eros a Talavera.\u00a0<\/p>\n<p data-mrf-recirculation=\"Links P\u00e1rrafos\" class=\"ue-c-article__paragraph paragraph\">El estado del defensa y la precauci\u00f3n l\u00f3gica de que no contagiara a sus compa\u00f1eros en el viaje <strong>(trayecto en autob\u00fas de 128 kil\u00f3metros)<\/strong> provoc\u00f3 que <strong>Xabi <\/strong>le bajara de la concentraci\u00f3n en el \u00faltimo instante. No deber\u00eda tener problemas para jugar el s\u00e1bado ante el Sevilla, aunque todo depender\u00e1 de la evoluci\u00f3n.\u00a0<\/p>\n<p data-mrf-recirculation=\"Links P\u00e1rrafos\" class=\"ue-c-article__paragraph paragraph\"><strong>La baja de Asencio puede provocar el debut como titular en partido oficial de Joan Mart\u00ednez<\/strong>. El canterano fue una de las sensaciones del equipo blanco en la pretemporada 24\/25, pero una lesi\u00f3n de rodilla (ligamento cruzado) le apart\u00f3, moment\u00e1neamente, de los planes del primer equipo.\u00a0<\/p>\n<p data-mrf-recirculation=\"Links P\u00e1rrafos\" class=\"ue-c-article__paragraph paragraph\">Tras una recuperaci\u00f3n espectacular y tras ir acumulando minutos en el Castilla, Joan, 18 a\u00f1os, vuelve a asomar la cabeza y esta noche, en Talavera, puede cumplir su gran sue\u00f1o.\u00a0\u00a0<\/p>\n<p>Joan Mart\u00ednez se viste de Ramos<\/p>\n<p>Un plan perfectamente trazado<\/p>\n<p data-mrf-recirculation=\"Links P\u00e1rrafos\" class=\"ue-c-article__paragraph paragraph\">Tal y como cont\u00f3 MARCA, <strong>el plan trazado con el defensa a su regreso de lesi\u00f3n se est\u00e1 cumpliendo al mil\u00edmetro <\/strong>y acab\u00f3 en el mes de noviembre con su vuelta a los entrenamientos con el primer equipo. Tras un margen de tiempo previamente pactado para que el jugador se recuperase poco a poco a las \u00f3rdenes de Arbeloa, Xabi Alonso ya lo tiene monitorizado de cerca para ir vigilando a un jugador en el que hay puestas grandes esperanzas de futuro.<\/p>\n<p data-mrf-recirculation=\"Links P\u00e1rrafos\" class=\"ue-c-article__paragraph paragraph\">El futbolista, que a\u00fan no ha debutado con el primer equipo en partido oficial, renov\u00f3 el pasado verano y tiene una cl\u00e1usula de 15 millones de euros. Aunque son muchos los equipos que se han interesado en \u00e9l, en el club est\u00e1n muy tranquilos porque los pasos que se est\u00e1n dando con el jugador dentro y fuera del terreno de juego son los correctos. M\u00e1xima confianza con un jugador que quiere dar un paso al frente en el primer partido de Copa de esta temporada.\u00a0\u00a0<\/p>\n","protected":false},"excerpt":{"rendered":"La convocatoria lanzada por el Real Madrid pocos minutos despu\u00e9s de las 12 del mediod\u00eda inclu\u00eda a Ra\u00fal&hellip;\n","protected":false},"author":2,"featured_media":292962,"comment_status":"","ping_status":"","sticky":false,"template":"","format":"standard","meta":{"footnotes":""},"categories":[268],"tags":[168,25,24,280,282,281,23,167],"class_list":{"0":"post-292961","1":"post","2":"type-post","3":"status-publish","4":"format-standard","5":"has-post-thumbnail","7":"category-futbol","8":"tag-deportes","9":"tag-es","10":"tag-espana","11":"tag-football","12":"tag-futbol","13":"tag-soccer","14":"tag-spain","15":"tag-sports"},"share_on_mastodon":{"url":"https:\/\/pubeurope.com\/@es\/115735544864457062","error":""},"_links":{"self":[{"href":"https:\/\/www.europesays.com\/es\/wp-json\/wp\/v2\/posts\/292961","targetHints":{"allow":["GET"]}}],"collection":[{"href":"https:\/\/www.europesays.com\/es\/wp-json\/wp\/v2\/posts"}],"about":[{"href":"https:\/\/www.europesays.com\/es\/wp-json\/wp\/v2\/types\/post"}],"author":[{"embeddable":true,"href":"https:\/\/www.europesays.com\/es\/wp-json\/wp\/v2\/users\/2"}],"replies":[{"embeddable":true,"href":"https:\/\/www.europesays.com\/es\/wp-json\/wp\/v2\/comments?post=292961"}],"version-history":[{"count":0,"href":"https:\/\/www.europesays.com\/es\/wp-json\/wp\/v2\/posts\/292961\/revisions"}],"wp:featuredmedia":[{"embeddable":true,"href":"https:\/\/www.europesays.com\/es\/wp-json\/wp\/v2\/media\/292962"}],"wp:attachment":[{"href":"https:\/\/www.europesays.com\/es\/wp-json\/wp\/v2\/media?parent=292961"}],"wp:term":[{"taxonomy":"category","embeddable":true,"href":"https:\/\/www.europesays.com\/es\/wp-json\/wp\/v2\/categories?post=292961"},{"taxonomy":"post_tag","embeddable":true,"href":"https:\/\/www.europesays.com\/es\/wp-json\/wp\/v2\/tags?post=292961"}],"curies":[{"name":"wp","href":"https:\/\/api.w.org\/{rel}","templated":true}]}}