{"id":292981,"date":"2025-12-17T15:21:09","date_gmt":"2025-12-17T15:21:09","guid":{"rendered":"https:\/\/www.europesays.com\/es\/292981\/"},"modified":"2025-12-17T15:21:09","modified_gmt":"2025-12-17T15:21:09","slug":"actuaran-los-gobiernos-para-abordar-los-abusos-en-la-mineria","status":"publish","type":"post","link":"https:\/\/www.europesays.com\/es\/292981\/","title":{"rendered":"\u00bfActuar\u00e1n los gobiernos para abordar los abusos en la miner\u00eda?"},"content":{"rendered":"<p>Cuando Norbert Amoya, de 29 a\u00f1os, fue a buscar agua a un r\u00edo del norte de <a href=\"https:\/\/elpais.com\/noticias\/zambia\/\" title=\"https:\/\/elpais.com\/noticias\/zambia\/\" target=\"_self\" rel=\"nofollow noopener\">Zambia<\/a> a principios de este a\u00f1o, <a href=\"https:\/\/www.telegraph.co.uk\/global-health\/climate-and-people\/zambia-river-pollution-china-industrial-investment\/\" rel=\"nofollow noopener\" target=\"_blank\">encontr\u00f3<\/a> una gran cantidad de peces muertos y el agua ten\u00eda un olor extra\u00f1o, seg\u00fan cont\u00f3 a un periodista. La causa fue un grave desastre minero.<\/p>\n<p>El 18 de febrero, una presa de una mina de cobre china se <a href=\"https:\/\/www.hrw.org\/news\/2025\/09\/11\/zambia-acid-spill-jeopardizes-residents-health\" rel=\"nofollow noopener\" target=\"_blank\">rompi\u00f3<\/a> y verti\u00f3 residuos t\u00f3xicos en un afluente del r\u00edo m\u00e1s grande de Zambia, lo que amenaz\u00f3 el ecosistema, puso en peligro el sustento de millones de personas y expuso a las comunidades a <a href=\"https:\/\/www.youtube.com\/watch?v=fw1EoU5-kM8\" rel=\"nofollow noopener\" target=\"_blank\">un grave riesgo<\/a> de c\u00e1ncer y otras enfermedades. Aunque la empresa china ha <a href=\"https:\/\/www.youtube.com\/watch?v=fw1EoU5-kM8\" rel=\"nofollow noopener\" target=\"_blank\">indemnizado<\/a> a varios residentes, el impacto a largo plazo sobre el ecosistema y los medios de vida de la poblaci\u00f3n sigue siendo devastador. Este tipo de desastres se pueden prevenir.<\/p>\n<p>Del 8 al 12 de diciembre, los Estados se reunieron en la Asamblea de las Naciones Unidas para el Medio Ambiente, el m\u00e1ximo \u00f3rgano mundial de <a href=\"https:\/\/elpais.com\/clima-y-medio-ambiente\/2025-12-09\/el-gran-examen-al-medio-ambiente-global-alerta-del-calentamiento-acelerado-estamos-subestimando-la-magnitud-del-cambio-climatico.html\" title=\"https:\/\/elpais.com\/clima-y-medio-ambiente\/2025-12-09\/el-gran-examen-al-medio-ambiente-global-alerta-del-calentamiento-acelerado-estamos-subestimando-la-magnitud-del-cambio-climatico.html\" target=\"_self\" rel=\"nofollow noopener\">formulaci\u00f3n de pol\u00edticas ambientales<\/a>, deliberaron sobre c\u00f3mo hacerlo. El Gobierno colombiano tom\u00f3 la iniciativa al proponer un nuevo tratado mundial para abordar los <a href=\"https:\/\/elpais.com\/noticias\/mineria\/\" title=\"https:\/\/elpais.com\/noticias\/mineria\/\" target=\"_self\" rel=\"nofollow noopener\">riesgos medioambientales de la miner\u00eda<\/a>, incluida la diligencia debida en materia de derechos humanos y la capacidad de rastreo en las cadenas de suministro de minerales. Muchos otros gobiernos, entre ellos los de Armenia, Ecuador, Om\u00e1n y Zambia, pa\u00eds afectado por la contaminaci\u00f3n, se sumaron a la iniciativa, que aboga por una \u201cgesti\u00f3n ambientalmente racional de los minerales y metales\u201d.<\/p>\n<p>A medida que aumenta la demanda de minerales para la transici\u00f3n energ\u00e9tica, la defensa y otras tecnolog\u00edas, es fundamental que los gobiernos de todo el mundo protejan el medio ambiente y garanticen la protecci\u00f3n de los derechos humanos en las cadenas de suministro de todos los metales y minerales, ya sean extra\u00eddos de forma legal o ilegal, en operaciones industriales o a peque\u00f1a escala, para la transici\u00f3n energ\u00e9tica o para otros fines. Se necesitan urgentemente normas obligatorias.<\/p>\n<p>Dado que <a href=\"https:\/\/www.hrw.org\/news\/2025\/07\/30\/us-moves-to-kill-ability-to-regulate-greenhouse-gases\" rel=\"nofollow noopener\" target=\"_blank\">las protecciones medioambientales<\/a> de Estados Unidos y <a href=\"https:\/\/www.hrw.org\/news\/2025\/10\/13\/changes-to-eu-law-will-undermine-corporate-accountability\" rel=\"nofollow noopener\" target=\"_blank\">la ley de cadenas de suministro de la UE<\/a> se est\u00e1n debilitando, esta iniciativa es una medida audaz. Los grupos de la sociedad civil de las zonas afectadas por la miner\u00eda y las organizaciones no gubernamentales internacionales, entre ellas Human Rights Watch, <a href=\"https:\/\/resourcejustice.org\/statement-of-support-for-colombias-proposal-to-introduce-a-unea-resolution-on-mineral-value-chains\/\" rel=\"nofollow noopener\" target=\"_blank\">han apoyado<\/a> la iniciativa de un tratado mundial.<\/p>\n<p>Como primer paso, Colombia y sus aliados han propuesto un grupo de trabajo de la ONU para explorar opciones de medidas vinculantes y no vinculantes. Estos grupos de trabajo han tenido \u00e9xito anteriormente en la puesta en marcha de procesos de tratados, por ejemplo, un tratado de la ONU que obliga a los gobiernos a proteger a la poblaci\u00f3n del mercurio t\u00f3xico.<\/p>\n<p>Pero hubo resistencia y las negociaciones en la cumbre fueron dif\u00edciles. Algunos pa\u00edses, entre ellos Arabia Saud\u00ed, Ir\u00e1n y Rusia, se opusieron a cualquier medida vinculante, e incluso al nombramiento de un grupo de trabajo. Como compromiso, los Estados decidieron convocar \u201cdi\u00e1logos\u201d entre los gobiernos y otras partes interesadas para debatir temas clave como la recuperaci\u00f3n de recursos de residuos mineros y las mejores pr\u00e1cticas para la gesti\u00f3n ambientalmente racional de los minerales y metales.<\/p>\n<p>Estos son peque\u00f1os pasos importantes y positivos, pero ser\u00e1n necesarias normas obligatorias para garantizar que todos los actores de las cadenas de suministro de mineras y minerales respeten los derechos humanos y el medio ambiente. Las medidas voluntarias de las empresas <a href=\"https:\/\/www.weforum.org\/stories\/2013\/01\/reflections-on-the-state-of-business-and-human-rights\/\" rel=\"nofollow noopener\" target=\"_blank\">no son suficientes<\/a> para proteger los derechos humanos y el medio ambiente, como han demostrado repetidamente <a href=\"https:\/\/www.hrw.org\/news\/2022\/11\/15\/social-audits-no-cure-retail-supply-chain-labor-abuse\" rel=\"nofollow noopener\" target=\"_blank\">las investigaciones<\/a> de <a href=\"https:\/\/www.hrw.org\/news\/2024\/02\/01\/china-carmakers-implicated-uyghur-forced-labor\" rel=\"nofollow noopener\" target=\"_blank\">Human Rights Watch<\/a> y <a href=\"https:\/\/www.somo.nl\/our-work\/issues\/human-rights-due-diligence\/#mandatory-human-rights\" rel=\"nofollow noopener\" target=\"_blank\">otras organizaciones<\/a>.<\/p>\n<p>El vertido t\u00f3xico en el norte de Zambia es solo uno de los numerosos accidentes mineros graves. En 2019, el colapso de una presa en una mina de hierro en <a href=\"https:\/\/www.hrw.org\/news\/2019\/01\/30\/trail-death-after-another-dam-collapses-brazil\" rel=\"nofollow noopener\" target=\"_blank\">Brasil<\/a> liber\u00f3 varios millones de metros c\u00fabicos de lodos t\u00f3xicos y caus\u00f3 la muerte de al menos 270 personas. Solo cuatro meses antes del desastre, la filial brasile\u00f1a de una empresa auditora alemana hab\u00eda declarado que la presa era estable. La empresa minera hab\u00eda presionado a los auditores para que certificaran la seguridad de la presa a pesar de los riesgos evidentes, seg\u00fan <a href=\"https:\/\/legis.senado.leg.br\/atividade\/comissoes\/comissao\/2246\/mna\/relatorios\" rel=\"nofollow noopener\" target=\"_blank\">revel\u00f3<\/a> una investigaci\u00f3n del Congreso brasile\u00f1o.<\/p>\n<p>En otros casos, la contaminaci\u00f3n t\u00f3xica y la destrucci\u00f3n del medio ambiente causan da\u00f1os durante per\u00edodos m\u00e1s largos. La exposici\u00f3n al mercurio y otros metales t\u00f3xicos en el contexto de la miner\u00eda ha causado graves riesgos para la salud de las comunidades locales en Per\u00fa, Etiop\u00eda y <a href=\"https:\/\/elpais.com\/planeta-futuro\/2024-10-24\/la-fiebre-del-oro-envenena-el-dorado-africano.html\" title=\"https:\/\/elpais.com\/planeta-futuro\/2024-10-24\/la-fiebre-del-oro-envenena-el-dorado-africano.html\" target=\"_self\" rel=\"nofollow noopener\">Ghana<\/a>. La miner\u00eda tambi\u00e9n ha causado una grave destrucci\u00f3n de la selva <a href=\"https:\/\/news.mongabay.com\/2025\/10\/a-closer-look-at-perus-amazon-reveals-new-mining-trends-deforestation\/\" rel=\"nofollow noopener\" target=\"_blank\">amaz\u00f3nica<\/a>, que absorbe diariamente el di\u00f3xido de carbono de la atm\u00f3sfera, contribuyendo a enfriar el planeta, con consecuencias incalculables para la crisis clim\u00e1tica. Un estudio reciente ha revelado un aumento de <a href=\"https:\/\/www.theguardian.com\/environment\/2025\/oct\/08\/gold-mining-deforestation-peru-amazon\" rel=\"nofollow noopener\" target=\"_blank\">la deforestaci\u00f3n<\/a> en Per\u00fa. Los pueblos ind\u00edgenas, como guardianes del medio ambiente, suelen verse especialmente <a href=\"https:\/\/www.hrw.org\/report\/2025\/07\/08\/congress-in-cahoots\/how-perus-legislature-is-allowing-organized-crime-to-thrive\" rel=\"nofollow noopener\" target=\"_blank\">afectados por la miner\u00eda<\/a> y <a href=\"https:\/\/www.hrw.org\/news\/2025\/02\/06\/us-lithium-mine-permit-violates-indigenous-peoples-rights\" rel=\"nofollow noopener\" target=\"_blank\">sufren violaciones de<\/a> sus derechos.<\/p>\n<p>Adem\u00e1s, la miner\u00eda sigue contribuyendo a la violencia por parte de las fuerzas de seguridad del Estado, los grupos armados o los grupos delictivos. En el Estado venezolano de Bol\u00edvar, los residentes viven con el temor a la violencia de los grupos armados involucrados en el comercio il\u00edcito de oro, incluidas las amputaciones. Las ejecuciones sumarias y el trabajo infantil forzoso por parte de los grupos armados <a href=\"https:\/\/www.crisisgroup.org\/latin-america-caribbean\/andes\/venezuela\/b53-curse-gold-mining-and-violence-venezuelas-south\" rel=\"nofollow noopener\" target=\"_blank\">siguen ocurriendo hoy en d\u00eda<\/a>. Human Rights Watch tambi\u00e9n ha documentado graves actos de violencia en zonas mineras de Per\u00fa, Zimbabue y la Rep\u00fablica Centroafricana.<\/p>\n<p>En el futuro, los gobiernos deben asegurarse de que los di\u00e1logos sobre el impacto medioambiental de la miner\u00eda sean s\u00f3lidos, se centren en los derechos humanos y definan medidas para establecer normas vinculantes.<\/p>\n<p>Nsama Chikwanka, activista de Zambia que particip\u00f3 en las negociaciones de la ONU, declar\u00f3 a Human Rights Watch a ra\u00edz del reciente desastre minero: \u201cSin normas comunes y aplicables, se produce una carrera hacia el abismo que perjudica a las personas y a la naturaleza. Para las regiones mineras de Zambia, esto no es algo abstracto: se trata de agua limpia, residuos m\u00e1s seguros y acuerdos m\u00e1s justos\u201d.<\/p>\n","protected":false},"excerpt":{"rendered":"Cuando Norbert Amoya, de 29 a\u00f1os, fue a buscar agua a un r\u00edo del norte de Zambia a&hellip;\n","protected":false},"author":2,"featured_media":292982,"comment_status":"","ping_status":"","sticky":false,"template":"","format":"standard","meta":{"footnotes":""},"categories":[42],"tags":[17,18,13,14,11,61,62,63,64,19,20,9,10,15,16,12,21,22,65,66,67],"class_list":{"0":"post-292981","1":"post","2":"type-post","3":"status-publish","4":"format-standard","5":"has-post-thumbnail","7":"category-internacional","8":"tag-breaking-news","9":"tag-breakingnews","10":"tag-featured-news","11":"tag-featurednews","12":"tag-headlines","13":"tag-internacional","14":"tag-international","15":"tag-international-news","16":"tag-internationalnews","17":"tag-latest-news","18":"tag-latestnews","19":"tag-news","20":"tag-noticias","21":"tag-noticias-destacadas","22":"tag-noticiasdestacadas","23":"tag-titulares","24":"tag-ultimas-noticias","25":"tag-ultimasnoticias","26":"tag-world","27":"tag-world-news","28":"tag-worldnews"},"share_on_mastodon":{"url":"https:\/\/pubeurope.com\/@es\/115735591872171319","error":""},"_links":{"self":[{"href":"https:\/\/www.europesays.com\/es\/wp-json\/wp\/v2\/posts\/292981","targetHints":{"allow":["GET"]}}],"collection":[{"href":"https:\/\/www.europesays.com\/es\/wp-json\/wp\/v2\/posts"}],"about":[{"href":"https:\/\/www.europesays.com\/es\/wp-json\/wp\/v2\/types\/post"}],"author":[{"embeddable":true,"href":"https:\/\/www.europesays.com\/es\/wp-json\/wp\/v2\/users\/2"}],"replies":[{"embeddable":true,"href":"https:\/\/www.europesays.com\/es\/wp-json\/wp\/v2\/comments?post=292981"}],"version-history":[{"count":0,"href":"https:\/\/www.europesays.com\/es\/wp-json\/wp\/v2\/posts\/292981\/revisions"}],"wp:featuredmedia":[{"embeddable":true,"href":"https:\/\/www.europesays.com\/es\/wp-json\/wp\/v2\/media\/292982"}],"wp:attachment":[{"href":"https:\/\/www.europesays.com\/es\/wp-json\/wp\/v2\/media?parent=292981"}],"wp:term":[{"taxonomy":"category","embeddable":true,"href":"https:\/\/www.europesays.com\/es\/wp-json\/wp\/v2\/categories?post=292981"},{"taxonomy":"post_tag","embeddable":true,"href":"https:\/\/www.europesays.com\/es\/wp-json\/wp\/v2\/tags?post=292981"}],"curies":[{"name":"wp","href":"https:\/\/api.w.org\/{rel}","templated":true}]}}