{"id":293006,"date":"2025-12-17T15:48:13","date_gmt":"2025-12-17T15:48:13","guid":{"rendered":"https:\/\/www.europesays.com\/es\/293006\/"},"modified":"2025-12-17T15:48:13","modified_gmt":"2025-12-17T15:48:13","slug":"la-inflacion-de-la-eurozona-en-noviembre-estable-en-el-21","status":"publish","type":"post","link":"https:\/\/www.europesays.com\/es\/293006\/","title":{"rendered":"La inflaci\u00f3n de la eurozona en noviembre, estable en el 2,1%"},"content":{"rendered":"<p>La Oficina Europea de Estad\u00edstica (Eurostat) ha revisado, este jueves, una d\u00e9cima a la baja<strong> la inflaci\u00f3n de la zona euro del mes noviembre<\/strong>, hasta situarse en el 2,1%. Esto supone que el indicador se mantiene estable tras repetir el dato del mes de octubre, con lo que la subida de los precios en la regi\u00f3n est\u00e1 muy pr\u00f3xima al <strong>objetivo de estabilidad a medio plazo del 2%<\/strong> que ha fijado para este a\u00f1o el Banco Central Europeo (BCE).  Precisamente, el BCE celebra este viernes su \u00faltima reuni\u00f3n del a\u00f1o y los expertos coinciden en que con estos datos de inflaci\u00f3n hay margen suficiente para que el organismo mantenga sin subida los tipos de inter\u00e9s.<\/p>\n<p>Para el conjunto de la Uni\u00f3n Europea, por su parte, la tasa de <strong> inflaci\u00f3n interanual en noviembre ha sido del 2,4%<\/strong>. Se trata de una d\u00e9cima menos a la subida media -entre los Veintisiete- del coste de la vida en octubre. <\/p>\n<p>Lo que apunta esta nueva lectura de los datos de Eurostat es que <strong>el coste de la energ\u00eda en la eurozona<\/strong> ha registrado en noviembre un retroceso interanual del 0,5% tras haber ca\u00eddo un 0,9% en el mes anterior. Adem\u00e1s, los alimentos frescos han repuntado un 3,2%, en la misma l\u00ednea que el mes anterior y una d\u00e9cima menos de lo que se hab\u00eda estimado inicialmente. <\/p>\n<p>Asimismo, los <strong>bienes industriales no energ\u00e9ticos<\/strong> se han encarecido un 0,5% interanual. Supone una d\u00e9cima menos que en octubre y que la primera estimaci\u00f3n, mientras que el coste de los servicios se ha visto incrementado al 3,5% desde el 3,4% de octubre. <\/p>\n<p>Respecto al c\u00e1lculo que excluye el impacto de la energ\u00eda, la inflaci\u00f3n de la zona euro se ha mantenido en el 2,4%. <strong>La tasa subyacente<\/strong>, que adem\u00e1s de  los precios de la energ\u00eda tambi\u00e9n deja fuera del an\u00e1lisis a los alimentos, el alcohol y el tabaco, ha repetido en noviembre en el 2,4%.<\/p>\n<p>Chipre y Ruman\u00eda: cara y cruz de la inflaci\u00f3n<\/p>\n<p>En comparaci\u00f3n con octubre de 2025,  analizados los datos de los Veintisiete, <strong>la inflaci\u00f3n interanual ha disminuido en doce Estados miembros<\/strong>, se mantuvo estable en cinco y  aument\u00f3 en diez. Las tasas de <strong>inflaci\u00f3n anuales m\u00e1s bajas<\/strong> se han registrado en Chipre  (0,1%), Francia (0,8%) e Italia (1,1%), mientras que <strong>las mayores subidas<\/strong> de los precios han sido en Ruman\u00eda (8,6%), Estonia (4,7%) y Croacia (4,3%). <\/p>\n<p><strong>En el caso de Espa\u00f1a<\/strong>, <a href=\"https:\/\/www.rtve.es\/play\/audios\/fin-de-mes\/fin-mes-explicamos-comportamiento-precios\/16856892\/\" rel=\"nofollow noopener\" target=\"_blank\">el alza de los precios en el pen\u00faltimo mes de este a\u00f1o<\/a> ha sido del 3,2%, en l\u00ednea con la subida del mes anterior. Esto ha hecho que se haya mantenido sin cambios la diferencia desfavorable respecto a la zona euro.<\/p>\n","protected":false},"excerpt":{"rendered":"La Oficina Europea de Estad\u00edstica (Eurostat) ha revisado, este jueves, una d\u00e9cima a la baja la inflaci\u00f3n de&hellip;\n","protected":false},"author":2,"featured_media":293007,"comment_status":"","ping_status":"","sticky":false,"template":"","format":"standard","meta":{"footnotes":""},"categories":[80],"tags":[82,95,94,25,24,23],"class_list":{"0":"post-293006","1":"post","2":"type-post","3":"status-publish","4":"format-standard","5":"has-post-thumbnail","7":"category-economia","8":"tag-business","9":"tag-economia","10":"tag-economy","11":"tag-es","12":"tag-espana","13":"tag-spain"},"share_on_mastodon":{"url":"https:\/\/pubeurope.com\/@es\/115735698100547004","error":""},"_links":{"self":[{"href":"https:\/\/www.europesays.com\/es\/wp-json\/wp\/v2\/posts\/293006","targetHints":{"allow":["GET"]}}],"collection":[{"href":"https:\/\/www.europesays.com\/es\/wp-json\/wp\/v2\/posts"}],"about":[{"href":"https:\/\/www.europesays.com\/es\/wp-json\/wp\/v2\/types\/post"}],"author":[{"embeddable":true,"href":"https:\/\/www.europesays.com\/es\/wp-json\/wp\/v2\/users\/2"}],"replies":[{"embeddable":true,"href":"https:\/\/www.europesays.com\/es\/wp-json\/wp\/v2\/comments?post=293006"}],"version-history":[{"count":0,"href":"https:\/\/www.europesays.com\/es\/wp-json\/wp\/v2\/posts\/293006\/revisions"}],"wp:featuredmedia":[{"embeddable":true,"href":"https:\/\/www.europesays.com\/es\/wp-json\/wp\/v2\/media\/293007"}],"wp:attachment":[{"href":"https:\/\/www.europesays.com\/es\/wp-json\/wp\/v2\/media?parent=293006"}],"wp:term":[{"taxonomy":"category","embeddable":true,"href":"https:\/\/www.europesays.com\/es\/wp-json\/wp\/v2\/categories?post=293006"},{"taxonomy":"post_tag","embeddable":true,"href":"https:\/\/www.europesays.com\/es\/wp-json\/wp\/v2\/tags?post=293006"}],"curies":[{"name":"wp","href":"https:\/\/api.w.org\/{rel}","templated":true}]}}