{"id":293008,"date":"2025-12-17T15:49:19","date_gmt":"2025-12-17T15:49:19","guid":{"rendered":"https:\/\/www.europesays.com\/es\/293008\/"},"modified":"2025-12-17T15:49:19","modified_gmt":"2025-12-17T15:49:19","slug":"la-orquesta-y-coro-rtve-ofrece-su-tradicional-concierto-de-navidad","status":"publish","type":"post","link":"https:\/\/www.europesays.com\/es\/293008\/","title":{"rendered":"La Orquesta y Coro RTVE ofrece su tradicional concierto de Navidad"},"content":{"rendered":"<p style=\"text-align:justify;\">La <strong><a href=\"https:\/\/www.rtve.es\/orquesta-coro\/\" rel=\"nofollow noopener\" target=\"_blank\">Orquesta Sinf\u00f3nica y Coro RTVE<\/a><\/strong> celebra la Navidad con su tradicional concierto, en el que interpretar\u00e1 una de las obras corales m\u00e1s conocidas y queridas de la m\u00fasica cl\u00e1sica, \u2018<strong>El Mes\u00edas\u2019<\/strong> de H\u00e4ndel, dirigida por el maestro <strong>Carlos Mena<\/strong>. <\/p>\n<p style=\"text-align:justify;\">Este concierto extraordinario tendr\u00e1 lugar en la Capilla del Palacio Real el 18 de diciembre y los espectadores podr\u00e1n tambi\u00e9n disfrutarlo el d\u00eda de Nochebuena a las 20:00 en La 2. <\/p>\n<p style=\"text-align:justify;\">El maestro <strong>Carlos Mena<\/strong> ser\u00e1 el encargado de conducir a la Orquesta y Coro RTVE. No s\u00f3lo estar\u00e1 al frente del concierto, sino que <strong>tambi\u00e9n lo interpretar\u00e1 como contratenor.<\/strong> Le acompa\u00f1ar\u00e1n como solistas <strong>Igor Peral<\/strong> (tenor), <strong>Luc\u00eda Mart\u00edn<\/strong> (soprano) y <strong>V\u00edctor Cruz<\/strong> (bar\u00edtono) para dar vida al oratorio m\u00e1s interpretado en Navidad y Adviento en todo el mundo.<\/p>\n<p style=\"text-align:justify;\"><strong>H\u00e4ndel<\/strong> escribi\u00f3 \u2018El Mes\u00edas\u2019 para conjuntos vocales e instrumentales peque\u00f1os, pero en a\u00f1os posteriores a su muerte, se adapt\u00f3 la obra para ser interpretada a una escala mucho mayor, con orquestas y coros grandes. Uno de los que revis\u00f3 y ampli\u00f3 esa orquestaci\u00f3n fue Wolfgang Amadeus Mozart.  <\/p>\n","protected":false},"excerpt":{"rendered":"La Orquesta Sinf\u00f3nica y Coro RTVE celebra la Navidad con su tradicional concierto, en el que interpretar\u00e1 una&hellip;\n","protected":false},"author":2,"featured_media":293009,"comment_status":"","ping_status":"","sticky":false,"template":"","format":"standard","meta":{"footnotes":""},"categories":[42],"tags":[17,18,13,14,11,61,62,63,64,19,20,9,10,15,16,12,21,22,65,66,67],"class_list":{"0":"post-293008","1":"post","2":"type-post","3":"status-publish","4":"format-standard","5":"has-post-thumbnail","7":"category-internacional","8":"tag-breaking-news","9":"tag-breakingnews","10":"tag-featured-news","11":"tag-featurednews","12":"tag-headlines","13":"tag-internacional","14":"tag-international","15":"tag-international-news","16":"tag-internationalnews","17":"tag-latest-news","18":"tag-latestnews","19":"tag-news","20":"tag-noticias","21":"tag-noticias-destacadas","22":"tag-noticiasdestacadas","23":"tag-titulares","24":"tag-ultimas-noticias","25":"tag-ultimasnoticias","26":"tag-world","27":"tag-world-news","28":"tag-worldnews"},"share_on_mastodon":{"url":"https:\/\/pubeurope.com\/@es\/115735702064139511","error":""},"_links":{"self":[{"href":"https:\/\/www.europesays.com\/es\/wp-json\/wp\/v2\/posts\/293008","targetHints":{"allow":["GET"]}}],"collection":[{"href":"https:\/\/www.europesays.com\/es\/wp-json\/wp\/v2\/posts"}],"about":[{"href":"https:\/\/www.europesays.com\/es\/wp-json\/wp\/v2\/types\/post"}],"author":[{"embeddable":true,"href":"https:\/\/www.europesays.com\/es\/wp-json\/wp\/v2\/users\/2"}],"replies":[{"embeddable":true,"href":"https:\/\/www.europesays.com\/es\/wp-json\/wp\/v2\/comments?post=293008"}],"version-history":[{"count":0,"href":"https:\/\/www.europesays.com\/es\/wp-json\/wp\/v2\/posts\/293008\/revisions"}],"wp:featuredmedia":[{"embeddable":true,"href":"https:\/\/www.europesays.com\/es\/wp-json\/wp\/v2\/media\/293009"}],"wp:attachment":[{"href":"https:\/\/www.europesays.com\/es\/wp-json\/wp\/v2\/media?parent=293008"}],"wp:term":[{"taxonomy":"category","embeddable":true,"href":"https:\/\/www.europesays.com\/es\/wp-json\/wp\/v2\/categories?post=293008"},{"taxonomy":"post_tag","embeddable":true,"href":"https:\/\/www.europesays.com\/es\/wp-json\/wp\/v2\/tags?post=293008"}],"curies":[{"name":"wp","href":"https:\/\/api.w.org\/{rel}","templated":true}]}}