{"id":293023,"date":"2025-12-17T16:09:08","date_gmt":"2025-12-17T16:09:08","guid":{"rendered":"https:\/\/www.europesays.com\/es\/293023\/"},"modified":"2025-12-17T16:09:08","modified_gmt":"2025-12-17T16:09:08","slug":"video-de-tatiana-shmayluk-de-jinjer-interpretando-duel-horarios-para-el-concierto-de-wormed-haemorrhage-y-discerptus-regrabacion-de-unity","status":"publish","type":"post","link":"https:\/\/www.europesays.com\/es\/293023\/","title":{"rendered":"V\u00eddeo de Tatiana Shmayluk de JINJER interpretando \u201cDuel\u201d. Horarios para el concierto de WORMED, HAEMORRHAGE y DISCERPTUS. Regrabaci\u00f3n de UNITY."},"content":{"rendered":"<p>\u00a0<\/p>\n<p style=\"text-align: center;\"><strong><a href=\"#JINJER\">V\u00eddeo de Tatiana Shmayluk de JINJER interpretando \u201cDuel\u201d<\/a> \u2013 <a href=\"#WORMED\">Horarios para el concierto de WORMED, HAEMORRHAGE y DISCERPTUS<\/a> \u2013 <a href=\"#UNITY\">Regrabaci\u00f3n de UNITY<\/a>.<\/strong><\/p>\n<p>A continuaci\u00f3n ten\u00e9is un v\u00eddeo de la cantante de <a href=\"https:\/\/jinjer-metal.com\/\" target=\"_blank\" rel=\"noopener nofollow\"><strong>JINJER<\/strong><\/a>\u00a0Tatiana Shmayluk interpretando su <a href=\"https:\/\/www.rafabasa.com\/2025\/11\/03\/jinjer-estrenan-video-en-directo-para-duel\/\" rel=\"nofollow noopener\" target=\"_blank\">\u00faltimo single<\/a> \u201cDuel\u201d en una sola toma.<\/p>\n<p>Estas son las pr\u00f3ximas fechas del grupo en nuestro pa\u00eds:<\/p>\n<ul type=\"disc\">\n<li>D\u00eda 7 de febrero \u2013 Sala Wagon \u2013 MADRID<\/li>\n<li>D\u00eda 8 de febrero \u2013 Sala Santana 27 \u2013 BILBAO<\/li>\n<\/ul>\n<p>Su nuevo disco \u201cDuel\u201d sali\u00f3 el 7 de febrero a trav\u00e9s de Napalm Records.<\/p>\n<p>Todos los detalles en esta <a href=\"https:\/\/www.rafabasa.com\/2024\/10\/24\/jinjer-anuncian-nuevo-disco-y-single\/\" target=\"_blank\" rel=\"noopener nofollow\">noticia<\/a> y los v\u00eddeos aparecidos en <a href=\"https:\/\/www.rafabasa.com\/2025\/05\/05\/jinjer-art-nation-kix\/#JINJER\" target=\"_blank\" rel=\"noopener nofollow\">esta<\/a>.<\/p>\n<p>\u00a0<\/p>\n<p>\u00a0<\/p>\n<p>Estos son los horarios para el pr\u00f3ximo concierto de WORMED, HAEMORRHAGE y DISCERPTUS en la sala Revi Live de Madrid el s\u00e1bado 20.<\/p>\n<ul>\n<li>WORMED 22:25<\/li>\n<li>HAEMORRHAGE 21:00<\/li>\n<li>DISCERPTUS 20:00<\/li>\n<\/ul>\n<p>Las puertas se abren a las 19:30.<\/p>\n<p>En este <a href=\"https:\/\/www.rafabasa.com\/2024\/07\/04\/megadeth-wormed-inferno-festival\/#WORMED\" target=\"_blank\" rel=\"noopener nofollow\">bloque<\/a> pod\u00e9is escuchar \u00edntegro el \u00faltimo disco de <strong>WORMED<\/strong> \u201cOmegon\u201d aparecido el 5 de julio de 2024 a trav\u00e9s de Season Of Mist.<\/p>\n<p>Todos los detalles en esta <a href=\"https:\/\/www.rafabasa.com\/2024\/05\/02\/accept-dark-tranquillity-wormed\/#WORMED\" target=\"_blank\" rel=\"noopener nofollow\">noticia<\/a>.<\/p>\n<p>El nuevo EP de <strong>HAEMORRHAGE<\/strong> \u201cOpera Medica\u201d aparecido el 25 de abril a trav\u00e9s de Hells Headbangers\u00a0puede escucharse \u00edntegro en este <a href=\"https:\/\/www.rafabasa.com\/2025\/04\/29\/metallica-haemorrhage-sankt-velten\/#HAEMORRHAGE\" rel=\"nofollow noopener\" target=\"_blank\">bloque<\/a>.<\/p>\n<p>Todos los detalles del \u00e1lbum en esta <a href=\"https:\/\/www.rafabasa.com\/2025\/03\/04\/bruce-dickinson-epica-haemorrhage\/#HAEMORRHAGE\" rel=\"nofollow noopener\" target=\"_blank\">noticia<\/a>.<\/p>\n<p><strong>DISCERPTUS<\/strong> han estrenado <a href=\"https:\/\/www.rafabasa.com\/2025\/12\/15\/iron-maiden-joe-satriani-steve-vai-discerptus\/#DISCERPTUS\" rel=\"nofollow noopener\" target=\"_blank\">tres singles<\/a> hasta la fecha.<\/p>\n<p>\u00a0<\/p>\n<p>\u00a0<\/p>\n<p><strong>UNITY<\/strong> han regrabado varios temas compuestos entre los a\u00f1os 2005 y 2008.<\/p>\n<p>A continuaci\u00f3n ten\u00e9is el primero de esos temas \u201cBlack Messiah\u201d.<\/p>\n<p><strong>UNITY<\/strong> est\u00e1 formado actualmente por Jose Vilaplana a las voces, David Vall\u00e9s y Armando Garc\u00eda a las guitarras, Juan Carlos Garc\u00eda al bajo y Germ\u00e1n Rubio a la bater\u00eda.<\/p>\n<p>\u00a0<\/p>\n<p align=\"center\"><strong>Sigue el\u00a0<a href=\"https:\/\/whatsapp.com\/channel\/0029VaCprxVBA1f555USvT2O\" target=\"_blank\" rel=\"nofollow noopener\">Canal de RAFABASA.COM en WhatsApp<\/a>, donde encontrar\u00e1s todas nuestras novedades al instante<\/strong><\/p>\n<p>\u00a0<\/p>\n<p>\u00a0<\/p>\n<p>\u00a0<\/p>\n<p>\u00a0<\/p>\n","protected":false},"excerpt":{"rendered":"\u00a0 V\u00eddeo de Tatiana Shmayluk de JINJER interpretando \u201cDuel\u201d \u2013 Horarios para el concierto de WORMED, HAEMORRHAGE y&hellip;\n","protected":false},"author":2,"featured_media":293024,"comment_status":"","ping_status":"","sticky":false,"template":"","format":"standard","meta":{"footnotes":""},"categories":[170],"tags":[146,147,25,24,70093,184,185,23,70094,70095],"class_list":{"0":"post-293023","1":"post","2":"type-post","3":"status-publish","4":"format-standard","5":"has-post-thumbnail","7":"category-musica","8":"tag-entertainment","9":"tag-entretenimiento","10":"tag-es","11":"tag-espana","12":"tag-jinjer","13":"tag-music","14":"tag-musica","15":"tag-spain","16":"tag-unity","17":"tag-wormed"},"share_on_mastodon":{"url":"https:\/\/pubeurope.com\/@es\/115735780902951325","error":""},"_links":{"self":[{"href":"https:\/\/www.europesays.com\/es\/wp-json\/wp\/v2\/posts\/293023","targetHints":{"allow":["GET"]}}],"collection":[{"href":"https:\/\/www.europesays.com\/es\/wp-json\/wp\/v2\/posts"}],"about":[{"href":"https:\/\/www.europesays.com\/es\/wp-json\/wp\/v2\/types\/post"}],"author":[{"embeddable":true,"href":"https:\/\/www.europesays.com\/es\/wp-json\/wp\/v2\/users\/2"}],"replies":[{"embeddable":true,"href":"https:\/\/www.europesays.com\/es\/wp-json\/wp\/v2\/comments?post=293023"}],"version-history":[{"count":0,"href":"https:\/\/www.europesays.com\/es\/wp-json\/wp\/v2\/posts\/293023\/revisions"}],"wp:featuredmedia":[{"embeddable":true,"href":"https:\/\/www.europesays.com\/es\/wp-json\/wp\/v2\/media\/293024"}],"wp:attachment":[{"href":"https:\/\/www.europesays.com\/es\/wp-json\/wp\/v2\/media?parent=293023"}],"wp:term":[{"taxonomy":"category","embeddable":true,"href":"https:\/\/www.europesays.com\/es\/wp-json\/wp\/v2\/categories?post=293023"},{"taxonomy":"post_tag","embeddable":true,"href":"https:\/\/www.europesays.com\/es\/wp-json\/wp\/v2\/tags?post=293023"}],"curies":[{"name":"wp","href":"https:\/\/api.w.org\/{rel}","templated":true}]}}