{"id":293037,"date":"2025-12-17T16:16:14","date_gmt":"2025-12-17T16:16:14","guid":{"rendered":"https:\/\/www.europesays.com\/es\/293037\/"},"modified":"2025-12-17T16:16:14","modified_gmt":"2025-12-17T16:16:14","slug":"el-divertido-momento-viral-de-giorgia-meloni-al-conocer-al-presidente-de-mozambique","status":"publish","type":"post","link":"https:\/\/www.europesays.com\/es\/293037\/","title":{"rendered":"El divertido momento viral de Giorgia Meloni al conocer al presidente de Mozambique"},"content":{"rendered":"<p class=\"c-paragraph\">La presidenta de Italia, Giorgia Meloni, ha protagonizado un momento viral por su inusual reacci\u00f3n al conocer al presidente de Mozambique, Daniel Chapo, que <b>mide m\u00e1s de dos metros de altura.<\/b> Por comparar, la estatura de la italiana es de alrededor de 160cm.<\/p>\n<p class=\"c-paragraph\">Al aproxim\u00e1rsele Chapo, Meloni ha esbozado una<b> expresi\u00f3n facial de asombro<\/b>, mir\u00e1ndole al rostro (y, por tanto, orientando la cara hacia arriba). Despu\u00e9s ha pronunciado unas palabras que no han sido captadas por los micr\u00f3fonos y, al estrecharle la mano, ha echado a re\u00edr.\u00a0<\/p>\n<p class=\"c-paragraph\">La situaci\u00f3n ha cobrado pronto car\u00e1cter viral, y numerosos usuarios han compartido un v\u00eddeo del momento junto con otras fotograf\u00edas, tomadas en planos que enfatizan<b> la diferencia de estatura corporal <\/b>entre los dos dirigentes.<\/p>\n<p class=\"c-paragraph\">El encuentro, celebrado en el Palacio Chigi de Roma, ten\u00eda como objeto tratar varias <b>iniciativas conjuntas entre los dos pa\u00edses<\/b>, contempladas en el Plan Mattei que propulsa Italia. Entre ellas, se encuentran cuestiones estrat\u00e9gicas como el acceso a la energ\u00eda, la agricultura sostenible o la formaci\u00f3n profesional, el apoyo a la digitalizaci\u00f3n y el fortalecimiento de los servicios de salud, se\u00f1ala el texto.<\/p>\n","protected":false},"excerpt":{"rendered":"La presidenta de Italia, Giorgia Meloni, ha protagonizado un momento viral por su inusual reacci\u00f3n al conocer al&hellip;\n","protected":false},"author":2,"featured_media":293038,"comment_status":"","ping_status":"","sticky":false,"template":"","format":"standard","meta":{"footnotes":""},"categories":[42],"tags":[17,18,15732,13,14,1742,11,61,62,63,64,19,20,1743,2812,9,10,15,16,12,21,22,4619,65,66,67],"class_list":{"0":"post-293037","1":"post","2":"type-post","3":"status-publish","4":"format-standard","5":"has-post-thumbnail","7":"category-internacional","8":"tag-breaking-news","9":"tag-breakingnews","10":"tag-divertido","11":"tag-featured-news","12":"tag-featurednews","13":"tag-giorgia","14":"tag-headlines","15":"tag-internacional","16":"tag-international","17":"tag-international-news","18":"tag-internationalnews","19":"tag-latest-news","20":"tag-latestnews","21":"tag-meloni","22":"tag-momento","23":"tag-news","24":"tag-noticias","25":"tag-noticias-destacadas","26":"tag-noticiasdestacadas","27":"tag-titulares","28":"tag-ultimas-noticias","29":"tag-ultimasnoticias","30":"tag-viral","31":"tag-world","32":"tag-world-news","33":"tag-worldnews"},"share_on_mastodon":{"url":"https:\/\/pubeurope.com\/@es\/115735808312679898","error":""},"_links":{"self":[{"href":"https:\/\/www.europesays.com\/es\/wp-json\/wp\/v2\/posts\/293037","targetHints":{"allow":["GET"]}}],"collection":[{"href":"https:\/\/www.europesays.com\/es\/wp-json\/wp\/v2\/posts"}],"about":[{"href":"https:\/\/www.europesays.com\/es\/wp-json\/wp\/v2\/types\/post"}],"author":[{"embeddable":true,"href":"https:\/\/www.europesays.com\/es\/wp-json\/wp\/v2\/users\/2"}],"replies":[{"embeddable":true,"href":"https:\/\/www.europesays.com\/es\/wp-json\/wp\/v2\/comments?post=293037"}],"version-history":[{"count":0,"href":"https:\/\/www.europesays.com\/es\/wp-json\/wp\/v2\/posts\/293037\/revisions"}],"wp:featuredmedia":[{"embeddable":true,"href":"https:\/\/www.europesays.com\/es\/wp-json\/wp\/v2\/media\/293038"}],"wp:attachment":[{"href":"https:\/\/www.europesays.com\/es\/wp-json\/wp\/v2\/media?parent=293037"}],"wp:term":[{"taxonomy":"category","embeddable":true,"href":"https:\/\/www.europesays.com\/es\/wp-json\/wp\/v2\/categories?post=293037"},{"taxonomy":"post_tag","embeddable":true,"href":"https:\/\/www.europesays.com\/es\/wp-json\/wp\/v2\/tags?post=293037"}],"curies":[{"name":"wp","href":"https:\/\/api.w.org\/{rel}","templated":true}]}}