{"id":293039,"date":"2025-12-17T16:17:13","date_gmt":"2025-12-17T16:17:13","guid":{"rendered":"https:\/\/www.europesays.com\/es\/293039\/"},"modified":"2025-12-17T16:17:13","modified_gmt":"2025-12-17T16:17:13","slug":"instrucciones-generales-e-informacion-para-la-realizacion-de-la-segunda-prueba-del-proceso-selectivo-del-cuerpo-superior-de-tecnicos-tributarios-atc04-agencia-tributaria-de-cataluna","status":"publish","type":"post","link":"https:\/\/www.europesays.com\/es\/293039\/","title":{"rendered":"Instrucciones generales e informaci\u00f3n para la realizaci\u00f3n de la segunda prueba del proceso selectivo del cuerpo superior de t\u00e9cnicos tributarios (ATC04). Agencia Tributaria de Catalu\u00f1a"},"content":{"rendered":"<p>&#13;<br \/>\n                            17\/12\/2025&#13;\n                        <\/p>\n<p>Se han publicado en la <a href=\"https:\/\/atc.gencat.cat\/es\/agencia\/convoc\/cossostributaris\/cstt\/index.html\" rel=\"nofollow noopener\" target=\"_blank\">sede electr\u00f3nica<\/a> de la ATC las instrucciones generales y la informaci\u00f3n referentes a la realizaci\u00f3n de la segunda prueba (primer y segundo ejercicio: tests de conocimientos) del proceso selectivo para cubrir 20 plazas del cuerpo superior de t\u00e9cnicos tributarios de la Generalitat de Catalunya (grupo A, subgrupo A1) (n\u00fam. de registro de la convocatoria ATC04):<\/p>\n<ul>\n<li>Para acceder al aula y realizar la prueba, las personas aspirantes tienen que acreditar previamente su identidad con el original del documento nacional de identidad, permiso de conducir o pasaporte.<\/li>\n<li>Distribuci\u00f3n de personas aspirantes por aulas y accesos.<\/li>\n<li>Instrucciones generales para realizar la prueba.<\/li>\n<li>Medidas de emergencia y plano de evacuaci\u00f3n del edificio.<\/li>\n<\/ul>\n<p>La segunda prueba tendr\u00e1 lugar el d\u00eda <strong>20 de diciembre de 2025<\/strong>, a las <strong>9.30 h<\/strong>, en el <a href=\"https:\/\/www.google.com\/maps\/place\/Espai+Bital\/@41.4300463,2.1561344,15z\/data=!3m1!4b1!4m6!3m5!1s0x12a49995dc2fe09d:0x226f0bedabf03b8d!8m2!3d41.3512972!4d2.1240366!16s%2Fg%2F11h32hgsqm?entry=ttu&amp;g_ep=EgoyMDI1MTExNy4wIKXMDSoASAFQAw%3D%3D\" target=\"_blank\" rel=\"noopener nofollow\">Espai Bital<\/a>, c. de Jos\u00e9 Agust\u00edn Goytisolo, 22-28, 08908 L&#8217;Hospitalet de Llobregat, Barcelona.<\/p>\n<p>\t\t\t<img loading=\"lazy\" decoding=\"async\" src=\"https:\/\/www.europesays.com\/es\/wp-content\/uploads\/2025\/10\/examen-Th-ATC-400x110.jpg_444394547.jpg\" width=\"400\" height=\"110\" alt=\"Imagen decorativa\" class=\"widthResponsiveATC\"\/><\/p>\n","protected":false},"excerpt":{"rendered":"&#13; 17\/12\/2025&#13; Se han publicado en la sede electr\u00f3nica de la ATC las instrucciones generales y la informaci\u00f3n&hellip;\n","protected":false},"author":2,"featured_media":183488,"comment_status":"","ping_status":"","sticky":false,"template":"","format":"standard","meta":{"footnotes":""},"categories":[8],"tags":[17,18,25,24,13,14,11,19,20,9,10,15,16,23,12,21,22],"class_list":{"0":"post-293039","1":"post","2":"type-post","3":"status-publish","4":"format-standard","5":"has-post-thumbnail","7":"category-espana","8":"tag-breaking-news","9":"tag-breakingnews","10":"tag-es","11":"tag-espana","12":"tag-featured-news","13":"tag-featurednews","14":"tag-headlines","15":"tag-latest-news","16":"tag-latestnews","17":"tag-news","18":"tag-noticias","19":"tag-noticias-destacadas","20":"tag-noticiasdestacadas","21":"tag-spain","22":"tag-titulares","23":"tag-ultimas-noticias","24":"tag-ultimasnoticias"},"share_on_mastodon":{"url":"https:\/\/pubeurope.com\/@es\/115735812411522213","error":""},"_links":{"self":[{"href":"https:\/\/www.europesays.com\/es\/wp-json\/wp\/v2\/posts\/293039","targetHints":{"allow":["GET"]}}],"collection":[{"href":"https:\/\/www.europesays.com\/es\/wp-json\/wp\/v2\/posts"}],"about":[{"href":"https:\/\/www.europesays.com\/es\/wp-json\/wp\/v2\/types\/post"}],"author":[{"embeddable":true,"href":"https:\/\/www.europesays.com\/es\/wp-json\/wp\/v2\/users\/2"}],"replies":[{"embeddable":true,"href":"https:\/\/www.europesays.com\/es\/wp-json\/wp\/v2\/comments?post=293039"}],"version-history":[{"count":0,"href":"https:\/\/www.europesays.com\/es\/wp-json\/wp\/v2\/posts\/293039\/revisions"}],"wp:featuredmedia":[{"embeddable":true,"href":"https:\/\/www.europesays.com\/es\/wp-json\/wp\/v2\/media\/183488"}],"wp:attachment":[{"href":"https:\/\/www.europesays.com\/es\/wp-json\/wp\/v2\/media?parent=293039"}],"wp:term":[{"taxonomy":"category","embeddable":true,"href":"https:\/\/www.europesays.com\/es\/wp-json\/wp\/v2\/categories?post=293039"},{"taxonomy":"post_tag","embeddable":true,"href":"https:\/\/www.europesays.com\/es\/wp-json\/wp\/v2\/tags?post=293039"}],"curies":[{"name":"wp","href":"https:\/\/api.w.org\/{rel}","templated":true}]}}