{"id":293058,"date":"2025-12-17T16:35:08","date_gmt":"2025-12-17T16:35:08","guid":{"rendered":"https:\/\/www.europesays.com\/es\/293058\/"},"modified":"2025-12-17T16:35:08","modified_gmt":"2025-12-17T16:35:08","slug":"el-documental-navarro-kantauri-candidato-a-los-goya-se-proyecta-en-madrid-euskadi-y-navarra","status":"publish","type":"post","link":"https:\/\/www.europesays.com\/es\/293058\/","title":{"rendered":"El documental navarro &#8216;Kantauri&#8217;, candidato a los Goya, se proyecta en Madrid, Euskadi y Navarra"},"content":{"rendered":"<p>\n        El largometraje documental <strong>Kantauri<\/strong>\u00a0de los navarros\u00a0<strong>Xabier Mina e Isa\u00edas Cruz,\u00a0<\/strong>que invita a sumergirse en el universo profundo, misterioso y vulnerable del <a href=\"https:\/\/www.noticiasdenavarra.com\/tags\/mar-cantabrico\/\" title=\"Mar Cant\u00e1brico\" class=\"link copy\" rel=\"nofollow noopener\" target=\"_blank\">Mar Cant\u00e1brico<\/a>, contin\u00faa su recorrido con varias <strong>proyecciones especiales en diciembre<\/strong> programas en <strong>Madrid, Bilbao, San Sebasti\u00e1n y Navarra,<\/strong> coincidiendo con un momento clave de su campa\u00f1a como <strong>candidato a los <\/strong><a href=\"https:\/\/www.noticiasdenavarra.com\/tags\/premios-goya\/\" title=\"Premios Goya 2026\" class=\"link copy\" rel=\"nofollow noopener\" target=\"_blank\"><strong>Premios Goya 2026<\/strong><\/a><strong>\u00a0<\/strong>en las categor\u00edas de <strong>Mejor Pel\u00edcula Documental, Mejor Sonido y Mejor M\u00fasica Original.<\/strong>\n<\/p>\n<p>  <strong>Un ecosistema vivo y cambiante<\/strong><\/p>\n<p class=\"article-body__text \">\n        Escrito por <strong>Xabier Mina y Beatriz Iso,<\/strong>Kantauri es una obra de 70 minutos que combina <strong>ciencia, arte y emoci\u00f3n <\/strong>para acercar al espectador a uno de los mares m\u00e1s singulares y menos representados del planeta. A trav\u00e9s de una mirada respetuosa y profundamente sensorial, el documental <strong>pone en valor la riqueza de un ecosistema vivo y cambiante <\/strong>que, como recuerda su narraci\u00f3n, est\u00e1 \u00edntimamente ligado a la vida humana y a su futuro.\n<\/p>\n<p class=\"article-photo__footer\">\n            Las im\u00e1genes de &#8216;Kantauri&#8217; son de una belleza po\u00e9tica.            Cedida        <\/p>\n<p class=\"article-body__text \">\n        Con una propuesta que <strong>trasciende el registro cient\u00edfico <\/strong>para convertirse en una aut\u00e9ntica experiencia cinematogr\u00e1fica y sensorial, Kantauri se consolida como <strong>una de las obras documentales m\u00e1s singulares del a\u00f1o dentro del panorama audiovisual espa\u00f1ol.<\/strong>\n<\/p>\n<p>\t\t\t<strong>PROYECCIONES ESPECIALES \u2013 DICIEMBRE 2025<\/strong><\/p>\n<ul>\n<li><strong>19 de diciembre \u2013 Burguete (Navarra): Casa de Cultura \u2014 19.00 horas. Proyecci\u00f3n enmarcada en el ciclo \u2018Au\u00f1amendi Zinema\u2019.oras. <\/strong><\/li>\n<li><strong>20\u00a0de diciembre \u2013 Bilbao: Bilboko Itsas Museoa \/ Museo Mar\u00edtimo \u2014 19.30 h. Proyecci\u00f3n abierta al p\u00fablico y a representantes de instituciones culturales y ambientales del Pa\u00eds Vasco, seguida de un breve coloquio.<\/strong><\/li>\n<li><strong>22 de diciembre \u2013 Donostia \/ San Sebasti\u00e1n: Donostia Aquarium \u2014 18.00 h. Proyecci\u00f3n inmersiva en el museo oce\u00e1nico de la ciudad, en un entorno especialmente vinculado al universo del documental, acompa\u00f1ada de una presentaci\u00f3n especial.<\/strong><\/li>\n<li><strong>22 de diciembre \u2013 Madrid: Academia de Cine \u2014 10.25 h. Sesi\u00f3n dirigida especialmente a acad\u00e9micos.<\/strong><\/li>\n<li><strong>26 de enero \u2013 Alsasua (Navarra)<\/strong><\/li>\n<\/ul>\n<p class=\"article-body__text \">\n        Producido por <strong>601 Producciones Audiovisuales S.L.<\/strong> (Anwar, Ainarak, Awards) y<strong>\u00a0Dibulitoon Studio <\/strong>(Natura fugit, Robotia, Las vacaciones de Yoko), con fotograf\u00eda de <strong>Ignacio Maquirriain e Isa\u00edas Cruz<\/strong>, Kantauri es un film que invita no solo a mirar el mar, sino a escucharlo, sentirlo y comprenderlo. La pel\u00edcula cuenta con el apoyo del <strong>Gobierno Vasco, la Diputaci\u00f3n Foral de Gipuzkoa y el Gobierno de Navarra<\/strong>, y la participaci\u00f3n de <strong>EITB<\/strong>. Distribuye<strong> Barton Films<\/strong>.\n<\/p>\n<p>  <strong>Un viaje \u00fanico al coraz\u00f3n del Cant\u00e1brico<\/strong><\/p>\n<p class=\"article-body__text \">\n        <strong>Kantauri <\/strong>propone una <strong>inmersi\u00f3n progresiva<\/strong> que comienza en las zonas intermareales, donde la vida se adapta al pulso constante de las mareas, y se adentra hasta las profundidades abisales, un territorio apenas explorado y lleno de formas de vida sorprendentes. A trav\u00e9s de im\u00e1genes submarinas in\u00e9ditas, rodadas con una sensibilidad est\u00e9tica excepcional,<strong> el documental revela la extraordinaria biodiversidad del Cant\u00e1brico y la delicada interdependencia de sus ecosistemas.<\/strong>\n<\/p>\n<p class=\"article-body__text \">\n        M\u00e1s all\u00e1 de su valor divulgativo, la pel\u00edcula construye un <strong>relato contemplativo y emocional que invita a reflexionar sobre la relaci\u00f3n hist\u00f3rica, cultural y simb\u00f3lica entre el ser humano y el mar.<\/strong> El Cant\u00e1brico aparece as\u00ed no solo como un espacio natural, sino como un territorio de memoria, identidad y pertenencia, hoy amenazado por el impacto de la actividad humana y el cambio clim\u00e1tico.\n<\/p>\n<p class=\"article-body__text \">\n        Los textos del escritor <strong>Patxi Zubizarreta<\/strong> aportan una dimensi\u00f3n po\u00e9tica e introspectiva que acompa\u00f1a las im\u00e1genes y transforma el paisaje marino en un espacio emocional, casi on\u00edrico, donde ciencia y sensibilidad dialogan de forma constante.\n<\/p>\n<p>  <strong>Una experiencia sonora y musical excepcional<\/strong><\/p>\n<p class=\"article-body__text \">\n        Uno de los pilares fundamentales de Kantauri es su cuidada dimensi\u00f3n sonora. La <strong>banda sonora original,<\/strong> compuesta por <strong>Joseba Beristain <\/strong>(Unicorn Wars, Decorado, Elcano y Magallanes, la primera vuelta al mundo), destaca por su <strong>profundidad emocional, su riqueza de matices y su integraci\u00f3n org\u00e1nica con la imagen.<\/strong> Interpretada por la <strong>Orquesta de Bratislava<\/strong>, la m\u00fasica envuelve al espectador en una <strong>atm\u00f3sfera hipn\u00f3tica <\/strong>que acompa\u00f1a el viaje submarino con elegancia y fuerza narrativa.\n<\/p>\n<p class=\"article-body__text \">\n        La partitura cuenta adem\u00e1s con la voz de <strong>Aiora Renter\u00eda<\/strong>, cantante del emblem\u00e1tico grupo <strong>Zea Mays<\/strong>, cuya interpretaci\u00f3n aporta una carga expresiva y una sensibilidad \u00fanicas a los temas principales del film.\n<\/p>\n<p class=\"article-body__text \">\n        El dise\u00f1o sonoro, que firma <strong>Koldo Corella <\/strong>(Maspalomas, 20.000 especies de abejas), recrea la riqueza del Cant\u00e1brico mediante grabaciones reales y un tratamiento t\u00e9cnico minucioso que permite percibir corrientes, movimientos y presencias invisibles. Su experiencia habitual en trabajos de animaci\u00f3n con <strong>Dibulitoon Studio <\/strong>se traslada aqu\u00ed a Kantauri, aportando una mayor expresividad narrativa al sonido. Este trabajo ha sido especialmente reconocido en su candidatura a los Premios Goya, consolidando a Kantauri como una obra donde <strong>el sonido no acompa\u00f1a, sino que narra y emociona<\/strong>.\n<\/p>\n<p>  <strong>Candidaturas a los Premios Goya 2026<\/strong><\/p>\n<p class=\"article-body__text \">\n        Disponible en la plataforma <a href=\"https:\/\/nuevecartas.us8.list-manage.com\/track\/click?u=5c254b7ab8e89bff33f039588&amp;id=ca200d430e&amp;e=4cfbe67063\" title=\"VEOMAC\" rel=\"nofollow noopener\" class=\"link copy\" target=\"_blank\"><strong>VEOMAC<\/strong><\/a>, Kantauri es candidato a los Premios Goya 2026\u00a0en las siguientes categor\u00edas:\n<\/p>\n<ul class=\"article-body__text article-list article-list--unordered\">\n<li>\n                <strong>Mejor Pel\u00edcula Documental<\/strong>\n            <\/li>\n<li>\n                <strong>Mejor Sonido<\/strong>\n            <\/li>\n<li>\n                <strong>Mejor M\u00fasica Original<\/strong>\n            <\/li>\n<\/ul>\n<p class=\"article-body__text \">\n        Estas nominaciones reconocen el car\u00e1cter integral de la obra, donde imagen, sonido y m\u00fasica conforman un lenguaje cinematogr\u00e1fico propio.<\/p>\n","protected":false},"excerpt":{"rendered":"El largometraje documental Kantauri\u00a0de los navarros\u00a0Xabier Mina e Isa\u00edas Cruz,\u00a0que invita a sumergirse en el universo profundo, misterioso&hellip;\n","protected":false},"author":2,"featured_media":293059,"comment_status":"","ping_status":"","sticky":false,"template":"","format":"standard","meta":{"footnotes":""},"categories":[169],"tags":[20084,177,6084,146,147,25,24,176,3980,70101,175,3403,23],"class_list":{"0":"post-293058","1":"post","2":"type-post","3":"status-publish","4":"format-standard","5":"has-post-thumbnail","7":"category-cine","8":"tag-candidato","9":"tag-cine","10":"tag-documental","11":"tag-entertainment","12":"tag-entretenimiento","13":"tag-es","14":"tag-espana","15":"tag-film","16":"tag-goya","17":"tag-kantauri","18":"tag-movies","19":"tag-navarro","20":"tag-spain"},"share_on_mastodon":{"url":"","error":""},"_links":{"self":[{"href":"https:\/\/www.europesays.com\/es\/wp-json\/wp\/v2\/posts\/293058","targetHints":{"allow":["GET"]}}],"collection":[{"href":"https:\/\/www.europesays.com\/es\/wp-json\/wp\/v2\/posts"}],"about":[{"href":"https:\/\/www.europesays.com\/es\/wp-json\/wp\/v2\/types\/post"}],"author":[{"embeddable":true,"href":"https:\/\/www.europesays.com\/es\/wp-json\/wp\/v2\/users\/2"}],"replies":[{"embeddable":true,"href":"https:\/\/www.europesays.com\/es\/wp-json\/wp\/v2\/comments?post=293058"}],"version-history":[{"count":0,"href":"https:\/\/www.europesays.com\/es\/wp-json\/wp\/v2\/posts\/293058\/revisions"}],"wp:featuredmedia":[{"embeddable":true,"href":"https:\/\/www.europesays.com\/es\/wp-json\/wp\/v2\/media\/293059"}],"wp:attachment":[{"href":"https:\/\/www.europesays.com\/es\/wp-json\/wp\/v2\/media?parent=293058"}],"wp:term":[{"taxonomy":"category","embeddable":true,"href":"https:\/\/www.europesays.com\/es\/wp-json\/wp\/v2\/categories?post=293058"},{"taxonomy":"post_tag","embeddable":true,"href":"https:\/\/www.europesays.com\/es\/wp-json\/wp\/v2\/tags?post=293058"}],"curies":[{"name":"wp","href":"https:\/\/api.w.org\/{rel}","templated":true}]}}