{"id":293066,"date":"2025-12-17T16:39:22","date_gmt":"2025-12-17T16:39:22","guid":{"rendered":"https:\/\/www.europesays.com\/es\/293066\/"},"modified":"2025-12-17T16:39:22","modified_gmt":"2025-12-17T16:39:22","slug":"el-cometa-interestelar-3i-atlas-se-acerca-a-la-tierra-como-un-regalo-navideno-para-los-cientificos-nasanet","status":"publish","type":"post","link":"https:\/\/www.europesays.com\/es\/293066\/","title":{"rendered":"El Cometa Interestelar 3I\/ATLAS se Acerca a la Tierra Como un \u201cRegalo Navide\u00f1o\u201d Para los Cient\u00edficos :: NASANET"},"content":{"rendered":"<p><a href=\"https:\/\/www.lanasa.net\/download_file\/view\/5945\/2870\" rel=\"nofollow noopener\" target=\"_blank\"><img loading=\"lazy\" decoding=\"async\" src=\"https:\/\/www.europesays.com\/es\/wp-content\/uploads\/2025\/12\/newsCometa.jpg\" alt=\"El Cometa Interestelar 3I\/ATLAS se Acerca a la Tierra Como un \u201cRegalo Navide\u00f1o\u201d Para los Cient\u00edficos\" height=\"1143\" width=\"1366\"\/><\/a>&#13;<br \/>\nUna imagen profunda del Cometa 3I\/ATLAS capturada por el Espectrografo Multi-Objetos del observatorio Gemini Norte en Maunakea, Hawai. La imagen muestra la coma del cometa \u2014una nube de gas y polvo que se forma alrededor del n\u00facleo del cometa en la vecindad del Sol.\u00a0<strong>Cr\u00e9ditos:\u00a0<\/strong>International Gemini Observatory\/NOIRLab\/NSF\/AURA\/B. Bolin&#13;<\/p>\n<p style=\"text-align: justify;\">A punto de realizar su m\u00e1xima aproximaci\u00f3n a la Tierra el pr\u00f3ximo 19 de Diciembre, el cometa interestelar 3I\/ATLAS se convertir\u00e1 en un aut\u00e9ntico \u201cregalo anticipado de Navidad\u201d, ya que aunque no podr\u00e1 verse a simple vista, entre la comunidad cient\u00edfica los astr\u00f3nomos esperan su llegada con gran entusiasmo, y lo consideran un aut\u00e9ntico regalo de Navidad proveniente del espacio profundo por las oportunidades \u00fanicas de estudio que ofrece.<\/p>\n<p style=\"text-align: justify;\"><strong>Un viajero que no naci\u00f3 aqu\u00ed<\/strong><\/p>\n<p style=\"text-align: justify;\">3I\/ATLAS no es un cometa com\u00fan. Es apenas el tercer objeto interestelar detectado cruzando nuestro Sistema Solar, lo que significa que se form\u00f3 alrededor de otra estrella, muy lejos del Sol. Durante millones de a\u00f1os ha viajado por la galaxia hasta que, por casualidad c\u00f3smica, su camino lo trajo a nuestra regi\u00f3n del espacio.<br \/>&#13;<br \/>\n\u00a0<\/p>\n<p><a href=\"https:\/\/www.lanasa.net\/download_file\/view\/5946\/2870\" rel=\"nofollow noopener\" target=\"_blank\"><img loading=\"lazy\" decoding=\"async\" src=\"https:\/\/www.europesays.com\/es\/wp-content\/uploads\/2025\/12\/trayectoria.jpg\" alt=\"trayectoria del cometa 3I\/ATLAS\" height=\"545\" width=\"970\"\/><\/a>&#13;<br \/>\n&#13;<br \/>\nTrayectoria del cometa 3I\/ATLAS. <strong>Credits: NASA Scientific Visualization Studio<\/strong>&#13;<\/p>\n<p style=\"text-align: justify;\">Los cient\u00edficos creen que fue expulsado de su sistema original tras una fuerte interacci\u00f3n gravitatoria con un planeta gigante, quedando a la deriva hasta este encuentro hist\u00f3rico.<\/p>\n<p style=\"text-align: justify;\"><strong>\u00bfPor qu\u00e9 es tan importante este cometa?<\/strong><\/p>\n<p style=\"text-align: justify;\">Aunque su distancia seguir\u00e1 siendo enorme \u2014cientos de millones de kil\u00f3metros\u2014, su valor no est\u00e1 en la cercan\u00eda, sino en la informaci\u00f3n cient\u00edfica que puede ofrecer. Estudiar 3I\/ATLAS permite analizar materiales formados fuera del Sistema Solar, algo extremadamente raro.<\/p>\n<p style=\"text-align: justify;\">Las primeras observaciones indican que el cometa contiene grandes cantidades de hielo de di\u00f3xido de carbono, una composici\u00f3n distinta a la de muchos cometas conocidos. Estas diferencias ayudan a los astr\u00f3nomos a entender c\u00f3mo se forman los planetas y cometas en otros sistemas estelares.<\/p>\n<p style=\"text-align: justify;\"><strong>\u00bfSe podr\u00e1 observar desde la Tierra?<\/strong><\/p>\n<p style=\"text-align: justify;\">El cometa no ser\u00e1 visible a simple vista, pero s\u00ed podr\u00e1 observarse con telescopios potentes e incluso con equipos astron\u00f3micos avanzados de aficionados. Las mejores oportunidades de observaci\u00f3n se dar\u00e1n durante la madrugada, poco antes del amanecer.<br \/>&#13;<br \/>\n\u00a0<\/p>\n<p><a href=\"https:\/\/www.lanasa.net\/download_file\/view\/5919\/2870\" rel=\"nofollow noopener\" target=\"_blank\"><img loading=\"lazy\" decoding=\"async\" src=\"https:\/\/www.europesays.com\/es\/wp-content\/uploads\/2025\/12\/COMETA3IATLAS.jpg\" alt=\"Posici\u00f3n del cometa 3I\/ATLAS\" height=\"1200\" width=\"900\"\/><\/a>&#13;<br \/>\n&#13;<br \/>\n<strong>Credit: NASANET<\/strong>&#13;<\/p>\n<p style=\"text-align: justify;\">Adem\u00e1s, telescopios espaciales y observatorios de todo el mundo ya lo est\u00e1n siguiendo, recopilando datos clave sobre su forma, tama\u00f1o y composici\u00f3n.<\/p>\n<p style=\"text-align: justify;\"><strong>Un obsequio para la astronom\u00eda<\/strong><\/p>\n<p style=\"text-align: justify;\">Para la comunidad cient\u00edfica, 3I\/ATLAS es mucho m\u00e1s que un punto lejano en el cielo: es una ventana directa a otros sistemas solares. Cada dato recogido aporta pistas sobre c\u00f3mo se form\u00f3 nuestra galaxia y qu\u00e9 tan diversos pueden ser los mundos m\u00e1s all\u00e1 del Sol.<\/p>\n<p style=\"text-align: justify;\">Aunque no ilumine el cielo como una estrella fugaz navide\u00f1a, este cometa interestelar se ha convertido en uno de los eventos astron\u00f3micos m\u00e1s fascinantes del a\u00f1o, record\u00e1ndonos que el universo a\u00fan guarda muchos secretos por descubrir.<\/p>\n","protected":false},"excerpt":{"rendered":"&#13; Una imagen profunda del Cometa 3I\/ATLAS capturada por el Espectrografo Multi-Objetos del observatorio Gemini Norte en Maunakea,&hellip;\n","protected":false},"author":2,"featured_media":293067,"comment_status":"","ping_status":"","sticky":false,"template":"","format":"standard","meta":{"footnotes":""},"categories":[81],"tags":[119,123,124,25,24,117,121,122,23,118,120],"class_list":{"0":"post-293066","1":"post","2":"type-post","3":"status-publish","4":"format-standard","5":"has-post-thumbnail","7":"category-ciencia-y-tecnologia","8":"tag-ciencia","9":"tag-ciencia-y-tecnologia","10":"tag-cienciaytecnologia","11":"tag-es","12":"tag-espana","13":"tag-science","14":"tag-science-and-technology","15":"tag-scienceandtechnology","16":"tag-spain","17":"tag-technology","18":"tag-tecnologia"},"share_on_mastodon":{"url":"https:\/\/pubeurope.com\/@es\/115735899444483888","error":""},"_links":{"self":[{"href":"https:\/\/www.europesays.com\/es\/wp-json\/wp\/v2\/posts\/293066","targetHints":{"allow":["GET"]}}],"collection":[{"href":"https:\/\/www.europesays.com\/es\/wp-json\/wp\/v2\/posts"}],"about":[{"href":"https:\/\/www.europesays.com\/es\/wp-json\/wp\/v2\/types\/post"}],"author":[{"embeddable":true,"href":"https:\/\/www.europesays.com\/es\/wp-json\/wp\/v2\/users\/2"}],"replies":[{"embeddable":true,"href":"https:\/\/www.europesays.com\/es\/wp-json\/wp\/v2\/comments?post=293066"}],"version-history":[{"count":0,"href":"https:\/\/www.europesays.com\/es\/wp-json\/wp\/v2\/posts\/293066\/revisions"}],"wp:featuredmedia":[{"embeddable":true,"href":"https:\/\/www.europesays.com\/es\/wp-json\/wp\/v2\/media\/293067"}],"wp:attachment":[{"href":"https:\/\/www.europesays.com\/es\/wp-json\/wp\/v2\/media?parent=293066"}],"wp:term":[{"taxonomy":"category","embeddable":true,"href":"https:\/\/www.europesays.com\/es\/wp-json\/wp\/v2\/categories?post=293066"},{"taxonomy":"post_tag","embeddable":true,"href":"https:\/\/www.europesays.com\/es\/wp-json\/wp\/v2\/tags?post=293066"}],"curies":[{"name":"wp","href":"https:\/\/api.w.org\/{rel}","templated":true}]}}