{"id":293069,"date":"2025-12-17T16:41:10","date_gmt":"2025-12-17T16:41:10","guid":{"rendered":"https:\/\/www.europesays.com\/es\/293069\/"},"modified":"2025-12-17T16:41:10","modified_gmt":"2025-12-17T16:41:10","slug":"el-mundo-en-2026-a-imagen-y-semejanza-de-trump","status":"publish","type":"post","link":"https:\/\/www.europesays.com\/es\/293069\/","title":{"rendered":"El mundo en 2026, a imagen y semejanza de Trump"},"content":{"rendered":"<p>M\u00e1s inestable en lo pol\u00edtico y en lo econ\u00f3mico; con una competencia geopol\u00edtica \u00abbrutal\u00bb impulsada por el intervencionismo militar y la impunidad; con mayor protagonismo de la Inteligencia Artificial y con una Uni\u00f3n Europea \u00abdesubicada\u00bb. Estas ser\u00e1n algunas de las<strong> caracter\u00edsticas del mundo en 2026<\/strong>, el a\u00f1o que se avecina, seg\u00fan las previsiones del <strong>CIDOB<\/strong> (Barcelona Centre for International Affairs), el centro de an\u00e1lisis presidido por el exjefe de la diplomacia de la UE, Josep Borrell.<\/p>\n<p>\u00abSe revalorizan el lenguaje y los recursos del poder duro, como son la seguridad y la defensa\u00bb, ha resumido <strong>Pol Morillas<\/strong>, director del centro, en rueda de prensa este mi\u00e9rcoles. \u00ab<strong>Donald Trump tiene un protagonismo destacado<\/strong>. Fomenta esta lectura del orden internacional que se aleja de la cooperaci\u00f3n; el comercio como suma positiva y refuerzo de intereses compartidos; las instituciones internacionales y su papel en la gobernanza en asuntos transnacionales&#8230; Todas esas cuestiones pasan a un segundo plano\u00bb.<\/p>\n<p>El mundo de Trump: \u00abimpunidad del intervencionismo\u00bb<\/p>\n<p>\u00ab<strong>Trump simboliza la creciente ola de estados que se sit\u00faan al margen de la ley<\/strong>\u00ab, se lee en la <a href=\"https:\/\/www.cidob.org\/publicaciones\/mundo-2026-diez-temas-marcaran-agenda-internacional\" target=\"_blank\" rel=\"nofollow noopener\">Nota Internacional 2026<\/a> del CIDOB. <strong>Carme Colomina<\/strong>, coordinadora de este trabajo de prospectiva, ha descrito un cambio global en el que \u00abla impunidad del intervencionismo militar se refuerza, la violencia pol\u00edtica crece, los ataques a\u00e9reos y con drones han llegado a m\u00e1ximos hist\u00f3ricos\u00bb. <\/p>\n<p>Un ejemplo de este intervencionismo sin tapujos es la <strong>pol\u00edtica de la Administraci\u00f3n Trump respecto a Am\u00e9rica Latina<\/strong>, con ataques contra supuestas &#8216;narcolanchas&#8217; en el Caribe y el Pac\u00edfico, amenazas a Venezuela y Colombia e injerencias en las elecciones de <strong>Argentina<\/strong> y <strong>Honduras<\/strong> a favor de los candidatos de ultraderecha.<\/p>\n<p>\u00abEn <strong>Venezuela<\/strong> se aplica al completo esta <strong>nueva doctrina Monroe<\/strong>, la imposici\u00f3n de la hegemon\u00eda sobre un hemisferio calificado como un espacio de seguridad nacional\u00bb, ha expuesto <strong>Anna Ayuso<\/strong>, investigadora del CIDOB para la regi\u00f3n. \u00abVemos directamente el uso de la fuerza y todos los mecanismos de presi\u00f3n para hacer caer un r\u00e9gimen violando todas las normas del derecho internacional\u00bb. <\/p>\n<p>Varios conflictos fronterizos pueden ir a m\u00e1s o reanudarse en 2026, como el que enfrenta a Camboya con Tailandia y a Etiop\u00eda con Eritrea, mientras <strong>contin\u00faa la violencia en Gaza, Cisjordania y L\u00edbano<\/strong>.<\/p>\n<p>Cuando las armas callan, aunque sea temporalmente, llega la <strong>&#8216;monetarizaci\u00f3n de la paz&#8217;<\/strong>. \u00abLa diplomacia tradicional ha sido sustituida por acuerdos entre magnates al servicio de lucros particulares\u00bb, seg\u00fan el CIDOB.<\/p>\n<p>Empresas estadounidenses se han beneficiado de la extracci\u00f3n de minerales raros tras la tregua entre Ruanda y la Rep\u00fablica Democr\u00e1tica del Congo; han firmado contratos con Armenia a ra\u00edz del acuerdo de paz con Azerbaiy\u00e1n; y esperan hacerse con la parte del le\u00f3n de la reconstrucci\u00f3n de la Franja de Gaza tras la masacre israel\u00ed (la ONU prev\u00e9 que se necesitar\u00e1n 59.500 millones de euros). <\/p>\n<p>No solo EE.UU., tambi\u00e9n <strong>China<\/strong>, las <strong>monarqu\u00edas del Golfo<\/strong> y potencias de peso medio como <strong>Turqu\u00eda<\/strong> esperan ser \u00abganadores\u00bb en este nuevo escenario.<\/p>\n<p>Mientras tanto, el sistema multilateral, personificado por la<strong> ONU<\/strong>, hace aguas. \u00abEs incapaz de dar respuesta a las necesidades y el Consejo de Seguridad no funciona\u00bb, seg\u00fan Anna Ayuso, que observa la misma tendencia en los acuerdos globales sobre el clima, tras los magros resultados de la <a href=\"https:\/\/www.rtve.es\/noticias\/20251122\/cop30-documento-final-sin-referencia-combustibles-fosiles\/16827310.shtml\" target=\"_blank\" rel=\"nofollow noopener\">COP30 en Brasil<\/a>, o en la Agenda 2030, rechazada por gobiernos de ultraderecha. <\/p>\n<p>Auge y burbuja de la IA<\/p>\n<p>La IA ser\u00e1 otra de las protagonistas del a\u00f1o. Cada vez se aplica m\u00e1s a las armas y las operaciones militares, hasta el punto de que empiezan a confundirse los intereses de las empresas tecnol\u00f3gicas, los Estados y los ej\u00e9rcitos. El <strong>gasto militar en IA podr\u00eda superar en 2026 los 25.500 millones de euros<\/strong>, con EE.UU. y China a la cabeza. <\/p>\n<p>Seg\u00fan los c\u00e1lculos econ\u00f3micos, la inversi\u00f3n en IA ha salvado este a\u00f1o a EE.UU. de entrar en recesi\u00f3n. Sin embargo, una de las dudas de 2026 ser\u00e1<strong> si la burbuja econ\u00f3mica<\/strong>, alimentada por inversiones cruzadas entre las grandes empresas tecnol\u00f3gicas, <strong>estallar\u00e1<\/strong>. <\/p>\n<p>\u00abSi los beneficios no son los esperados, puede haber un freno en las inversiones y un frenazo en el crecimiento en EE.UU. y el resto del mundo\u00bb, ha advertido Colominas. <\/p>\n<p>Posible efecto de los aranceles en la econom\u00eda<\/p>\n<p>La econom\u00eda mundial puede verse afectada tambi\u00e9n por el efecto de los <a href=\"https:\/\/www.rtve.es\/temas\/aranceles\/1000998\/\" target=\"_blank\" rel=\"nofollow noopener\">aranceles de Trump<\/a>, que en 2025 ha sido menor del esperado. La Organizaci\u00f3n Mundial del Comercio (OMC) prev\u00e9 que el intercambio global solo crecer\u00e1 un 0,5%.<\/p>\n<p>La<strong> suma de inflaci\u00f3n y deuda<\/strong> y el <strong>aumento de la desigualdad<\/strong> pondr\u00e1n a prueba la resistencia de sociedades y gobiernos, en especial en el llamado Sur Global, donde la deuda externa es mayor. \u00abLas prioridades geopol\u00edticas van por derroteros distintos a las de las personas\u00bb, afirma V\u00edctor Burguete, investigador del \u00e1rea de Geopol\u00edtica Global y Seguridad del CIDOB. \u00abEn Europa ha habido un aumento del m\u00e1s del 30% en la cesta de la compra, con la deuda p\u00fablica en m\u00e1ximos, un debate sobre c\u00f3mo financiar la defensa&#8230; Todo ello <strong>va por una l\u00ednea distinta a las preocupaciones de la gente<\/strong>, como la vivienda\u00bb.<\/p>\n<p>Tambi\u00e9n <strong>el modelo econ\u00f3mico de China ser\u00e1 puesto a prueba.<\/strong> \u00abTiene sobrecapacidad, con una competencia interna salvaje, ca\u00edda de los precios, desempleo juvenil del 20 % y un entorno internacional desfavorable a las exportaciones\u00bb, resume Burguete. <\/p>\n<p>La UE, desubicada<\/p>\n<p>Ante este panorama, hay actores internacionales que no encuentran su lugar, que est\u00e1n \u00abdesubicados\u00bb, y el mejor ejemplo es la Uni\u00f3n Europea. <\/p>\n<p>\u00abLa UE, que est\u00e1 pensada para aglutinar soberan\u00eda y cooperaci\u00f3n, ve que este mundo geopol\u00edtico deja fuera de sitio su raz\u00f3n de ser, y se le plantean dilemas existenciales\u00bb, subraya Pol Morillas. Uno de ellos es qu\u00e9 hacer respecto a las <strong>negociaciones sobre la guerra de Ucrania<\/strong> y con los <a href=\"https:\/\/www.rtve.es\/noticias\/20251212\/ue-congelar-indefinidamente-activos-rusos-destinarse-ucrania\/16857030.shtml\" target=\"_blank\" rel=\"nofollow noopener\">activos rusos congelados por las sanciones<\/a>.<\/p>\n<p>En medio de esta \u00abdesorientaci\u00f3n estrat\u00e9gica\u00bb de la UE, Trump ha cargado contra el modelo europeo en su Estrategia de Seguridad Nacional. <\/p>\n<p>Seg\u00fan Pol Morillas, la <strong>Casa Blanca<\/strong>, \u00abpor primera vez en 80 a\u00f1os\u00bb, ha tomado partido por las fuerzas que \u00abdefienden la Europa que devuelve poder a las capitales nacionales y desintegra paulatinamente la UE\u00bb, frente a las fuerzas europe\u00edstas partidarias de la reforma y los avances en seguridad, defensa, uni\u00f3n bancaria, agenda clim\u00e1tica o regulaci\u00f3n tecnol\u00f3gica.<\/p>\n<p>Trump adem\u00e1s multiplica sus exigencias a Bruselas, desde el aumento de los presupuestos militares a la eliminaci\u00f3n de la regulaci\u00f3n de las empresas tecnol\u00f3gicas (como <a href=\"https:\/\/www.rtve.es\/noticias\/20251205\/comision-europea-multa-x-con-120-millones-euros-por-falta-transparencia\/16846621.shtml\" target=\"_blank\" rel=\"nofollow noopener\">ha ocurrido con X<\/a>) o la legislaci\u00f3n &#8216;verde&#8217;. En alg\u00fan momento, consideran los expertos del CIDOB, la UE, y en especial Alemania, <strong>tendr\u00e1n que plantearse si hay un l\u00edmite a la hora de acomodar estas peticiones<\/strong>. <\/p>\n<p>La agenda de la UE en 2026 estar\u00e1 marcada adem\u00e1s por las elecciones locales en Francia en marzo, en varios estados federados en Alemania tambi\u00e9n en marzo y las legislativas en Hungr\u00eda en abril; las negociaciones de los presupuestos europeos para 2028-2034; la puesta en marcha de la Iniciativa Europea de Defensa contra Drones (EDDI, por sus siglas en ingl\u00e9s) y el proyecto de Vigilancia del Flanco Este.<\/p>\n<p>Los \u00abresistentes\u00bb de la &#8216;generaci\u00f3n Z&#8217;<\/p>\n<p>El nuevo orden internacional tiene ganadores, perdedores y \u00aboportunistas\u00bb, pero tambi\u00e9n \u00abresistentes\u00bb, y muchos de ellos no han cumplido a\u00fan 30 a\u00f1os.<\/p>\n<p>La llamada <strong>&#8216;generaci\u00f3n Z&#8217;<\/strong> ha encabezado las protestas que acabaron con los gobiernos de<strong> Banglad\u00e9s, Nepal y Madagascar<\/strong>. Tambi\u00e9n han salido a la calle en <strong>Marruecos <\/strong>o <strong>M\u00e9xico<\/strong>. <\/p>\n<p>\u00abLa &#8216;generaci\u00f3n Z&#8217; considera que vive en violencia constante, con falta de recursos y degradaci\u00f3n medioambiental\u00bb, ha declarado <strong>In\u00e9s Arco<\/strong>, investigadora para Asia Oriental y China del centro barcelon\u00e9s. \u00abHabr\u00e1 que ver si hay nuevos estallidos de caos o si ser\u00e1n capaces de crear alternativas pol\u00edticas \u2014ha a\u00f1adido\u2014, si m\u00e1s j\u00f3venes <strong>en el mundo usan estas t\u00e1cticas de acci\u00f3n directa acompa\u00f1ada de alternativas electorales para intentar cambiar el <\/strong><strong>statu quo<\/strong><strong>\u00ab.<\/strong><\/p>\n<p>Precisamente <strong>Banglad\u00e9s<\/strong> celebrar\u00e1 elecciones en febrero y le seguir\u00e1n <strong>Nepal, Marruecos y Per\u00fa<\/strong>. Tambi\u00e9n habr\u00e1 presidenciales en <strong>Colombia<\/strong> en mayo y elecciones legislativas en <strong>Israel<\/strong> en octubre. Todas estas convocatorias pueden ser un term\u00f3metro para medir el descontento social. <\/p>\n<p>\u00ab<strong>Entre las generaciones m\u00e1s j\u00f3venes van surgiendo movimientos de protesta contra los poderes establecidos<\/strong>\u00ab, concluye Pol Morillas. \u00abHasta ahora han tenido un protagonismo reducido, pero eventualmente pueden sembrar la semilla del descontento que se transforme en una acci\u00f3n pol\u00edtica concertada que cambie la manera de entender la gobernanza nacional o internacional\u00bb. <\/p>\n","protected":false},"excerpt":{"rendered":"M\u00e1s inestable en lo pol\u00edtico y en lo econ\u00f3mico; con una competencia geopol\u00edtica \u00abbrutal\u00bb impulsada por el intervencionismo&hellip;\n","protected":false},"author":2,"featured_media":293070,"comment_status":"","ping_status":"","sticky":false,"template":"","format":"standard","meta":{"footnotes":""},"categories":[42],"tags":[17,18,13,14,11,61,62,63,64,19,20,9,10,15,16,12,21,22,65,66,67],"class_list":{"0":"post-293069","1":"post","2":"type-post","3":"status-publish","4":"format-standard","5":"has-post-thumbnail","7":"category-internacional","8":"tag-breaking-news","9":"tag-breakingnews","10":"tag-featured-news","11":"tag-featurednews","12":"tag-headlines","13":"tag-internacional","14":"tag-international","15":"tag-international-news","16":"tag-internationalnews","17":"tag-latest-news","18":"tag-latestnews","19":"tag-news","20":"tag-noticias","21":"tag-noticias-destacadas","22":"tag-noticiasdestacadas","23":"tag-titulares","24":"tag-ultimas-noticias","25":"tag-ultimasnoticias","26":"tag-world","27":"tag-world-news","28":"tag-worldnews"},"share_on_mastodon":{"url":"https:\/\/pubeurope.com\/@es\/115735906607037034","error":""},"_links":{"self":[{"href":"https:\/\/www.europesays.com\/es\/wp-json\/wp\/v2\/posts\/293069","targetHints":{"allow":["GET"]}}],"collection":[{"href":"https:\/\/www.europesays.com\/es\/wp-json\/wp\/v2\/posts"}],"about":[{"href":"https:\/\/www.europesays.com\/es\/wp-json\/wp\/v2\/types\/post"}],"author":[{"embeddable":true,"href":"https:\/\/www.europesays.com\/es\/wp-json\/wp\/v2\/users\/2"}],"replies":[{"embeddable":true,"href":"https:\/\/www.europesays.com\/es\/wp-json\/wp\/v2\/comments?post=293069"}],"version-history":[{"count":0,"href":"https:\/\/www.europesays.com\/es\/wp-json\/wp\/v2\/posts\/293069\/revisions"}],"wp:featuredmedia":[{"embeddable":true,"href":"https:\/\/www.europesays.com\/es\/wp-json\/wp\/v2\/media\/293070"}],"wp:attachment":[{"href":"https:\/\/www.europesays.com\/es\/wp-json\/wp\/v2\/media?parent=293069"}],"wp:term":[{"taxonomy":"category","embeddable":true,"href":"https:\/\/www.europesays.com\/es\/wp-json\/wp\/v2\/categories?post=293069"},{"taxonomy":"post_tag","embeddable":true,"href":"https:\/\/www.europesays.com\/es\/wp-json\/wp\/v2\/tags?post=293069"}],"curies":[{"name":"wp","href":"https:\/\/api.w.org\/{rel}","templated":true}]}}