{"id":293203,"date":"2025-12-17T18:35:09","date_gmt":"2025-12-17T18:35:09","guid":{"rendered":"https:\/\/www.europesays.com\/es\/293203\/"},"modified":"2025-12-17T18:35:09","modified_gmt":"2025-12-17T18:35:09","slug":"el-santos-presiona-para-renovar-a-neymar-pero-el-flamengo-se-lo-piensa","status":"publish","type":"post","link":"https:\/\/www.europesays.com\/es\/293203\/","title":{"rendered":"El Santos presiona para renovar a Neymar, pero el Flamengo se lo piensa"},"content":{"rendered":"<p data-mrf-recirculation=\"Links P\u00e1rrafos\" class=\"ue-c-article__paragraph paragraph xai-icon-container ue-c-article--first-letter-highlighted\">El <strong>Santos quiere renovar el contrato de Neymar por otra temporada<\/strong> y las negociaciones est\u00e1n bastante avanzadas. Todav\u00eda no hay una fecha concreta en la que las partes se reunir\u00e1n para cerrar el acuerdo al 100 %, pero la sensaci\u00f3n es que hay una base verbal de acuerdo desde la que partir juntos.\u00a0<\/p>\n<p>Sin embargo, es justo se\u00f1alar que <strong>hay otros clubes<\/strong> que en estos d\u00edas est\u00e1n tratando de interponerse entre el Santos y Neymar, como por ejemplo el <strong>Flamengo<\/strong>. Hay varios jugadores de la plantilla del Flamengo que est\u00e1n <strong>presionando para que Neymar fiche por el club<\/strong>, con la idea de ayudarle a dar lo mejor de s\u00ed mismo para llegar al Mundial en las mejores condiciones posibles.\u00a0<\/p>\n<p>Est\u00e1 claro que, <strong>para Neymar, el Mundial de Estados Unidos es un objetivo claro que alcanzar<\/strong>, por lo que el pr\u00f3ximo paso ser\u00e1 fundamental para la carrera del brasile\u00f1o. El Santos est\u00e1 confiado, pero el Flamengo se lo est\u00e1 pensando.<\/p>\n","protected":false},"excerpt":{"rendered":"El Santos quiere renovar el contrato de Neymar por otra temporada y las negociaciones est\u00e1n bastante avanzadas. Todav\u00eda&hellip;\n","protected":false},"author":2,"featured_media":293204,"comment_status":"","ping_status":"","sticky":false,"template":"","format":"standard","meta":{"footnotes":""},"categories":[268],"tags":[168,25,24,280,282,281,23,167],"class_list":{"0":"post-293203","1":"post","2":"type-post","3":"status-publish","4":"format-standard","5":"has-post-thumbnail","7":"category-futbol","8":"tag-deportes","9":"tag-es","10":"tag-espana","11":"tag-football","12":"tag-futbol","13":"tag-soccer","14":"tag-spain","15":"tag-sports"},"share_on_mastodon":{"url":"https:\/\/pubeurope.com\/@es\/115736354643690036","error":""},"_links":{"self":[{"href":"https:\/\/www.europesays.com\/es\/wp-json\/wp\/v2\/posts\/293203","targetHints":{"allow":["GET"]}}],"collection":[{"href":"https:\/\/www.europesays.com\/es\/wp-json\/wp\/v2\/posts"}],"about":[{"href":"https:\/\/www.europesays.com\/es\/wp-json\/wp\/v2\/types\/post"}],"author":[{"embeddable":true,"href":"https:\/\/www.europesays.com\/es\/wp-json\/wp\/v2\/users\/2"}],"replies":[{"embeddable":true,"href":"https:\/\/www.europesays.com\/es\/wp-json\/wp\/v2\/comments?post=293203"}],"version-history":[{"count":0,"href":"https:\/\/www.europesays.com\/es\/wp-json\/wp\/v2\/posts\/293203\/revisions"}],"wp:featuredmedia":[{"embeddable":true,"href":"https:\/\/www.europesays.com\/es\/wp-json\/wp\/v2\/media\/293204"}],"wp:attachment":[{"href":"https:\/\/www.europesays.com\/es\/wp-json\/wp\/v2\/media?parent=293203"}],"wp:term":[{"taxonomy":"category","embeddable":true,"href":"https:\/\/www.europesays.com\/es\/wp-json\/wp\/v2\/categories?post=293203"},{"taxonomy":"post_tag","embeddable":true,"href":"https:\/\/www.europesays.com\/es\/wp-json\/wp\/v2\/tags?post=293203"}],"curies":[{"name":"wp","href":"https:\/\/api.w.org\/{rel}","templated":true}]}}