{"id":293247,"date":"2025-12-17T19:08:13","date_gmt":"2025-12-17T19:08:13","guid":{"rendered":"https:\/\/www.europesays.com\/es\/293247\/"},"modified":"2025-12-17T19:08:13","modified_gmt":"2025-12-17T19:08:13","slug":"una-tercera-parte-mejor-que-la-anterior-y-con-una-oona-chaplin-magnifica","status":"publish","type":"post","link":"https:\/\/www.europesays.com\/es\/293247\/","title":{"rendered":"una tercera parte mejor que la anterior y con una Oona Chaplin magn\u00edfica"},"content":{"rendered":"<p class=\"c-paragraph\">Dice <b>James Cameron<\/b> que titul\u00f3 la nueva entrega de Avatar <b>Fuego y ceniza<\/b> a modo de dupla emocional. Que tras el fuego solo hay ceniza, y tras la rabia, el odio y la violencia, solo hay duelo, dolor y p\u00e9rdida. Casi como si nos advirtiese de que si ahora su querida franquicia se ti\u00f1e de rojo, no es para hacer alarde tecnol\u00f3gico de su capacidad para controlar cualquier elemento, sino para cambiar de rumbo, abandonar las profundidades del oc\u00e9ano y conquistar las de la emoci\u00f3n.<\/p>\n<p class=\"c-paragraph\">Hace diecis\u00e9is\u00a0a\u00f1os que el cineasta nos invit\u00f3 a explorar un mundo alien\u00edgena de ensue\u00f1o y tres desde que expandi\u00f3 sus horizontes bajo las aguas. Diecis\u00e9is a\u00f1os dedicados a demostrar aquello que, como especie, no nos cansamos de ignorar: <b>que los humanos somos los disruptores del para\u00edso, expertos innatos en destrozar hogares y ecosistemas<\/b>; y que cualquier forma de vida que se cruce con nosotros solo encontrar\u00e1 muerte y destrucci\u00f3n.<\/p>\n<p class=\"c-paragraph\">Pero, como dec\u00eda el actor <b>Stephen Lang<\/b> (el coronel Quaritch en la ficci\u00f3n) \u00abno existe Ed\u00e9n sin sus serpientes\u00bb, y estas son tan antiguas como nuestra propia especie. Donde existi\u00f3 Dios, existi\u00f3 quien lo desafi\u00f3 y, en este para\u00edso azul, esos fueron la Gente de la Ceniza, el nuevo clan na&#8217;vi del fuego que llega para demostrarnos que <b>no existe lugar sin maldad<\/b> <b>-ni siquiera la id\u00edlica Pandora-<\/b>, pero s\u00ed naturaleza humana (en el peor de los sentidos) en cualquier ser que se considere abandonado por su divinidad.<\/p>\n<p class=\"c-paragraph\">Liderados por una magn\u00edfica<b><b>\u00a0Oona Chaplin<\/b><\/b>\u00a0-a la altura de una\u00a0<b><b>Zoe Salda\u00f1a<\/b><\/b>\u00a0que, desde el primer instante y hasta ahora, continua siendo el mayor atractivo de esta saga azul-, los na&#8217;vi del fuego se convierten en una pieza m\u00e1s del puzzle que es Pandora, dejando claro que los protagonistas no son ni los unos ni los otros, sino el conjunto emocional de esa red que conforma el universo de\u00a0Avatar. Uno que finaliza su primer arco con <b>una entrega mejor que la anterior<\/b>, pero con dudas sobre c\u00f3mo conseguir\u00e1 sorprendernos y mantenernos interesados en el futuro.<\/p>\n<p class=\"c-paragraph\">En esta tercera parte, quien espere grandes demostraciones pirot\u00e9cnicas como sustitutivo de aquellas espectaculares escenas mar\u00edtimas no acabar\u00e1 de encontrar lo que busca, pues aunque Cameron contin\u00faa explorando ese mundo que ha creado a base de ut\u00f3picas escenograf\u00edas que siguen maravillando -solo hace falta el primer segundo de pel\u00edcula para recordarnos por qu\u00e9 nos enamoramos de Pandora-, <b>esta vez la trama no est\u00e1 al servicio de la imagen, sino al contrario.<\/b><\/p>\n<p class=\"c-paragraph\">Esta vez, las grandiosas demostraciones de esfuerzo y trabajo de sus actores no residen en controlar la respiraci\u00f3n bajo el mar para que podamos descubrir el sentido del agua, sino en algo mucho menos llamativo visualmente, pero mucho m\u00e1s dif\u00edcil y atractivo interpretativamente: <b>conseguir que los acompa\u00f1emos en este viaje sobre el duelo<\/b> y que sintamos con ellos el dolor de una familia rota\u00a0y el de unos creyentes que se sienten abandonados por Eywa.<\/p>\n<p class=\"c-paragraph\">Ah\u00ed reside, sin duda, el gran acierto del cineasta, quien da un vuelco a su propia narrativa para derrumbar la fortaleza de una familia, destrozar todo aquello que construy\u00f3 y hablarnos de los agujeros de aquella fe ciega que nos present\u00f3 y que ahora se enfrenta a lo que significa ser abandonada. Pensando que \u00edbamos a transportarnos a un mundo ideal durante casi cuatro horas, nos encontramos con un espejo de la realidad en el que el reflejo nos devuelve<b> una Pandora mucho m\u00e1s oscura y (esto es para reflexionar) mucho m\u00e1s humana que nunca.<\/b><\/p>\n<p>T\u00edtulo Avatar: Fuego y ceniza<\/p>\n<ul class=\"c-card__movie__data\">\n<li class=\"c-card__movie__data__item\"> Director\n<p class=\"c-card__movie__data__item__txt\">James Cameron<\/p>\n<\/li>\n<li class=\"c-card__movie__data__item\"> G\u00e9nero\n<p class=\"c-card__movie__data__item__txt\">Ciencia ficci\u00f3n<\/p>\n<\/li>\n<li class=\"c-card__movie__data__item\"> Pa\u00eds\n<p class=\"c-card__movie__data__item__txt\">Estados Unidos<\/p>\n<\/li>\n<li class=\"c-card__movie__data__item\"> Sinopsis\n<p class=\"c-card__movie__data__item__txt\">Tercera entrega de la saga \u00abAvatar\u00bb. Presenta al Pueblo de las Cenizas, un clan Na&#8217;vi no tan pac\u00edfico que utilizar\u00e1 la violencia si lo necesita para conseguir sus objetivos, aunque sea contra otros clanes.<\/p>\n<\/li>\n<li class=\"c-card__movie__data__item\"> Gui\u00f3n\n<p class=\"c-card__movie__data__item__txt\"><a href=\"https:\/\/www.filmaffinity.com\/es\/name.php?name-id=828674984\" title=\"James Cameron\" rel=\"nofollow noopener\" target=\"_blank\">James Cameron<\/a>, <a href=\"https:\/\/www.filmaffinity.com\/es\/name.php?name-id=599629486\" title=\"Rick Jaffa\" rel=\"nofollow noopener\" target=\"_blank\">Rick Jaffa<\/a>, <a href=\"https:\/\/www.filmaffinity.com\/es\/name.php?name-id=544544839\" title=\"Amanda Silver\" rel=\"nofollow noopener\" target=\"_blank\">Amanda Silver<\/a>.<\/p>\n<\/li>\n<li class=\"c-card__movie__data__item\"> Duraci\u00f3n\n<p class=\"c-card__movie__data__item__txt\">195 min.<\/p>\n<\/li>\n<li class=\"c-card__movie__data__item\"> Distribuidora\n<p class=\"c-card__movie__data__item__txt\">Walt Disney Pictures<\/p>\n<\/li>\n<li class=\"c-card__movie__data__item\"> Estreno\n<p class=\"c-card__movie__data__item__txt\">19\/12\/2025<\/p>\n<\/li>\n<li class=\"c-card__movie__data__item\">\n<p class=\"c-card__movie__data__item__txt\"><b>Reparto<\/b>:<br \/>\u200bSam Worthington, Zoe Salda\u00f1a, Stephen Lang, Oona Chaplin<\/p>\n<\/li>\n<\/ul>\n<p><img decoding=\"async\" loading=\"lazy\" alt=\"P\u00f3ster de 'Avatar: Fuego y ceniza'\" width=\"250\" height=\"375\" src=\"https:\/\/www.europesays.com\/es\/wp-content\/uploads\/2025\/12\/692f0f9d9905e5-06866379.jpeg\"\/><\/p>\n","protected":false},"excerpt":{"rendered":"Dice James Cameron que titul\u00f3 la nueva entrega de Avatar Fuego y ceniza a modo de dupla emocional.&hellip;\n","protected":false},"author":2,"featured_media":274829,"comment_status":"","ping_status":"","sticky":false,"template":"","format":"standard","meta":{"footnotes":""},"categories":[91],"tags":[46437,1497,146,147,25,24,70122,180,67153,23],"class_list":{"0":"post-293247","1":"post","2":"type-post","3":"status-publish","4":"format-standard","5":"has-post-thumbnail","7":"category-entretenimiento","8":"tag-avatar-3","9":"tag-critica","10":"tag-entertainment","11":"tag-entretenimiento","12":"tag-es","13":"tag-espana","14":"tag-fuego-y-ceniza","15":"tag-james-cameron","16":"tag-oona-chaplin","17":"tag-spain"},"share_on_mastodon":{"url":"https:\/\/pubeurope.com\/@es\/115736485220130150","error":""},"_links":{"self":[{"href":"https:\/\/www.europesays.com\/es\/wp-json\/wp\/v2\/posts\/293247","targetHints":{"allow":["GET"]}}],"collection":[{"href":"https:\/\/www.europesays.com\/es\/wp-json\/wp\/v2\/posts"}],"about":[{"href":"https:\/\/www.europesays.com\/es\/wp-json\/wp\/v2\/types\/post"}],"author":[{"embeddable":true,"href":"https:\/\/www.europesays.com\/es\/wp-json\/wp\/v2\/users\/2"}],"replies":[{"embeddable":true,"href":"https:\/\/www.europesays.com\/es\/wp-json\/wp\/v2\/comments?post=293247"}],"version-history":[{"count":0,"href":"https:\/\/www.europesays.com\/es\/wp-json\/wp\/v2\/posts\/293247\/revisions"}],"wp:featuredmedia":[{"embeddable":true,"href":"https:\/\/www.europesays.com\/es\/wp-json\/wp\/v2\/media\/274829"}],"wp:attachment":[{"href":"https:\/\/www.europesays.com\/es\/wp-json\/wp\/v2\/media?parent=293247"}],"wp:term":[{"taxonomy":"category","embeddable":true,"href":"https:\/\/www.europesays.com\/es\/wp-json\/wp\/v2\/categories?post=293247"},{"taxonomy":"post_tag","embeddable":true,"href":"https:\/\/www.europesays.com\/es\/wp-json\/wp\/v2\/tags?post=293247"}],"curies":[{"name":"wp","href":"https:\/\/api.w.org\/{rel}","templated":true}]}}