{"id":293310,"date":"2025-12-17T20:06:29","date_gmt":"2025-12-17T20:06:29","guid":{"rendered":"https:\/\/www.europesays.com\/es\/293310\/"},"modified":"2025-12-17T20:06:29","modified_gmt":"2025-12-17T20:06:29","slug":"ee-uu-despliega-militares-en-ecuador-en-una-operacion-temporal-conjunta-contra-el-narcotrafico","status":"publish","type":"post","link":"https:\/\/www.europesays.com\/es\/293310\/","title":{"rendered":"EE UU despliega militares en Ecuador en una \u00aboperaci\u00f3n temporal\u00bb conjunta contra el narcotr\u00e1fico"},"content":{"rendered":"<p>Estados Unidos inform\u00f3 este mi\u00e9rcoles de que personal de su Fuerza A\u00e9rea desarrolla una<b> \u00aboperaci\u00f3n temporal\u00bb en la ciudad ecuatoriana de Manta<\/b> (provincia de Manab\u00ed), dise\u00f1ada para reforzar la lucha contra el narcotr\u00e1fico en el pa\u00eds andino. \u00abLos Estados Unidos dan la bienvenida al personal de la Fuerza A\u00e9rea de los Estados Unidos para una operaci\u00f3n temporal con la Fuerza A\u00e9rea del Ecuador en Manta\u00bb, se\u00f1al\u00f3 la legaci\u00f3n diplom\u00e1tica en su cuenta de la red social X.<\/p>\n<p>Apunt\u00f3 que \u00abeste esfuerzo conjunto a corto plazo se realiza como parte de nuestra estrategia bilateral de seguridad a largo plazo, en l\u00ednea con los <b>acuerdos actualmente vigentes conforme a la ley ecuatoriana<\/b>\u00ab. \u00abLa operaci\u00f3n mejorar\u00e1 la capacidad de las fuerzas militares ecuatorianas para combatir a los narcoterroristas, incluyendo el fortalecimiento de la recopilaci\u00f3n de informaci\u00f3n y las capacidades de lucha contra el narcotr\u00e1fico, y est\u00e1 dise\u00f1ada para proteger a los Estados Unidos y al Ecuador frente a las amenazas que compartimos\u00bb, agreg\u00f3.<\/p>\n<p>Por su parte, como recoge EFE, el presidente de Ecuador,<b> Daniel Noboa<\/b>, se\u00f1al\u00f3 que \u00abcon el respaldo de Estados Unidos, activamos una operaci\u00f3n temporal junto a la Fuerza A\u00e9rea del Ecuador en Manta, como parte de una estrategia bilateral de seguridad a largo plazo\u00bb. \u00abEsta operaci\u00f3n permitir\u00e1 identificar y desarticular las rutas del narcotr\u00e1fico, y someter a quienes creyeron que pod\u00edan tomarse el pa\u00eds, finaliz\u00f3 en su mensaje publicado en X.<\/p>\n<p>Inteligencia y refuerzo de capacidades<\/p>\n<p>Previamente, el departamento de Comunicaci\u00f3n del Ministerio de Defensa ecuatoriano apunt\u00f3 que en aviones \u00abque llegaron d\u00edas atr\u00e1s, arrib\u00f3 material de \u00edndole militar\u00bb, y record\u00f3 que la informaci\u00f3n de operaciones de seguridad es \u00abreservada\u00bb. \u00abSu misi\u00f3n estar\u00e1 enfocada en <b>aportar informaci\u00f3n y fortalecer las capacidades<\/b> del Ecuador en la lucha contra el narcotr\u00e1fico\u00bb, indic\u00f3.<\/p>\n<p>La llegada del personal estadounidense se da un mes despu\u00e9s de que los ecuatorianos rechazaran en un refer\u00e9ndum la posibilidad de que <a title=\"se instalen bases militares extranjeras en territorio ecuatoriano\" href=\"https:\/\/www.larazon.es\/internacional\/gana-referendo-ecuador-votantes-rechazan-instalacion-bases-militares-extranjeras_20251117691a8925eba8bc0ece02b839.html\" target=\"_blank\" rel=\"nofollow noopener\">se instalen bases militares extranjeras en territorio ecuatoriano<\/a>. Precisamente en Manta, donde se desarrolla la operaci\u00f3n, hubo una base militar estadounidense durante diez a\u00f1os, hasta 2009.<\/p>\n<p>Ecuador atraviesa una escalada de violencia sin precedentes, propiciada por el incremento de actividad de bandas criminales organizadas. Eso llev\u00f3 a Noboa a declarar en enero de 2024 el \u00abconflicto armado interno\u00bb contra las estructuras criminales, a las que pas\u00f3 a llamar \u00abterroristas\u00bb.<\/p>\n","protected":false},"excerpt":{"rendered":"Estados Unidos inform\u00f3 este mi\u00e9rcoles de que personal de su Fuerza A\u00e9rea desarrolla una \u00aboperaci\u00f3n temporal\u00bb en la&hellip;\n","protected":false},"author":2,"featured_media":293311,"comment_status":"","ping_status":"","sticky":false,"template":"","format":"standard","meta":{"footnotes":""},"categories":[42],"tags":[17,18,13,14,11,61,62,63,64,19,20,9,10,15,16,12,21,22,65,66,67],"class_list":{"0":"post-293310","1":"post","2":"type-post","3":"status-publish","4":"format-standard","5":"has-post-thumbnail","7":"category-internacional","8":"tag-breaking-news","9":"tag-breakingnews","10":"tag-featured-news","11":"tag-featurednews","12":"tag-headlines","13":"tag-internacional","14":"tag-international","15":"tag-international-news","16":"tag-internationalnews","17":"tag-latest-news","18":"tag-latestnews","19":"tag-news","20":"tag-noticias","21":"tag-noticias-destacadas","22":"tag-noticiasdestacadas","23":"tag-titulares","24":"tag-ultimas-noticias","25":"tag-ultimasnoticias","26":"tag-world","27":"tag-world-news","28":"tag-worldnews"},"share_on_mastodon":{"url":"https:\/\/pubeurope.com\/@es\/115736712709527125","error":""},"_links":{"self":[{"href":"https:\/\/www.europesays.com\/es\/wp-json\/wp\/v2\/posts\/293310","targetHints":{"allow":["GET"]}}],"collection":[{"href":"https:\/\/www.europesays.com\/es\/wp-json\/wp\/v2\/posts"}],"about":[{"href":"https:\/\/www.europesays.com\/es\/wp-json\/wp\/v2\/types\/post"}],"author":[{"embeddable":true,"href":"https:\/\/www.europesays.com\/es\/wp-json\/wp\/v2\/users\/2"}],"replies":[{"embeddable":true,"href":"https:\/\/www.europesays.com\/es\/wp-json\/wp\/v2\/comments?post=293310"}],"version-history":[{"count":0,"href":"https:\/\/www.europesays.com\/es\/wp-json\/wp\/v2\/posts\/293310\/revisions"}],"wp:featuredmedia":[{"embeddable":true,"href":"https:\/\/www.europesays.com\/es\/wp-json\/wp\/v2\/media\/293311"}],"wp:attachment":[{"href":"https:\/\/www.europesays.com\/es\/wp-json\/wp\/v2\/media?parent=293310"}],"wp:term":[{"taxonomy":"category","embeddable":true,"href":"https:\/\/www.europesays.com\/es\/wp-json\/wp\/v2\/categories?post=293310"},{"taxonomy":"post_tag","embeddable":true,"href":"https:\/\/www.europesays.com\/es\/wp-json\/wp\/v2\/tags?post=293310"}],"curies":[{"name":"wp","href":"https:\/\/api.w.org\/{rel}","templated":true}]}}