{"id":293325,"date":"2025-12-17T20:18:10","date_gmt":"2025-12-17T20:18:10","guid":{"rendered":"https:\/\/www.europesays.com\/es\/293325\/"},"modified":"2025-12-17T20:18:10","modified_gmt":"2025-12-17T20:18:10","slug":"una-vez-vi-al-padre-de-una-amiga-y-le-salude-estaba-tumbado-encima-de-una-furgoneta-se-levanto-y-me-apunto-con-la-pistola","status":"publish","type":"post","link":"https:\/\/www.europesays.com\/es\/293325\/","title":{"rendered":"Una vez vi al padre de una amiga y le salud\u00e9. Estaba tumbado encima de una furgoneta. Se levant\u00f3 y me apunt\u00f3 con la pistola"},"content":{"rendered":"<p>El lugar donde nacemos determina nuestras vidas.<strong> Nacer en un barrio o en otro significa el punto cr\u00edtico donde se bloquean las aspiraciones de la gente para avanzar en la vida. <\/strong>En el caso de los barrios pobres, tienden a tener tasas m\u00e1s altas de desorden social, crimen y violencia, que no solo tienen efectos a corto plazo, sino tambi\u00e9n en la vida adulta de los que all\u00ed se cr\u00edan.<\/p>\n<p>Cuando la cantante India Mart\u00ednez acudi\u00f3 al<strong> programa de Bert\u00edn Osborne &#8216;Mi casa es la tuya&#8217;<\/strong>\u00a0en 2023 record\u00f3 sus or\u00edgenes humildes. \u00abEl barrio era dif\u00edcil\u00bb, aunque reconoce que tambi\u00e9n tiene sus cosas buenas, como la humildad y alegr\u00eda que despiertan las calles, con m\u00fasica y candelas en mitad de la calle, donde ella lleg\u00f3 a cantar entre sus vecinos y amigos. Bert\u00edn quiso saber si, a pesar de ello, si le marc\u00f3 alguna situaci\u00f3n complicada que viviera all\u00ed de peque\u00f1a.<\/p>\n<p>\u201cMe apunt\u00f3 con una pistola\u201d<\/p>\n<p>India se crio en el barrio de Las Palmeras, C\u00f3rdoba, hasta que con 11 a\u00f1os se mud\u00f3 a Roquetas Mar, en Almer\u00eda. Uno de los momentos que recuerda fue este:\u00a0\u00abUna vez vi a un padre de una amiga y le salud\u00e9.<strong> Estaba tumbado encima de una furgoneta. Se levant\u00f3 y me apunt\u00f3 con una pistola<\/strong>. Me qued\u00e9 como&#8230;\u00bb, relat\u00f3 ante la incredulidad de Bert\u00edn Osborne. Las peleas por arma blanca eran habituales en su vecindario, as\u00ed que la gente estaba siempre en alerta.<\/p>\n<p>Otra de las an\u00e9cdotas que m\u00e1s impresion\u00f3 al presentador fue cuando ten\u00eda \u201ccinco o seis a\u00f1itos vi a un hombre con una goma puesta en el brazo pinch\u00e1ndose entre la oscuridad. <strong>Sal\u00ed corriendo y sal\u00ed para adelante como si nada<\/strong>&#8230; Ya nos explicaban un poco &#8216;oye, tened cuidado'\u00bb. Cont\u00f3 que de su casa a las de sus primos tan solo hab\u00eda una manzana y que \u201cso\u00f1aba que desde mi balc\u00f3n iba volando a casa de ellos para evitar todo ese camino\u201d.<\/p>\n<p><img loading=\"lazy\" decoding=\"async\"   src=\"https:\/\/www.europesays.com\/es\/wp-content\/uploads\/2025\/12\/india-martinez_f39529b1_251217083659_1200x800.webp.webp\" alt=\"India Martinez \" class=\"lazyload\" width=\"1200\" height=\"800\" data-aspectratio=\"1200\/800\"\/><\/p>\n<p>Bert\u00edn Osborne entrevist\u00f3 hace un par de a\u00f1os a India Mart\u00ednez para hablar sobre su trayectoria, tanto musical como personal.<\/p>\n<p>&#13;Mediaset Espa\u00f1a<br \/>\nEl impacto del barrio en la vida de las personas<\/p>\n<p>A pesar de todos los episodios amargos vividos, admiti\u00f3 que, \u00abtuve una infancia bonita dentro de casa, pero fuera, algo dif\u00edcil. Hab\u00eda riesgos y me daba miedo salir a la calle.<strong> Al salir del colegio alguna ni\u00f1a te amenazaba y te dec\u00eda que te iba a pegar, sin ning\u00fan motivo<\/strong>, y sales con ese miedo, y sal\u00eda corriendo para mi casa. Esto lo viv\u00ed durante 11 a\u00f1os y me marc\u00f3 mucho, porque no era una ni\u00f1a nada conflictiva y evitaba todos estos conflictos\u00bb.<\/p>\n<p>La andaluza reflexion\u00f3 sobre c\u00f3mo criarse en un lugar as\u00ed influy\u00f3 en sus hermanos y en ella: \u00abYo creo que nos ha hecho m\u00e1s fuertes. <strong>Nos ha hecho valorar las cosas desde la nobleza, sin coger los malos h\u00e1bitos, y quedarnos con el respeto<\/strong>, con la parte luchadora y trabajadora de la gente\u00bb. Era habitual escuchar estas palabras de sus padres: \u00abNos dec\u00edan todo el rato que ten\u00edamos que salir del barrio como fuera, porque no quer\u00edan ese futuro para nosotros, con violencia todos los d\u00edas\u00bb.<\/p>\n<p>India Mart\u00ednez admiti\u00f3 que siempre ha encontrado un tiempo para regresar a visitar a la familia que a\u00fan le queda all\u00ed: \u00abCada vez que puedo vuelvo, hemos ido a visitar a mi abuela, que ya no est\u00e1. All\u00ed viv\u00eda toda la familia, en diferentes manzanas\u00bb.<\/p>\n<p>Aprovech\u00f3, por todo ello, todas y cada una de las opciones que la vida le pon\u00eda por delante: <strong>\u00abLas oportunidades se iban. No acab\u00e9 el bachillerato y segu\u00ed form\u00e1ndome en la m\u00fasica\u00bb<\/strong>. Hoy, la cantante se consolida como una de las artistas m\u00e1s valoradas y reputadas de nuestro pa\u00eds y sigue derribando barreras sobre los prejuicios y las oportunidades en barrios humildes.<\/p>\n","protected":false},"excerpt":{"rendered":"El lugar donde nacemos determina nuestras vidas. Nacer en un barrio o en otro significa el punto cr\u00edtico&hellip;\n","protected":false},"author":2,"featured_media":293326,"comment_status":"","ping_status":"","sticky":false,"template":"","format":"standard","meta":{"footnotes":""},"categories":[174],"tags":[255,146,147,25,24,256,23],"class_list":{"0":"post-293325","1":"post","2":"type-post","3":"status-publish","4":"format-standard","5":"has-post-thumbnail","7":"category-famosos","8":"tag-celebrities","9":"tag-entertainment","10":"tag-entretenimiento","11":"tag-es","12":"tag-espana","13":"tag-famosos","14":"tag-spain"},"share_on_mastodon":{"url":"https:\/\/pubeurope.com\/@es\/115736760284550335","error":""},"_links":{"self":[{"href":"https:\/\/www.europesays.com\/es\/wp-json\/wp\/v2\/posts\/293325","targetHints":{"allow":["GET"]}}],"collection":[{"href":"https:\/\/www.europesays.com\/es\/wp-json\/wp\/v2\/posts"}],"about":[{"href":"https:\/\/www.europesays.com\/es\/wp-json\/wp\/v2\/types\/post"}],"author":[{"embeddable":true,"href":"https:\/\/www.europesays.com\/es\/wp-json\/wp\/v2\/users\/2"}],"replies":[{"embeddable":true,"href":"https:\/\/www.europesays.com\/es\/wp-json\/wp\/v2\/comments?post=293325"}],"version-history":[{"count":0,"href":"https:\/\/www.europesays.com\/es\/wp-json\/wp\/v2\/posts\/293325\/revisions"}],"wp:featuredmedia":[{"embeddable":true,"href":"https:\/\/www.europesays.com\/es\/wp-json\/wp\/v2\/media\/293326"}],"wp:attachment":[{"href":"https:\/\/www.europesays.com\/es\/wp-json\/wp\/v2\/media?parent=293325"}],"wp:term":[{"taxonomy":"category","embeddable":true,"href":"https:\/\/www.europesays.com\/es\/wp-json\/wp\/v2\/categories?post=293325"},{"taxonomy":"post_tag","embeddable":true,"href":"https:\/\/www.europesays.com\/es\/wp-json\/wp\/v2\/tags?post=293325"}],"curies":[{"name":"wp","href":"https:\/\/api.w.org\/{rel}","templated":true}]}}