{"id":293359,"date":"2025-12-17T20:45:11","date_gmt":"2025-12-17T20:45:11","guid":{"rendered":"https:\/\/www.europesays.com\/es\/293359\/"},"modified":"2025-12-17T20:45:11","modified_gmt":"2025-12-17T20:45:11","slug":"oscar-mulero-recibe-la-medalla-de-oro-al-merito-en-las-bellas-artes-2025-news","status":"publish","type":"post","link":"https:\/\/www.europesays.com\/es\/293359\/","title":{"rendered":"Oscar Mulero recibe la Medalla de Oro al M\u00e9rito en las Bellas Artes 2025 &#8211; News"},"content":{"rendered":"<p>El reconocimiento institucional a una trayectoria clave para la cultura electr\u00f3nica en Espa\u00f1a llega este a\u00f1o desde el \u00e1mbito de las Bellas Artes. <strong>Oscar Mulero ha sido galardonado con la Medalla de Oro al M\u00e9rito en las Bellas Artes 2025<\/strong>, uno de los <strong>35 distintivos concedidos por el Ministerio de Cultura<\/strong> en esta edici\u00f3n.<\/p>\n<p>El premio, <strong>aprobado por el Consejo de Ministros a propuesta del ministro de Cultura<\/strong>, distingue a personas y entidades que han destacado de forma excepcional en el campo de la <strong>creaci\u00f3n art\u00edstica y cultural<\/strong>, as\u00ed como a quienes han contribuido de manera decisiva al <strong>fomento, desarrollo y difusi\u00f3n del arte y la cultura<\/strong>.<\/p>\n<p>Figura central del techno europeo desde los a\u00f1os noventa, Mulero ha construido una carrera marcada por la <strong>coherencia art\u00edstica, la independencia creativa y una profunda influencia en la cultura de club<\/strong>, tanto desde la cabina como a trav\u00e9s de sellos, proyectos y espacios que han definido varias generaciones de m\u00fasica electr\u00f3nica en Espa\u00f1a y fuera de ella. Su trabajo ha sido clave para consolidar una escena que dialoga con la experimentaci\u00f3n, el riesgo y una visi\u00f3n autoral del techno.<\/p>\n<p>La lista de premiados de este a\u00f1o refleja un <strong>panorama cultural amplio y diverso<\/strong>, en el que conviven distintas disciplinas y lenguajes. Junto a Mulero, han sido reconocidos <strong>el festival Primavera Sound<\/strong>, referente internacional de la m\u00fasica contempor\u00e1nea; <strong>Los Chichos<\/strong>, nombre esencial de la m\u00fasica popular espa\u00f1ola; y el actor <strong>Luis Tosar<\/strong>, entre otros.<\/p>\n<p>La concesi\u00f3n de la Medalla de Oro al M\u00e9rito en las Bellas Artes a Oscar Mulero supone tambi\u00e9n un <strong>gesto simb\u00f3lico hacia la m\u00fasica electr\u00f3nica y la cultura de club<\/strong>, hist\u00f3ricamente relegadas en los reconocimientos institucionales. Un respaldo que reconoce no solo una carrera individual, sino el impacto cultural de una escena que ha transformado la manera de entender la m\u00fasica, la noche y el espacio creativo en las \u00faltimas d\u00e9cadas.<\/p>\n","protected":false},"excerpt":{"rendered":"El reconocimiento institucional a una trayectoria clave para la cultura electr\u00f3nica en Espa\u00f1a llega este a\u00f1o desde el&hellip;\n","protected":false},"author":2,"featured_media":293360,"comment_status":"","ping_status":"","sticky":false,"template":"","format":"standard","meta":{"footnotes":""},"categories":[170],"tags":[146,147,25,24,184,185,23],"class_list":{"0":"post-293359","1":"post","2":"type-post","3":"status-publish","4":"format-standard","5":"has-post-thumbnail","7":"category-musica","8":"tag-entertainment","9":"tag-entretenimiento","10":"tag-es","11":"tag-espana","12":"tag-music","13":"tag-musica","14":"tag-spain"},"share_on_mastodon":{"url":"https:\/\/pubeurope.com\/@es\/115736865890406852","error":""},"_links":{"self":[{"href":"https:\/\/www.europesays.com\/es\/wp-json\/wp\/v2\/posts\/293359","targetHints":{"allow":["GET"]}}],"collection":[{"href":"https:\/\/www.europesays.com\/es\/wp-json\/wp\/v2\/posts"}],"about":[{"href":"https:\/\/www.europesays.com\/es\/wp-json\/wp\/v2\/types\/post"}],"author":[{"embeddable":true,"href":"https:\/\/www.europesays.com\/es\/wp-json\/wp\/v2\/users\/2"}],"replies":[{"embeddable":true,"href":"https:\/\/www.europesays.com\/es\/wp-json\/wp\/v2\/comments?post=293359"}],"version-history":[{"count":0,"href":"https:\/\/www.europesays.com\/es\/wp-json\/wp\/v2\/posts\/293359\/revisions"}],"wp:featuredmedia":[{"embeddable":true,"href":"https:\/\/www.europesays.com\/es\/wp-json\/wp\/v2\/media\/293360"}],"wp:attachment":[{"href":"https:\/\/www.europesays.com\/es\/wp-json\/wp\/v2\/media?parent=293359"}],"wp:term":[{"taxonomy":"category","embeddable":true,"href":"https:\/\/www.europesays.com\/es\/wp-json\/wp\/v2\/categories?post=293359"},{"taxonomy":"post_tag","embeddable":true,"href":"https:\/\/www.europesays.com\/es\/wp-json\/wp\/v2\/tags?post=293359"}],"curies":[{"name":"wp","href":"https:\/\/api.w.org\/{rel}","templated":true}]}}