{"id":293405,"date":"2025-12-17T21:23:08","date_gmt":"2025-12-17T21:23:08","guid":{"rendered":"https:\/\/www.europesays.com\/es\/293405\/"},"modified":"2025-12-17T21:23:08","modified_gmt":"2025-12-17T21:23:08","slug":"froome-se-resiste-al-adios","status":"publish","type":"post","link":"https:\/\/www.europesays.com\/es\/293405\/","title":{"rendered":"Froome se resiste al adi\u00f3s"},"content":{"rendered":"<p class=\"\">Fue una de las grandes estrellas presentes en M\u00f3naco, <b>pa\u00eds en el que reside, en la revelaci\u00f3n del recorrido de La Vuelta 2026, <\/b>y es que <a href=\"https:\/\/as.com\/noticias\/christopher-froome\/\" target=\"_self\" rel=\"nofollow noopener\" title=\"https:\/\/as.com\/noticias\/christopher-froome\/\">Chris Froome<\/a> (40 a\u00f1os), todo un cu\u00e1druple ganador del Tour, dos veces en La Vuelta y una en el Giro de Italia, y que actualmente se encuentra sin equipo tras acabar su contrato con el Israel (el nuevo NSN),<b> no anuncia su retirada. <\/b>Al menos de momento, y es que el brit\u00e1nico sali\u00f3 justo esta semana del hospital por la grave ca\u00edda que sufri\u00f3 en agosto.<\/p>\n<p class=\"\"><b>\u201cCuando estaba entrenando apareci\u00f3 un coche a alta velocidad\u201d<\/b>, lament\u00f3 Chris, <a href=\"https:\/\/as.com\/ciclismo\/mas_ciclismo\/froome-vuelve-a-rodar-en-bicicleta-con-la-incognita-de-su-futuro-f202511-n\/\" target=\"_self\" rel=\"nofollow noopener\" title=\"https:\/\/as.com\/ciclismo\/mas_ciclismo\/froome-vuelve-a-rodar-en-bicicleta-con-la-incognita-de-su-futuro-f202511-n\/\">que pas\u00f3 por tres operaciones<\/a> tras sufrir roturas de costillas, neumot\u00f3rax y otras graves lesiones. <b>\u201cNo estoy listo todav\u00eda para hablar de mis planes de futuro, pero cuando sea todos los sabr\u00e9is. <\/b>Ahora estoy enfocado en mi recuperaci\u00f3n\u201d, <a href=\"https:\/\/as.com\/ciclismo\/vuelta_espana\/una-vuelta-surena-internacional-montanosa-y-con-tierra-f202512-n\/\" target=\"_self\" rel=\"nofollow noopener\" title=\"https:\/\/as.com\/ciclismo\/vuelta_espana\/una-vuelta-surena-internacional-montanosa-y-con-tierra-f202512-n\/\">cont\u00f3 tras la presentaci\u00f3n de La Vuelta 2026<\/a> a los medios desplazados, <b>entre ellos AS, con una sonrisa.<\/b> Ser\u00e1 el propio Froome el que anuncie la m\u00e1s que probable noticia.<\/p>\n<p>Noticias relacionadas<\/p>\n<p class=\"\">En el panel luminoso del escenario aparec\u00eda el mensaje \u2018\u00a1Gracias, Chris! Ganador de La Vuelta 2011 y 2017\u2032, un homenaje a un ilustre. <b>\u201cEsta carrera siempre me dio recuerdos muy especiales.<\/b> Mi primera victoria fue en Pe\u00f1a Cabarga, en 2011. Viendo esas im\u00e1genes ahora parece que es ciclismo de los 80 o 90.<b> Fue en la carrera en la que descubr\u00ed mi potencial para las grandes vueltas, <\/b>es distinta al resto y con una afici\u00f3n brutal\u201d, agradeci\u00f3, melanc\u00f3lico, el brit\u00e1nico. El tiempo dir\u00e1, aunque parece que el anuncio ser\u00e1 cuesti\u00f3n de d\u00edas o semanas.<\/p>\n<p class=\"\"><b>\u00a1Tus opiniones importan!<\/b> Comenta en los art\u00edculos y suscr\u00edbete gratis a nuestra <a href=\"https:\/\/asfan.as.com\/newsletters\/\" target=\"_blank\" rel=\"nofollow noopener\" title=\"https:\/\/asfan.as.com\/newsletters\/\">newsletter<\/a> y a las alertas informativas en la <a href=\"https:\/\/as.com\/aplicacion-de-as-n\/\" target=\"_blank\" rel=\"nofollow noopener\" title=\"https:\/\/as.com\/aplicacion-de-as-n\/\">App<\/a> o el canal de <a href=\"https:\/\/www.whatsapp.com\/channel\/0029VaAasdA7j6g745nz9M10\" target=\"_blank\" rel=\"nofollow noopener\" title=\"https:\/\/www.whatsapp.com\/channel\/0029VaAasdA7j6g745nz9M10\">WhatsApp<\/a>. \u00bfBuscas licenciar contenido? Haz clic <a href=\"https:\/\/profesional.elpais.com\/soluciones-sindicacion?utm_medium=interno&amp;utm_source=crosslinking&amp;utm_campaign=sindicacion_as_pie_articulos\" target=\"_blank\" rel=\"nofollow noopener\" title=\"https:\/\/profesional.elpais.com\/soluciones-sindicacion?utm_medium=interno&amp;utm_source=crosslinking&amp;utm_campaign=sindicacion_as_pie_articulos\">aqu\u00ed<\/a><\/p>\n","protected":false},"excerpt":{"rendered":"Fue una de las grandes estrellas presentes en M\u00f3naco, pa\u00eds en el que reside, en la revelaci\u00f3n del&hellip;\n","protected":false},"author":2,"featured_media":293406,"comment_status":"","ping_status":"","sticky":false,"template":"","format":"standard","meta":{"footnotes":""},"categories":[273],"tags":[313,312,168,25,24,23,167],"class_list":{"0":"post-293405","1":"post","2":"type-post","3":"status-publish","4":"format-standard","5":"has-post-thumbnail","7":"category-ciclismo","8":"tag-ciclismo","9":"tag-cycling","10":"tag-deportes","11":"tag-es","12":"tag-espana","13":"tag-spain","14":"tag-sports"},"share_on_mastodon":{"url":"https:\/\/pubeurope.com\/@es\/115737015319705165","error":""},"_links":{"self":[{"href":"https:\/\/www.europesays.com\/es\/wp-json\/wp\/v2\/posts\/293405","targetHints":{"allow":["GET"]}}],"collection":[{"href":"https:\/\/www.europesays.com\/es\/wp-json\/wp\/v2\/posts"}],"about":[{"href":"https:\/\/www.europesays.com\/es\/wp-json\/wp\/v2\/types\/post"}],"author":[{"embeddable":true,"href":"https:\/\/www.europesays.com\/es\/wp-json\/wp\/v2\/users\/2"}],"replies":[{"embeddable":true,"href":"https:\/\/www.europesays.com\/es\/wp-json\/wp\/v2\/comments?post=293405"}],"version-history":[{"count":0,"href":"https:\/\/www.europesays.com\/es\/wp-json\/wp\/v2\/posts\/293405\/revisions"}],"wp:featuredmedia":[{"embeddable":true,"href":"https:\/\/www.europesays.com\/es\/wp-json\/wp\/v2\/media\/293406"}],"wp:attachment":[{"href":"https:\/\/www.europesays.com\/es\/wp-json\/wp\/v2\/media?parent=293405"}],"wp:term":[{"taxonomy":"category","embeddable":true,"href":"https:\/\/www.europesays.com\/es\/wp-json\/wp\/v2\/categories?post=293405"},{"taxonomy":"post_tag","embeddable":true,"href":"https:\/\/www.europesays.com\/es\/wp-json\/wp\/v2\/tags?post=293405"}],"curies":[{"name":"wp","href":"https:\/\/api.w.org\/{rel}","templated":true}]}}