{"id":293411,"date":"2025-12-17T21:27:11","date_gmt":"2025-12-17T21:27:11","guid":{"rendered":"https:\/\/www.europesays.com\/es\/293411\/"},"modified":"2025-12-17T21:27:11","modified_gmt":"2025-12-17T21:27:11","slug":"elevan-la-pena-de-gustavo-gonzalez-y-diego-arrabal-por-el-topless-de-la-presentadora","status":"publish","type":"post","link":"https:\/\/www.europesays.com\/es\/293411\/","title":{"rendered":"elevan la pena de Gustavo Gonz\u00e1lez y Diego Arrabal por el &#8216;topless&#8217; de la presentadora"},"content":{"rendered":"<p><img loading=\"lazy\" decoding=\"async\" src=\"https:\/\/www.europesays.com\/es\/wp-content\/uploads\/2025\/12\/100x100_informalia-logo.jpg\" itemtype=\"\/\/schema.org\/ImageObject\" itemprop=\"url\" alt=\"Informalia\" width=\"64\" height=\"64\" pinger-seen=\"true\"\/><\/p>\n<p>El a\u00f1o termina con buenas noticias para la presentadora, que acaba de anotarse un nuevo tanto en su guerra judicial contra los fot\u00f3grafos <b>Gustavo Gonz\u00e1lez<\/b> y <b>Diego Arrabal<\/b>. El Tribunal Superior de Justicia ha fallado este mi\u00e9rcoles a favor de <b>Maril\u00f3 Montero<\/b>, que recurri\u00f3 una primera sentencia de 10 meses de prisi\u00f3n contra los paparazzi, y ha elevado la pena a 12 meses para ambos. Una nueva victoria judicial que sabe agridulce para la ex de Carlos Herrera, pues ella ped\u00eda seis a\u00f1os de c\u00e1rcel para los dos profesionales, adem\u00e1s de una indemnizaci\u00f3n de 265.000 euros.<\/p>\n<p>El comienzo de este enfrentamiento se remonta a 2015, cuando Maril\u00f3 Montero interpuso una demanda contra los dos paparazzi por la realizaci\u00f3n de unas fotograf\u00edas suyas en topless cuando veraneaba en Bora Bora con una amiga. Las im\u00e1genes no llegaron a publicarse, pero la presentadora asegur\u00f3 haberse sentido \u00abacosada\u00bb por el teleobjetivo de los dos profesionales y <a href=\"https:\/\/www.eleconomista.es\/informalia\/famosos\/noticias\/12700117\/02\/24\/marilo-montero-gana-la-batalla-por-su-topless-en-bora-bora-diez-meses-de-prision-para-diego-arrabal-y-gustavo-gonzalez.html\" rel=\"nofollow noopener\" target=\"_blank\">la Audiencia Provincial de Barcelona le dio la raz\u00f3n, imponiendo una condena de 10 meses de prisi\u00f3n y una multa de seis euros diarios durante ocho meses, adem\u00e1s de la mitad de las costas judiciales.<\/a><\/p>\n<p>No contenta con el resultado, Maril\u00f3 recurri\u00f3 y ahora, el TSJC confirma la condena de los paparazzis por revelaci\u00f3n de secretos y eleva su pena con dos meses m\u00e1s de c\u00e1rcel, porque la pena que impuso la Audiencia de Barcelona en su sentencia de 2024 -que aplicaba una atenuante de dilaciones indebidas- se situaba por debajo de la pena m\u00ednima prevista para ese delito. La sala desestima asimismo los recursos que presentaron los paparazzi para pedir que el TSJC los absolviera, a los que se adhiri\u00f3 la Fiscal\u00eda, que en su d\u00eda no acus\u00f3 a los fot\u00f3grafos porque no ve\u00eda delito en los hechos.<\/p>\n<p>Durante el juicio, Maril\u00f3 asegur\u00f3 que hab\u00eda sufrido un calvario: <b>\u00abMe sent\u00ed violada\u00bb<\/b>. Fueron 82 fotograf\u00edas que, seg\u00fan ella, \u00abpasaron de redacci\u00f3n en redacci\u00f3n, de mano en mano. Me las describieron con tanta precisi\u00f3n que fue realmente humillante\u00bb, asegur\u00f3. La defensa de los acusados insisti\u00f3 en que dichas im\u00e1genes jam\u00e1s fueron publicadas pero Maril\u00f3 le rest\u00f3 importancia al detalle: <b>\u00abCon esas fotograf\u00edas me violaron dos veces\u00bb<\/b>, dijo la periodista. Explic\u00f3, adem\u00e1s, que recibi\u00f3 amenazas constantes que la obligaron a \u00abhuir de mi pa\u00eds\u00bb y que tuvo que ir a Estados Unidos para \u00abacabar con la persecuci\u00f3n\u00bb.<\/p>\n<p>Ahora, el TSJC sentencia que \u00abde la simple observaci\u00f3n de las fotograf\u00edas se deduce su origen il\u00edcito\u00bb y pone de manifiesto que \u00abfueron captadas de forma subrepticia\u00bb cuando Maril\u00f3 Montero estaba en un lugar remoto, \u00abdesenvolvi\u00e9ndose de forma tranquila y relajada en el contexto de la expectativa de privacidad propia de la estancia en el domicilio\u00bb.<\/p>\n<p>WhatsApp<a href=\"https:\/\/api.whatsapp.com\/send?text=https:\/\/www.eleconomista.es\/informalia\/famosos\/noticias\/13696326\/12\/25\/nueva-victoria-judicial-de-marilo-montero-elevan-la-pena-de-gustavo-gonzalez-y-diego-arrabal-por-el-topless-de-la-presentadora.html?utm_source%3Dwhatsapp%26utm_medium%3Dshare_button&amp;id=1648118629957_whatsapp\" target=\"_blank\" data-action=\"share\/whatsapp\/share\" aria-label=\"Compartir en Whatsapp\" rel=\"nofollow noopener\"><\/a>Facebook<a id=\"fb-share\" href=\"#\" target=\"_blank\" rel=\"noopener noreferrer\" aria-label=\"Compartir en Facebook\"><\/a>Twitter<a href=\"https:\/\/twitter.com\/share?text=Nueva+victoria+judicial+de+Maril%C3%B3+Montero%3A+elevan+la+pena+de+Gustavo+Gonz%C3%A1lez+y+Diego+Arrabal+por+el+%27topless%27+de+la+presentadora&amp;url=https:\/\/www.eleconomista.es\/informalia\/famosos\/noticias\/13696326\/12\/25\/nueva-victoria-judicial-de-marilo-montero-elevan-la-pena-de-gustavo-gonzalez-y-diego-arrabal-por-el-topless-de-la-presentadora.html&amp;via=Informalia&amp;id=1648118839245_twitter\" target=\"_blank\" aria-label=\"Compartir en Twitter\" rel=\"nofollow noopener\"><\/a>Linkedin<a onclick=\"return abrirLinkedin();\" href=\"https:\/\/www.linkedin.com\/shareArticle?text=Nueva+victoria+judicial+de+Maril%C3%B3+Montero%3A+elevan+la+pena+de+Gustavo+Gonz%C3%A1lez+y+Diego+Arrabal+por+el+%27topless%27+de+la+presentadora&amp;url=https:\/\/www.eleconomista.es\/informalia\/famosos\/noticias\/13696326\/12\/25\/nueva-victoria-judicial-de-marilo-montero-elevan-la-pena-de-gustavo-gonzalez-y-diego-arrabal-por-el-topless-de-la-presentadora.html&amp;mini=true\" target=\"_blank\" aria-label=\"Compartir en linkedin\" rel=\"nofollow noopener\"><\/a>Beloud<a href=\"https:\/\/beloud.com\/share?text=Nueva+victoria+judicial+de+Maril%C3%B3+Montero%3A+elevan+la+pena+de+Gustavo+Gonz%C3%A1lez+y+Diego+Arrabal+por+el+%27topless%27+de+la+presentadora&amp;url=https:\/\/www.eleconomista.es\/informalia\/famosos\/noticias\/13696326\/12\/25\/nueva-victoria-judicial-de-marilo-montero-elevan-la-pena-de-gustavo-gonzalez-y-diego-arrabal-por-el-topless-de-la-presentadora.html&amp;via=Informalia&amp;id=1648118839245_beloud\" target=\"_blank\" aria-label=\"Compartir en beloud\" rel=\"nofollow noopener\"><\/a>Bluesky<a href=\"https:\/\/bsky.app\/intent\/compose?text=https:\/\/bsky.app\/intent\/compose?text=https:\/\/www.eleconomista.es\/informalia\/famosos\/noticias\/13696326\/12\/25\/nueva-victoria-judicial-de-marilo-montero-elevan-la-pena-de-gustavo-gonzalez-y-diego-arrabal-por-el-topless-de-la-presentadora.html&amp;url=https:\/\/www.eleconomista.es\/informalia\/famosos\/noticias\/13696326\/12\/25\/nueva-victoria-judicial-de-marilo-montero-elevan-la-pena-de-gustavo-gonzalez-y-diego-arrabal-por-el-topless-de-la-presentadora.html&amp;via=elEconomistaes&amp;id=1648118839245_bluesky\" target=\"_blank\" aria-label=\"Compartir en bluesky\" rel=\"nofollow noopener\"><\/a><\/p>\n<p><script async src=\"https:\/\/platform.twitter.com\/widgets.js\" charset=\"utf-8\"><\/script><\/p>\n","protected":false},"excerpt":{"rendered":"El a\u00f1o termina con buenas noticias para la presentadora, que acaba de anotarse un nuevo tanto en su&hellip;\n","protected":false},"author":2,"featured_media":293412,"comment_status":"","ping_status":"","sticky":false,"template":"","format":"standard","meta":{"footnotes":""},"categories":[174],"tags":[255,146,147,25,24,256,260,23],"class_list":{"0":"post-293411","1":"post","2":"type-post","3":"status-publish","4":"format-standard","5":"has-post-thumbnail","7":"category-famosos","8":"tag-celebrities","9":"tag-entertainment","10":"tag-entretenimiento","11":"tag-es","12":"tag-espana","13":"tag-famosos","14":"tag-gente","15":"tag-spain"},"share_on_mastodon":{"url":"https:\/\/pubeurope.com\/@es\/115737031515005862","error":""},"_links":{"self":[{"href":"https:\/\/www.europesays.com\/es\/wp-json\/wp\/v2\/posts\/293411","targetHints":{"allow":["GET"]}}],"collection":[{"href":"https:\/\/www.europesays.com\/es\/wp-json\/wp\/v2\/posts"}],"about":[{"href":"https:\/\/www.europesays.com\/es\/wp-json\/wp\/v2\/types\/post"}],"author":[{"embeddable":true,"href":"https:\/\/www.europesays.com\/es\/wp-json\/wp\/v2\/users\/2"}],"replies":[{"embeddable":true,"href":"https:\/\/www.europesays.com\/es\/wp-json\/wp\/v2\/comments?post=293411"}],"version-history":[{"count":0,"href":"https:\/\/www.europesays.com\/es\/wp-json\/wp\/v2\/posts\/293411\/revisions"}],"wp:featuredmedia":[{"embeddable":true,"href":"https:\/\/www.europesays.com\/es\/wp-json\/wp\/v2\/media\/293412"}],"wp:attachment":[{"href":"https:\/\/www.europesays.com\/es\/wp-json\/wp\/v2\/media?parent=293411"}],"wp:term":[{"taxonomy":"category","embeddable":true,"href":"https:\/\/www.europesays.com\/es\/wp-json\/wp\/v2\/categories?post=293411"},{"taxonomy":"post_tag","embeddable":true,"href":"https:\/\/www.europesays.com\/es\/wp-json\/wp\/v2\/tags?post=293411"}],"curies":[{"name":"wp","href":"https:\/\/api.w.org\/{rel}","templated":true}]}}