{"id":293468,"date":"2025-12-17T22:13:19","date_gmt":"2025-12-17T22:13:19","guid":{"rendered":"https:\/\/www.europesays.com\/es\/293468\/"},"modified":"2025-12-17T22:13:19","modified_gmt":"2025-12-17T22:13:19","slug":"mi-madre-bajo-y-se-presento-en-la-clase-del-profesor-y-le-echo-la-bronca-delante-de-todos-nosotros-recuerdo-que-le-dijo-no-se-le-ocurra-tocar-la-mano-de-mi-hijo","status":"publish","type":"post","link":"https:\/\/www.europesays.com\/es\/293468\/","title":{"rendered":"\u201cMi madre baj\u00f3 y se present\u00f3 en la clase del profesor y le ech\u00f3 la bronca delante de todos nosotros. Recuerdo que le dijo \u2018No se le ocurra tocar la mano de mi hijo\u2019\u201d"},"content":{"rendered":"<p>Javier C\u00e1mara (58 a\u00f1os) nunca ocult\u00f3 sus or\u00edgenes en un pueblo de La Rioja. El actor ha hablado en multitud de ocasiones sobre las distintas etapas que vivi\u00f3 en su pueblo natal hasta que un d\u00eda decidi\u00f3 dar el salto a la capital del pa\u00eds. La b\u00fasqueda de sus sue\u00f1os estuvo muy presente, pero hasta llegar a convertirse en el grand\u00edsimo actor de la actualidad, tambi\u00e9n sufri\u00f3 algunas situaciones controvertidas. Sin embargo, <strong>su madre siempre permaneci\u00f3 a su lado para defenderlo.<\/strong><\/p>\n<p>C\u00e1mara se ha convertido en un rostro totalmente reconocible para la gran mayor\u00eda. Su \u00e9xito en diferentes series y pel\u00edculas lo han avalado durante a\u00f1os. De hecho, no ha dudado en confesar incluso que ha sido <a href=\"https:\/\/www.lecturas.com\/television\/javier-camara-58-anos-algunos-mis-exitos-profesionales-he-vivido-como-fracasos-porque-me-han-llegado-mal-momento-personal_183790\" rel=\"nofollow noopener\" target=\"_blank\">actor por descarte<\/a>, ya que en un principio no hab\u00eda barajado esta profesi\u00f3n para \u00e9l. Pero <strong>las circunstancias han cambiado<\/strong> con el paso de los a\u00f1os. Adem\u00e1s, ha sido algo que \u00e9l mismo ha manifestado en las distintas entrevistas que ha concedido con motivo de sus estrenos interpretativos.<\/p>\n<p>Su madre, su gran apoyo<\/p>\n<p>A lo largo de las diferentes entrevistas que ha concedido, el actor ha hablado de su infancia, pero tambi\u00e9n de sus padres. C\u00e1mara ha acudido al p\u00f3dcast de la Cadena SER \u2018En clave de Rhodes\u2019, donde ha hablado de diferentes situaciones relacionadas con su <strong>crisis de identidad en la infancia.<\/strong> Una figura clave en esta etapa ha sido su madre, la persona que m\u00e1s le ha inspirado en su vida.<\/p>\n<p><img loading=\"lazy\" decoding=\"async\"   src=\"https:\/\/www.europesays.com\/es\/wp-content\/uploads\/2025\/12\/javier-camara_4a67df0d_251217180253_1200x789.webp.webp\" alt=\"Javier C\u00e1mara\" class=\"lazyload\" width=\"1200\" height=\"789\" data-aspectratio=\"1200\/789\"\/><\/p>\n<p>Su madre sali\u00f3 en su defensa cuando en el colegio le obligaron a escribir con la mano derecha siendo zurdo.<\/p>\n<p>&#13;Gtres<\/p>\n<p>El actor ha contado una an\u00e9cdota de dicha etapa. \u201cYo soy zurdo y cuando ten\u00eda siete a\u00f1os, en el a\u00f1o 75, mi madre se dio cuenta un d\u00eda de que yo cog\u00eda el l\u00e1piz con la derecha. Me pregunt\u00f3 \u2018\u00bfPor qu\u00e9 haces eso?\u2019 Y yo le dije que <strong>el profesor me obligaba a escribir con la derecha<\/strong> porque era \u2018la mano de Dios\u2019\u201d, ha explicado Javier sobre esta \u00e9poca en la que hab\u00eda ciertas represiones con seg\u00fan qu\u00e9 cosas.<\/p>\n<p><img decoding=\"async\" src=\"https:\/\/www.europesays.com\/es\/wp-content\/uploads\/2025\/12\/ana-o_74a445e5_251217143401_800x800.webp.webp\" alt=\"Ana O\" class=\"image lazyload\"\/><img loading=\"lazy\" decoding=\"async\" src=\"https:\/\/www.europesays.com\/es\/wp-content\/uploads\/2025\/12\/ana-o_74a445e5_251217143343_1280x720.webp.webp\" alt=\"As\u00ed hablaba Ana Obreg\u00f3n en 1981 cuando conoci\u00f3 a Jeffrey Epstein: &quot;Por desgracia estoy enamorada. Es un hombre americano que tiene un car\u00e1cter dif\u00edcil\u201d\" class=\"image lazyload\" width=\"1280\" height=\"720\" data-aspectratio=\"1280\/720\"\/><\/p>\n<p>Pero su madre quiso tomar cartas en el asunto. \u201cAl d\u00eda siguiente, mi madre baj\u00f3 y se present\u00f3 en la clase del profesor y le ech\u00f3 la bronca delante de todos nosotros. <strong>Recuerdo que le dijo: \u2018No se le ocurra tocar la mano de mi hijo<\/strong>. Mi hijo es zurdo y yo estoy muy orgullosa de que sea zurdo\u2019\u201d, asegur\u00f3 el actor sobre esas palabras de defensa de su progenitora. No obstante, hubo consecuencias. \u201cYo estaba sentado en la segunda fila y a partir de ese d\u00eda estuve sentado en la \u00faltima. Ese d\u00eda empez\u00f3 mi recorrido de zurdo por la vida de los diestros\u201d, expres\u00f3 el actor con cierta emoci\u00f3n.<\/p>\n<p>Su crisis de identidad<\/p>\n<p>El actor se crio en un entorno rural, ya que su padre era agricultor. En aquella \u00e9poca y en esas circunstancias, tuvo serias dudas sobre algunos aspectos de la vida. \u201c<strong>Ni siquiera sab\u00eda que me pod\u00eda enamorar de otro hombre<\/strong>. No hab\u00eda pel\u00edculas ni referentes\u201d, confesaba en el mencionado p\u00f3dcast. Una vida alejada de lo que \u00e9l buscaba para s\u00ed mismo y que siempre tuvo claro que no quer\u00eda para un futuro.<\/p>\n<p><img loading=\"lazy\" decoding=\"async\"   src=\"https:\/\/www.europesays.com\/es\/wp-content\/uploads\/2025\/12\/javier-camara_00000000_251217180528_1200x1800.webp.webp\" alt=\"Javier C\u00e1mara\" class=\"lazyload\" width=\"1200\" height=\"1800\" data-aspectratio=\"1200\/1800\"\/><\/p>\n<p>El actor ha declarado que en su infancia desconoc\u00eda que pod\u00eda enamorarse de un hombre.<\/p>\n<p>&#13;Gtres<\/p>\n<p>El riojano ha hecho m\u00e1s confesiones sobre esta crisis. \u201cRecuerdo los esfuerzos que se hace como adolescente por sentirse querido, por tener un reba\u00f1o que te proteja. Y yo tambi\u00e9n lo hice, incluso tapando tu propia identidad\u201d, ha declarado. \u201cSab\u00eda que a m\u00ed me gustaban los chicos y en mi pueblo ve\u00eda que a nadie le gustaban los chicos y que todos empezaban a enamorarse. Pensaba: <strong>\u2018Yo soy distinto y, como lo diga, me van a pegar una paliza\u2019<\/strong>\u201d, ha expresado sobre el temor de aquella \u00e9poca.<\/p>\n<p><img decoding=\"async\" src=\"https:\/\/www.europesays.com\/es\/wp-content\/uploads\/2025\/12\/javier-camara_0d4aa0e8_251104064759_800x800.webp.webp\" alt=\"Javier C\u00e1mara\" class=\"image lazyload\"\/><img loading=\"lazy\" decoding=\"async\" src=\"https:\/\/www.europesays.com\/es\/wp-content\/uploads\/2025\/12\/javier-camara_0d4aa0e8_251104064804_1280x720.webp.webp\" alt=\"Javier C\u00e1mara (58 a\u00f1os): \u201cAlgunos de mis \u00e9xitos profesionales los he vivido como fracasos, porque me han llegado en un mal momento personal\u201d\" class=\"image lazyload\" width=\"1280\" height=\"720\" data-aspectratio=\"1280\/720\"\/><\/p>\n<p>La situaci\u00f3n no parec\u00eda mejorar en la adolescencia, ya que ech\u00f3 en falta esos referentes en el cine a los que poder acogerse. \u201cTienes 14, 15, 16 a\u00f1os y sientes que tus deseos son otros y no te ves correspondido en ninguna pel\u00edcula ninguna, en ninguna realidad. No puedes hablar sobre eso y cuando alguien habla de eso lo hace soterradamente, es algo tab\u00fa y malo y p\u00e9simo. Y, claro, t\u00fa te sientes horrible, <strong>mi identidad estaba machacada<\/strong>\u201d, revel\u00f3 el actor.<\/p>\n<p>Su cambio vital<\/p>\n<p>Con apenas 20 a\u00f1os, un profesor de Historia le hizo una recomendaci\u00f3n que nunca olvidar\u00e1. \u00c9l vio un talento innato en Javier para la interpretaci\u00f3n, por lo que lo anim\u00f3 a <strong>mudarse a Madrid a probar suerte<\/strong>. Aquella etapa fue complicada, ya que le cost\u00f3 adaptarse a la vida en la capital del pa\u00eds. Sobre todo, para una persona que proced\u00eda de un entorno rural y una vida bastante m\u00e1s tranquila.<\/p>\n<p><img loading=\"lazy\" decoding=\"async\"   src=\"https:\/\/www.europesays.com\/es\/wp-content\/uploads\/2025\/12\/javier-camara_00000000_021380a0_251217180651_1200x799.webp.webp\" alt=\"Javier C\u00e1mara\" class=\"lazyload\" width=\"1200\" height=\"799\" data-aspectratio=\"1200\/799\"\/><\/p>\n<p>El actor se mud\u00f3 a Madrid con 20 a\u00f1os para probar suerte en el mundo de la interpretaci\u00f3n.<\/p>\n<p>&#13;<\/p>\n<p>En la actualidad, todo ha cambiado y el propio actor ha hecho referencia a esta situaci\u00f3n. \u201cEmpec\u00e9 a sacar la cabecita, pero me cost\u00f3 mucho tiempo. Ahora hay unas generaciones de gente tan luchadora, tan bonita y tan bella que digo: <strong>\u2018Qu\u00e9 maravilla que les haya tocado esto as\u00ed\u2019<\/strong>. A m\u00ed me daba mucha verg\u00fcenza, pensaba que no me iban a dar trabajo, que no me iba a venir bien o que no me iban a querer\u201d, ha desvelado en este p\u00f3dcast.<\/p>\n","protected":false},"excerpt":{"rendered":"Javier C\u00e1mara (58 a\u00f1os) nunca ocult\u00f3 sus or\u00edgenes en un pueblo de La Rioja. El actor ha hablado&hellip;\n","protected":false},"author":2,"featured_media":293469,"comment_status":"","ping_status":"","sticky":false,"template":"","format":"standard","meta":{"footnotes":""},"categories":[174],"tags":[255,146,147,25,24,256,23],"class_list":{"0":"post-293468","1":"post","2":"type-post","3":"status-publish","4":"format-standard","5":"has-post-thumbnail","7":"category-famosos","8":"tag-celebrities","9":"tag-entertainment","10":"tag-entretenimiento","11":"tag-es","12":"tag-espana","13":"tag-famosos","14":"tag-spain"},"share_on_mastodon":{"url":"https:\/\/pubeurope.com\/@es\/115737213254793818","error":""},"_links":{"self":[{"href":"https:\/\/www.europesays.com\/es\/wp-json\/wp\/v2\/posts\/293468","targetHints":{"allow":["GET"]}}],"collection":[{"href":"https:\/\/www.europesays.com\/es\/wp-json\/wp\/v2\/posts"}],"about":[{"href":"https:\/\/www.europesays.com\/es\/wp-json\/wp\/v2\/types\/post"}],"author":[{"embeddable":true,"href":"https:\/\/www.europesays.com\/es\/wp-json\/wp\/v2\/users\/2"}],"replies":[{"embeddable":true,"href":"https:\/\/www.europesays.com\/es\/wp-json\/wp\/v2\/comments?post=293468"}],"version-history":[{"count":0,"href":"https:\/\/www.europesays.com\/es\/wp-json\/wp\/v2\/posts\/293468\/revisions"}],"wp:featuredmedia":[{"embeddable":true,"href":"https:\/\/www.europesays.com\/es\/wp-json\/wp\/v2\/media\/293469"}],"wp:attachment":[{"href":"https:\/\/www.europesays.com\/es\/wp-json\/wp\/v2\/media?parent=293468"}],"wp:term":[{"taxonomy":"category","embeddable":true,"href":"https:\/\/www.europesays.com\/es\/wp-json\/wp\/v2\/categories?post=293468"},{"taxonomy":"post_tag","embeddable":true,"href":"https:\/\/www.europesays.com\/es\/wp-json\/wp\/v2\/tags?post=293468"}],"curies":[{"name":"wp","href":"https:\/\/api.w.org\/{rel}","templated":true}]}}