{"id":293478,"date":"2025-12-17T22:20:39","date_gmt":"2025-12-17T22:20:39","guid":{"rendered":"https:\/\/www.europesays.com\/es\/293478\/"},"modified":"2025-12-17T22:20:39","modified_gmt":"2025-12-17T22:20:39","slug":"csic-y-fecyt-escogen-las-fotografias-cientificas-y-tecnologicas-mas-impactantes-del-ano-en-fotciencia21","status":"publish","type":"post","link":"https:\/\/www.europesays.com\/es\/293478\/","title":{"rendered":"CSIC y FECYT escogen las fotograf\u00edas cient\u00edficas y tecnol\u00f3gicas m\u00e1s impactantes del a\u00f1o en FOTCIENCIA21"},"content":{"rendered":"<p class=\"cuerpodetexto\">FOTCIENCIA, la iniciativa de divulgaci\u00f3n de la ciencia del Consejo Superior de Investigaciones Cient\u00edficas (CSIC) y la Fundaci\u00f3n Espa\u00f1ola para la Ciencia y la Tecnolog\u00eda (FECYT), ha seleccionado las fotograf\u00edas cient\u00edficas y tecnol\u00f3gicas m\u00e1s impactantes del a\u00f1o.<\/p>\n<p class=\"cuerpodetexto\">El comit\u00e9 de selecci\u00f3n de FOTCIENCIA21 ha destacado <strong>siete im\u00e1genes\u00a0<\/strong>que retratan<strong>\u00a0<\/strong>fen\u00f3menos muy distintos: el momento exacto del tallado de una pieza de s\u00edlex y un reba\u00f1o de vacas contemplando un entorno escarchado en el que no han elegido vivir, en la modalidad General; unos granos microsc\u00f3picos de polen sobre las alas de una mariposa y el intestino de una rata enrollado en forma de espiral, en la modalidad Micro; y la vista a\u00e9rea de un barranco, un huevo iluminado con luz ultravioleta y un \u2018falso\u2019 rot\u00edfero fluorescente, en otras categor\u00edas.<\/p>\n<p class=\"cuerpodetexto\"><a name=\"_Hlk216779015\" id=\"_Hlk216779015\">Esta edici\u00f3n de\u00a0<\/a><a href=\"https:\/\/fotciencia.es\/\" rel=\"nofollow noopener\" target=\"_blank\">FOTCIENCIA<\/a> tambi\u00e9n incluye la <strong>modalidad ACTS,<\/strong> con la intenci\u00f3n de reforzar la interrelaci\u00f3n <strong>Arte, Ciencia, Tecnolog\u00eda y Sociedad<\/strong> (ACTS), explorar nuevas v\u00edas de expresi\u00f3n art\u00edstica y potenciar el impacto de la exposici\u00f3n que dar\u00e1 a conocer las im\u00e1genes. La propuesta seleccionada en esta categor\u00eda, bajo el t\u00edtulo \u201c\u00a1\u00a1Corre, corre, que te pillo, estornino, estorninillo!!\u201d, acompa\u00f1ar\u00e1 a la muestra y recrear\u00e1, en formato sonoro, el movimiento migratorio de los estorninos, su vuelo y su huida frente a una amenaza animal. Esta composici\u00f3n sonora est\u00e1 inspirada en \u201cEl murmullo atacado\u201d, fotograf\u00eda de Roberto Bueno Hern\u00e1ndez que captura el momento en que un halc\u00f3n peregrino acecha a sus presas y que fue seleccionada en la modalidad General en FOTCIENCIA19.<\/p>\n<p class=\"cuerpodetexto\">Las siete im\u00e1genes seleccionadas y la composici\u00f3n sonora formar\u00e1n parte de <strong>un cat\u00e1logo<\/strong> y una <strong>exposici\u00f3n itinerante<\/strong> que recorrer\u00e1 museos, centros de investigaci\u00f3n, universidades y espacios culturales de todo el pa\u00eds durante los pr\u00f3ximos a\u00f1os. El cat\u00e1logo y la muestra incluir\u00e1n tambi\u00e9n otras fotograf\u00edas escogidas entre las <strong>m\u00e1s de 500 propuestas recibidas en esta edici\u00f3n<\/strong>, de las cuales 12 se presentaron en la modalidad ACTS y 23 involucran al personal docente y alumnado en la divulgaci\u00f3n cient\u00edfica (modalidad La Ciencia en el Aula).<\/p>\n<p class=\"cuerpodetexto\">La selecci\u00f3n de fotograf\u00edas ha sido llevada a cabo por un comit\u00e9 multidisciplinar formado por <strong>M\u00f3nica Carabias<\/strong>, directora del Centro Nacional de Fotograf\u00eda; <strong>Sonia Fr\u00edas<\/strong>, coordinadora del \u00e1rea de Innovaci\u00f3n, Ciencia y Formaci\u00f3n del C\u00edrculo de Bellas Artes; <strong>Julio Marchamalo<\/strong>, f\u00edsico y fot\u00f3grafo en la Oficina europea de FECYT; <strong>Jaime Mart\u00edn-Benito<\/strong>, vocal de la Sociedad de Microscop\u00eda de Espa\u00f1a e investigador del Centro Nacional de Biotecnolog\u00eda (CNB-CSIC); <strong>Francisca Mulero<\/strong>,\u00a0 responsable de la Unidad de Imagen Molecular del Centro Nacional de Investigaciones Oncol\u00f3gicas (CNIO); <strong>Chus Recio<\/strong>, fot\u00f3grafa, ingeniera y fil\u00f3sofa, en representaci\u00f3n de la Red ACTS;\u00a0 <strong>Almudena del Rosal<\/strong>, subdirectora general de Ense\u00f1anzas Art\u00edsticas de la Consejer\u00eda de Educaci\u00f3n, Ciencia y Universidades de la Comunidad de Madrid; <strong>\u00c9ric \u00dabeda<\/strong>, director de Cultura Cient\u00edfica del Instituto de Agroqu\u00edmica y Tecnolog\u00eda de los Alimentos (IATA-CSIC); <strong>Pablo Zarco Tejada<\/strong>, investigador del Instituto de Agricultura Sostenible (IAS-CSIC); <strong>Rosa Cape\u00e1ns<\/strong>, directora de Cultura Cient\u00edfica y de la Innovaci\u00f3n de FECYT; y\u00a0<strong> <\/strong><strong>Pura Fern\u00e1ndez<\/strong>, vicepresidenta adjunta de Cultura Cient\u00edfica y Ciencia Ciudadana del CSIC.<\/p>\n<p class=\"cuerpodetexto\">FOTCIENCIA es una iniciativa organizada por el CSIC y la FECYT cuyo objetivo principal es acercar la ciencia a la ciudadan\u00eda mediante la fotograf\u00eda cient\u00edfica y promover entre la comunidad cient\u00edfica la divulgaci\u00f3n de su trabajo al conjunto de la sociedad.<\/p>\n<p>Los ocho trabajos seleccionados en FOTCIENCIA21<\/p>\n<p><img decoding=\"async\" data-entity-uuid=\"edf1c50f-94f4-4546-900c-6354740e0448\" data-entity-type=\"file\" src=\"https:\/\/www.europesays.com\/es\/wp-content\/uploads\/2025\/12\/FOTCIENCIA21_GENERAL_1.jpg\" alt=\"tallado silex\" width=\"100%\"\/><\/p>\n<p><strong>Modalidad General,\u00a0remunerada con 1.500 euros<\/strong><\/p>\n<p class=\"cuerpodetexto\"><strong>T\u00edtulo<\/strong>: G\u00e9nesis<\/p>\n<p><strong>Autor\u00eda<\/strong>: Maria Dolors Guill\u00e9n Esp\u00ednola<\/p>\n<p class=\"cuerpodetexto\"><strong>Descripci\u00f3n de la autora<\/strong>: Esta fotograf\u00eda captura el momento exacto en el que un percutor de cuarcita impacta en un bloque de s\u00edlex. En este golpe no hay azar: hay intenci\u00f3n, previsi\u00f3n y un prop\u00f3sito. La imagen representa la b\u00fasqueda y la decisi\u00f3n de transformar para resolver; el origen de la primera tecnolog\u00eda. Actualmente, la arqueolog\u00eda experimental recupera este proceso. Mediante la reproducci\u00f3n de la fabricaci\u00f3n de herramientas l\u00edticas y las t\u00e9cnicas asociadas, la comunidad cient\u00edfica busca comprender c\u00f3mo nuestros antepasados transformaron la piedra en herramientas y, con ello, el pensamiento en acci\u00f3n. El s\u00edlex fue, durante miles de a\u00f1os, un aliado fiel. Dominar su talla exigi\u00f3 planificaci\u00f3n y transmisi\u00f3n de conocimientos. Fue, en definitiva, la g\u00e9nesis de la cultura material: el primer paso hacia la innovaci\u00f3n que nos define como especie y nos hace humanos.<\/p>\n<p><img decoding=\"async\" data-entity-uuid=\"8a3f7e6d-3600-4da5-ae9a-4fd0962ff09f\" data-entity-type=\"file\" src=\"https:\/\/www.europesays.com\/es\/wp-content\/uploads\/2025\/12\/FOTCIENCIA21_GENERAL_2.jpg\" alt=\"VACAS ESCARCHA\" width=\"100%\"\/><\/p>\n<p><strong>Modalidad General,\u00a0remunerada con 1.000 euros<\/strong><\/p>\n<p class=\"cuerpodetexto\"><strong>T\u00edtulo<\/strong>: Miradas en la escarcha<\/p>\n<p class=\"cuerpodetexto\"><strong>Autor\u00eda<\/strong>: Bel\u00e9n Andr\u00e9s Bay\u00f3n<\/p>\n<p class=\"cuerpodetexto\"><strong>Descripci\u00f3n de la autora<\/strong>: Una ma\u00f1ana de escarcha revela el cruce entre naturaleza y acci\u00f3n humana. El vapor de agua, al cristalizar sobre ramas, hierba y estructuras met\u00e1licas, da lugar a la helada blanca, un fen\u00f3meno f\u00edsico que transforma el paisaje en una escena casi inm\u00f3vil. Tras la valla, el ganado observa en silencio, adaptado a un entorno que no ha elegido, modelado por la intervenci\u00f3n productiva. La imagen muestra c\u00f3mo biolog\u00eda, climatolog\u00eda y actividad humana convergen en sistemas ganaderos que dependen de un equilibrio cada vez m\u00e1s fr\u00e1gil. Esta convivencia entre ciencia, medio ambiente y producci\u00f3n plantea preguntas esenciales. \u00bfC\u00f3mo se adaptan los seres vivos y los sistemas productivos a condiciones clim\u00e1ticas cada vez m\u00e1s variables? \u00bfQu\u00e9 papel juega la ciencia en garantizar su sostenibilidad?<\/p>\n<p><img decoding=\"async\" src=\"https:\/\/www.europesays.com\/es\/wp-content\/uploads\/2025\/12\/FOTCIENCIA21_MICRO_1.jpg\" data-entity-uuid=\"b1090aa4-d4ff-4653-ab79-5c76420cd5a2\" data-entity-type=\"file\" alt=\"POLEN MARIPOSA\" width=\"100%\"\/><\/p>\n<p><strong>Modalidad Micro,\u00a0remunerada con 1.500 euros<\/strong><\/p>\n<p class=\"cuerpodetexto\"><strong>T\u00edtulo<\/strong>: Frutos microsc\u00f3picos<\/p>\n<p class=\"cuerpodetexto\"><strong>Autor\u00eda<\/strong>: Brandon Antonio Segura Torres<\/p>\n<p class=\"cuerpodetexto\"><strong>Coautor\u00eda<\/strong>: Priscilla Vieto Bonilla<\/p>\n<p class=\"cuerpodetexto\"><strong>Descripci\u00f3n <\/strong><strong>de los autores:\u00a0<\/strong>Las alas de una mariposa parecen simples superficies de color, pero bajo el aumento revelan un tapiz de diminutas escamas que reflejan la luz y atrapan el polen. En esta imagen, los granos amarillos destacan sobre el mosaico rojo de escamas, siendo testimonio de un encuentro entre dos mundos: el vegetal y el animal. Las mariposas, al igual que las abejas, son polinizadoras silenciosas que trasladan la fertilidad de una flor a otra mientras buscan alimento o descanso. Cada escama cumple una funci\u00f3n aerodin\u00e1mica y crom\u00e1tica, pero tambi\u00e9n se convierte en un veh\u00edculo involuntario de vida. As\u00ed, en lo m\u00e1s delicado del vuelo se esconde la fuerza que sostiene la diversidad de los ecosistemas terrestres.<\/p>\n<p><img decoding=\"async\" data-entity-uuid=\"7da7f251-f676-4dc7-9357-e9c52ee00732\" data-entity-type=\"file\" src=\"https:\/\/www.europesays.com\/es\/wp-content\/uploads\/2025\/12\/FOTCIENCIA21_MICRO_2.jpg\" alt=\"UZUMAKI\" width=\"100%\"\/><\/p>\n<p><strong>Modalidad Micro,\u00a0remunerada con 1.000 euros<\/strong><\/p>\n<p class=\"cuerpodetexto\"><strong>T\u00edtulo<\/strong>: Uzumaki<\/p>\n<p class=\"cuerpodetexto\"><strong>Autor\u00eda<\/strong>: Daniel Garc\u00eda Ovejero<\/p>\n<p class=\"cuerpodetexto\"><strong>Coautor\u00eda:<\/strong> Javier Mazar\u00edo Torrijos<\/p>\n<p class=\"cuerpodetexto\"><strong>Descripci\u00f3n de los autores<\/strong>: El estudio microsc\u00f3pico del intestino resulta complicado debido a su forma tubular y a su gran longitud. Para superar este desaf\u00edo, los hist\u00f3logos hemos ideado una soluci\u00f3n ingeniosa que permite analizar extensos tramos del \u00f3rgano de forma representativa y reproducible: la disposici\u00f3n de la muestra en \u201crollo suizo\u201d. Esta t\u00e9cnica consiste en enrollar cuidadosamente el tejido intestinal antes de realizar cortes finos, lo que da como resultado im\u00e1genes en las que el intestino aparece dispuesto en espiral. En la micrograf\u00eda se observa un corte de pocas micras de grosor que abarca 8,5 cm de intestino de rata, obtenido con un objetivo de 10x. A lo largo de la preparaci\u00f3n pueden distinguirse las vellosidades y criptas intestinales organizadas en una elegante voluta o espiral (en japon\u00e9s, Uzumaki), semejante a la concha de un caracol.<\/p>\n<p><img decoding=\"async\" data-entity-uuid=\"68a4bdb0-23df-4cc2-94ad-8cdbf5fa823a\" data-entity-type=\"file\" src=\"https:\/\/www.europesays.com\/es\/wp-content\/uploads\/2025\/12\/FOTCIENCIA21_IAS.jpg\" alt=\"BARRANCO\" width=\"100%\"\/><\/p>\n<p><strong>Modalidad Agricultura Sostenible, remunerada con 600 euros<\/strong><\/p>\n<p class=\"cuerpodetexto\"><strong>T\u00edtulo<\/strong>: El desaf\u00edo de curar las heridas del suelo<\/p>\n<p class=\"cuerpodetexto\"><strong>Autor\u00eda<\/strong>: Alejandro Mu\u00f1oz Fern\u00e1ndez<\/p>\n<p class=\"cuerpodetexto\"><strong>Descripci\u00f3n del autor<\/strong>: La erosi\u00f3n y la p\u00e9rdida de suelo impactan gravemente en los terrenos agr\u00edcolas. En este olivar, una c\u00e1rcava que comenz\u00f3 como un peque\u00f1o desag\u00fce de lluvia se ha transformado en un verdadero barranco que ya ha destruido varios \u00e1rboles y divide la finca, impidiendo al agricultor pasar con el tractor. Estos procesos aumentan la escorrent\u00eda y aceleran la degradaci\u00f3n del suelo. Su manejo temprano mediante t\u00e9cnicas como los cultivos intercalados resulta clave para frenar el deterioro. La imagen sirve al personal investigador para medir la amplitud de la zanja con el fin de dise\u00f1ar estrategias de recuperaci\u00f3n y conservaci\u00f3n del terreno.<\/p>\n<p><img decoding=\"async\" data-entity-uuid=\"82cb5450-fa2f-4abb-8c58-462352560dea\" data-entity-type=\"file\" src=\"https:\/\/www.europesays.com\/es\/wp-content\/uploads\/2025\/12\/FOTCIENCIA21_IATA.jpg\" alt=\"HUEVO\" width=\"100%\"\/><\/p>\n<p><strong>Modalidad Alimentaci\u00f3n y Nutrici\u00f3n,\u00a0remunerada con 600 euros<\/strong><\/p>\n<p class=\"cuerpodetexto\"><strong>T\u00edtulo<\/strong>: Dentro del cascar\u00f3n<\/p>\n<p class=\"cuerpodetexto\"><strong>Autor\u00eda<\/strong>: Jes\u00fas Miguel Rodr\u00edguez Casta\u00f1o<\/p>\n<p class=\"cuerpodetexto\"><strong>Descripci\u00f3n del autor<\/strong>: El control de calidad del huevo comienza con la luz. La iluminaci\u00f3n interior mediante un ovoscopio permite examinar la estructura interna del huevo sin romperlo, revelando grietas, impurezas o irregularidades en la c\u00e1scara, en el interior o en la c\u00e1mara de aire, que son los indicadores de su frescura. La luz ultravioleta, aplicada desde el exterior, cumple una doble funci\u00f3n: resalta fisuras invisibles a simple vista y act\u00faa como herramienta higienizante, al inactivar microorganismos pat\u00f3genos presentes en la superficie del cascar\u00f3n. Estas t\u00e9cnicas \u00f3pticas, fruto del desarrollo cient\u00edfico en el campo de la f\u00edsica aplicada y la microbiolog\u00eda, se han incorporado a la industria alimentaria para garantizar la inocuidad del producto. La uni\u00f3n entre ciencia, tecnolog\u00eda y producci\u00f3n convierte la luz en una aliada esencial para asegurar la calidad de lo que comemos.<\/p>\n<p><img decoding=\"async\" data-entity-uuid=\"02d2b9b3-2533-44a6-9cee-7d97d405481e\" data-entity-type=\"file\" src=\"https:\/\/www.europesays.com\/es\/wp-content\/uploads\/2025\/12\/FOTCIENCIA21_AULA.jpg\" alt=\"ROT\u00cdFERO\" width=\"100%\"\/><\/p>\n<p><strong>Modalidad La Ciencia en el Aula, remunerada con 600 euros<\/strong><\/p>\n<p class=\"cuerpodetexto\"><strong>T\u00edtulo<\/strong>: Rot\u00edfero fluorescente<\/p>\n<p class=\"cuerpodetexto\"><strong>Autor\u00eda<\/strong>: Carmen Gir\u00f3n L\u00f3pez, Martina Hern\u00e1ndez Garc\u00eda y Laura Lozano<\/p>\n<p class=\"cuerpodetexto\"><strong>Descripci\u00f3n de las autoras<\/strong>: Esta imagen, inspirada en la forma de un rot\u00edfero, nos invita a explorar la belleza de lo microsc\u00f3pico y a valorar la vida que sostiene los ecosistemas. Estos microorganismos filtran part\u00edculas org\u00e1nicas ayudando a mantener la calidad del agua. Su nombre proviene del lat\u00edn rota (rueda) y fero (llevar), en referencia a la corona de cilios que gira en su cabeza. Al mezclar yoduro pot\u00e1sico diluido con agua y colorante azul alimenticio E-133, se produce un fen\u00f3meno de fluorescencia. Las estructuras arom\u00e1ticas del colorante pueden absorber la luz ultravioleta y emitir en el rango visible, especialmente al a\u00f1adir sales. El yoduro pot\u00e1sico es una sal que se utiliza a menudo en el laboratorio y participa en reacciones redox que pueden liberar energ\u00eda en forma de calor. Las diferencias de concentraci\u00f3n y densidad hacen posibles los movimientos en el interior de la mezcla que, al ser iluminada con luz ultravioleta, revela formas onduladas que parecen flotar, inspirando la imagen de un rot\u00edfero.<\/p>\n<p><img decoding=\"async\" data-entity-uuid=\"c91bd66f-a122-4945-902c-4435cf7d9e47\" data-entity-type=\"file\" src=\"https:\/\/www.europesays.com\/es\/wp-content\/uploads\/2025\/12\/ACTS0.jpg\" alt=\"ACTS\" width=\"100%\"\/><\/p>\n<p class=\"cuerpodetexto\"><strong>Modalidad Arte, Ciencia, Tecnolog\u00eda y Sociedad (ACTS), remunerada con 2.100 euros<\/strong><\/p>\n<p class=\"cuerpodetexto\"><strong>T\u00edtulo<\/strong>: \u00a1\u00a1Coree, corre, que te pillo, estornino, estorninillo!!<\/p>\n<p class=\"cuerpodetexto\"><strong>Autor\u00eda<\/strong>: Miguel \u00c1ngel Gil Fern\u00e1ndez<\/p>\n<p class=\"cuerpodetexto\"><strong>Descripci\u00f3n:<\/strong> Pieza sonora inspirada en la fotograf\u00eda titulada \u201cEl murmullo atacado\u201d, de Roberto Bueno Hern\u00e1ndez, seleccionada en FOTCIENCIA 2019, en la modalidad General.<\/p>\n<p class=\"cuerpodetexto\">El autor, Miguel \u00c1ngel Gil Fern\u00e1ndez, motivado por la imagen del movimiento migratorio de los estorninos y por el peligro que representa el ataque de un halc\u00f3n peregrino, busca ponerse en el lugar de estas aves y acompa\u00f1arlas en su experiencia din\u00e1mica por el cielo.<\/p>\n<p class=\"cuerpodetexto\">Miguel \u00c1ngel ha creado una composici\u00f3n sonora original que recrea los sonidos que producen los estorninos: sonidos que emiten en situaciones de miedo y de peligro, sonidos producidos por la velocidad de sus desplazamientos coordinados, sonidos de sus momentos de calma y, finalmente, sonidos de un desenlace positivo al llegar a su destino.<\/p>\n<p class=\"cuerpodetexto\">Durante los casi 6 minutos que dura esta composici\u00f3n sonora, podremos acompa\u00f1ar y vivir esas experiencias casi como un estornino m\u00e1s de esa bandada. La pieza acompa\u00f1ar\u00e1 a la exposici\u00f3n de FOTCIENCIA21 en su recorrido por las diversas ciudades y centros donde vaya a ser exhibida.<\/p>\n<p class=\"text-align-right\"><strong>CSIC Cultura Cient\u00edfica \/ FECYT<\/strong><\/p>\n<p>\u00a0<\/p>\n","protected":false},"excerpt":{"rendered":"FOTCIENCIA, la iniciativa de divulgaci\u00f3n de la ciencia del Consejo Superior de Investigaciones Cient\u00edficas (CSIC) y la Fundaci\u00f3n&hellip;\n","protected":false},"author":2,"featured_media":293479,"comment_status":"","ping_status":"","sticky":false,"template":"","format":"standard","meta":{"footnotes":""},"categories":[92],"tags":[119,10475,25,24,165,1816,1294,40415,166,23,120],"class_list":{"0":"post-293478","1":"post","2":"type-post","3":"status-publish","4":"format-standard","5":"has-post-thumbnail","7":"category-salud","8":"tag-ciencia","9":"tag-csic","10":"tag-es","11":"tag-espana","12":"tag-health","13":"tag-innovacion","14":"tag-investigacion","15":"tag-investigaciones-cientificas","16":"tag-salud","17":"tag-spain","18":"tag-tecnologia"},"share_on_mastodon":{"url":"https:\/\/pubeurope.com\/@es\/115737240534062853","error":""},"_links":{"self":[{"href":"https:\/\/www.europesays.com\/es\/wp-json\/wp\/v2\/posts\/293478","targetHints":{"allow":["GET"]}}],"collection":[{"href":"https:\/\/www.europesays.com\/es\/wp-json\/wp\/v2\/posts"}],"about":[{"href":"https:\/\/www.europesays.com\/es\/wp-json\/wp\/v2\/types\/post"}],"author":[{"embeddable":true,"href":"https:\/\/www.europesays.com\/es\/wp-json\/wp\/v2\/users\/2"}],"replies":[{"embeddable":true,"href":"https:\/\/www.europesays.com\/es\/wp-json\/wp\/v2\/comments?post=293478"}],"version-history":[{"count":0,"href":"https:\/\/www.europesays.com\/es\/wp-json\/wp\/v2\/posts\/293478\/revisions"}],"wp:featuredmedia":[{"embeddable":true,"href":"https:\/\/www.europesays.com\/es\/wp-json\/wp\/v2\/media\/293479"}],"wp:attachment":[{"href":"https:\/\/www.europesays.com\/es\/wp-json\/wp\/v2\/media?parent=293478"}],"wp:term":[{"taxonomy":"category","embeddable":true,"href":"https:\/\/www.europesays.com\/es\/wp-json\/wp\/v2\/categories?post=293478"},{"taxonomy":"post_tag","embeddable":true,"href":"https:\/\/www.europesays.com\/es\/wp-json\/wp\/v2\/tags?post=293478"}],"curies":[{"name":"wp","href":"https:\/\/api.w.org\/{rel}","templated":true}]}}