{"id":293560,"date":"2025-12-17T23:18:11","date_gmt":"2025-12-17T23:18:11","guid":{"rendered":"https:\/\/www.europesays.com\/es\/293560\/"},"modified":"2025-12-17T23:18:11","modified_gmt":"2025-12-17T23:18:11","slug":"la-vuelta-a-espana-llegara-a-la-provincia-el-5-de-septiembre-con-salida-en-jaen-y-llegada-al-alto-de-la-pandera","status":"publish","type":"post","link":"https:\/\/www.europesays.com\/es\/293560\/","title":{"rendered":"La Vuelta a Espa\u00f1a llegar\u00e1 a la provincia el 5 de septiembre con salida en Ja\u00e9n y llegada al alto de La Pandera"},"content":{"rendered":"\n<p>La Vuelta 26 arrancar\u00e1 por primera vez desde el Principado de M\u00f3naco y concluir\u00e1 en la Alhambra de Granada tras un recorrido de marcado car\u00e1cter mediterr\u00e1neo y en una de las ediciones que, pese a la ausencia de la cordillera cant\u00e1brica y buena parte del Pirineo, se prev\u00e9 de las m\u00e1s duras de su historia, con 21 etapas que se disputar\u00e1n del 22 de agosto al 11 de septiembre. La provincia de Ja\u00e9n, con el apoyo de la Diputaci\u00f3n, acoger\u00e1 una jornada \u00edntegra, tal y como inform\u00f3 en su d\u00eda Diario JA\u00c9N. Ser\u00e1 el 5 de septiembre con la d\u00e9cimo cuarta etapa, que empezar\u00e1 en la capital y acabar\u00e1 por s\u00e9ptima vez en el alto de La Pandera, con un trazado de 152 kil\u00f3metros. Ja\u00e9n, Mancha Real, Torres, La Guardia, Los Villares, Fuensanta, Castillo de Locub\u00edn y Valdepe\u00f1as, con dos puertos antes de ascender a La Pandera, el de Los Villares y el de Locub\u00edn, ambos de segunda categor\u00eda. La Pandera se ha convertido, desde su estreno en 2002, en uno de los finales en alto m\u00e1s presentes en La Vuelta. Una cima en la que han ganado dos vencedores de la carrera, Roberto Heras y Alejandro Valverde, y que vio alzar los brazos a Richard Carapaz en su \u00faltima aparici\u00f3n en 2022. Mientras, La Vuelta a Espa\u00f1a ha salido diez veces de la capital.<\/p>\n<p>Este mi\u00e9rcoles, en la lujosa Monte-Carlo Sporting &#8211; Salle des \u00c9toiles de Monte-Carlo, en el Principado de M\u00f3naco, y en un acto presidido por el pr\u00edncipe Alberto II de M\u00f3naco y el director general de la ronda espa\u00f1ola, Javier Guill\u00e9n, se desvel\u00f3 un recorrido cuyo gran final en la Alhambra granadina era un secreto a voces, ahora ya oficial, tras la ausencia destacada y ya conocida de Madrid como punto final. As\u00ed, la 81 edici\u00f3n de La Vuelta a Espa\u00f1a discurrir\u00e1 junto al Mediterr\u00e1neo desde la Costa Azul hasta Andaluc\u00eda, atravesando Francia y Andorra, para visitar cuatro pa\u00edses y acumular m\u00e1s de 58.000 metros de desnivel positivo, repartidos en dos contrarrelojes individuales \u2014la primera de ellas en las calles de M\u00f3naco\u2014, siete etapas de monta\u00f1a, cuatro de media monta\u00f1a y ocho jornadas llanas u onduladas, con las diez \u00faltimas etapas desarroll\u00e1ndose \u00edntegramente en territorio andaluz y una resoluci\u00f3n in\u00e9dita en uno de los grandes iconos del patrimonio hist\u00f3rico espa\u00f1ol, una Alhambra que coronar\u00e1 al nuevo campe\u00f3n. \u201cLa Vuelta 26 seguir\u00e1 manteniendo el car\u00e1cter internacional del evento. Ser\u00e1 una edici\u00f3n con un marcado car\u00e1cter mediterr\u00e1neo, desde su inicio hasta el final en Andaluc\u00eda. M\u00f3naco marcar\u00e1 un arranque prestigioso para una edici\u00f3n que visitar\u00e1 ciudades hist\u00f3ricas, puertos de monta\u00f1a que forman parte de nuestra historia y ascensiones in\u00e9ditas, antes de finalizar en un enclave \u00fanico como la Alhambra, la fortaleza roja de Granada\u201d, subray\u00f3 Javier Guill\u00e9n durante la presentaci\u00f3n. La gran novedad del recorrido es precisamente la meta final en Granada, que se convertir\u00e1 en la octava ciudad en coronar al ganador absoluto de La Vuelta tras Madrid, Bilbao, San Sebasti\u00e1n, Miranda de Ebro, Salamanca, Jerez de la Frontera y Santiago de Compostela, rompiendo una tradici\u00f3n que desde 1986 hab\u00eda fijado el desenlace en Madrid o en Santiago. La etapa final concluir\u00e1 en lo alto de una subida de alrededor de un kil\u00f3metro, dentro de un circuito urbano al que el pelot\u00f3n dar\u00e1 cuatro vueltas, con la Alhambra como tel\u00f3n de fondo y gran protagonista visual. La salida oficial tendr\u00e1 lugar en otro enclave cargado de simbolismo, el Casino de M\u00f3naco, con una contrarreloj individual inaugural de 9 kil\u00f3metros por el trazado urbano del Principado, con meta en el Boulevard Albert I, habitual llegada del Gran Premio de F\u00f3rmula 1, pasando por puntos emblem\u00e1ticos como la curva Loews, el t\u00fanel de Louis II o La Piscine.<\/p>\n<p>Adem\u00e1s, M\u00f3naco ser\u00e1 el primer territorio que haya acogido la salida oficial de las tres grandes vueltas; Giro, Tour y Vuelta. Tras el inicio monegasco, Francia volver\u00e1 a servir de enlace hacia la Pen\u00ednsula Ib\u00e9rica, con una llegada apta para velocistas y corredores explosivos en Manosque y un primer final en alto m\u00e1s exigente en Font Romeu, que se estrenar\u00e1 como meta de La Vuelta en pleno coraz\u00f3n de los Pirineos catalanes. Pero la entrada ser\u00e1 por Andorra, uno de los primeros grandes filtros de la carrera, con una etapa \u00edntegra dentro del Principado por primera vez con salida y llegada en su territorio, y apenas 104 kil\u00f3metros que concentrar\u00e1n las ascensiones al Port d\u2019Envalira, Beixalis, Coll d\u2019Ordino y el Alto de la Comella. \u201cLa monta\u00f1a tendr\u00e1 un papel protagonista en una de las ediciones m\u00e1s dif\u00edciles de la historia de La Vuelta. Andorra marcar\u00e1 el tono al inicio de la carrera con una etapa corta pero muy exigente, antes de afrontar ascensiones como Valdelinares, Aitana, Calar Alto, La Pandera, Pe\u00f1as Blancas y el in\u00e9dito Collado del Alguacil, en una \u00faltima jornada de alta monta\u00f1a que promete ser extremadamente dura\u201d, resumi\u00f3 el director t\u00e9cnico de La Vuelta, Fernando Escart\u00edn, que tambi\u00e9n destac\u00f3 el potencial de las etapas de media monta\u00f1a para el espect\u00e1culo. El trazado, con 3.283,7 kil\u00f3metros totales, recuperar\u00e1 finales en alto ya cl\u00e1sicos, como Valdelinares, ausente desde 2014, Aitana, Calar Alto o La Pandera, junto a Pe\u00f1as Blancas, y a\u00f1adir\u00e1 dos desaf\u00edos in\u00e9ditos, un tramo de 3,5 kil\u00f3metros de camino de tierra hacia El Bartolo en la etapa de Castell\u00f3n y el Collado del Alguacil, subida final de la etapa 20 con m\u00e1s de ocho kil\u00f3metros y rampas que alcanzan el 20 por ciento, tras un exigente recorrido por Sierra Nevada con doble paso por el Alto de Hazallanas.<\/p>\n","protected":false},"excerpt":{"rendered":"La Vuelta 26 arrancar\u00e1 por primera vez desde el Principado de M\u00f3naco y concluir\u00e1 en la Alhambra de&hellip;\n","protected":false},"author":2,"featured_media":293561,"comment_status":"","ping_status":"","sticky":false,"template":"","format":"standard","meta":{"footnotes":""},"categories":[273],"tags":[313,312,168,25,24,53956,23,167],"class_list":{"0":"post-293560","1":"post","2":"type-post","3":"status-publish","4":"format-standard","5":"has-post-thumbnail","7":"category-ciclismo","8":"tag-ciclismo","9":"tag-cycling","10":"tag-deportes","11":"tag-es","12":"tag-espana","13":"tag-gilberto-moreno","14":"tag-spain","15":"tag-sports"},"share_on_mastodon":{"url":"https:\/\/pubeurope.com\/@es\/115737467462072449","error":""},"_links":{"self":[{"href":"https:\/\/www.europesays.com\/es\/wp-json\/wp\/v2\/posts\/293560","targetHints":{"allow":["GET"]}}],"collection":[{"href":"https:\/\/www.europesays.com\/es\/wp-json\/wp\/v2\/posts"}],"about":[{"href":"https:\/\/www.europesays.com\/es\/wp-json\/wp\/v2\/types\/post"}],"author":[{"embeddable":true,"href":"https:\/\/www.europesays.com\/es\/wp-json\/wp\/v2\/users\/2"}],"replies":[{"embeddable":true,"href":"https:\/\/www.europesays.com\/es\/wp-json\/wp\/v2\/comments?post=293560"}],"version-history":[{"count":0,"href":"https:\/\/www.europesays.com\/es\/wp-json\/wp\/v2\/posts\/293560\/revisions"}],"wp:featuredmedia":[{"embeddable":true,"href":"https:\/\/www.europesays.com\/es\/wp-json\/wp\/v2\/media\/293561"}],"wp:attachment":[{"href":"https:\/\/www.europesays.com\/es\/wp-json\/wp\/v2\/media?parent=293560"}],"wp:term":[{"taxonomy":"category","embeddable":true,"href":"https:\/\/www.europesays.com\/es\/wp-json\/wp\/v2\/categories?post=293560"},{"taxonomy":"post_tag","embeddable":true,"href":"https:\/\/www.europesays.com\/es\/wp-json\/wp\/v2\/tags?post=293560"}],"curies":[{"name":"wp","href":"https:\/\/api.w.org\/{rel}","templated":true}]}}