{"id":293614,"date":"2025-12-17T23:53:12","date_gmt":"2025-12-17T23:53:12","guid":{"rendered":"https:\/\/www.europesays.com\/es\/293614\/"},"modified":"2025-12-17T23:53:12","modified_gmt":"2025-12-17T23:53:12","slug":"el-abogado-de-harvey-weinstein-defendera-al-hijo-de-rob-reiner-acusado-de-asesinar-a-sus-padres","status":"publish","type":"post","link":"https:\/\/www.europesays.com\/es\/293614\/","title":{"rendered":"El abogado de Harvey Weinstein defender\u00e1 al hijo de Rob Reiner, acusado de asesinar a sus padres"},"content":{"rendered":"<p style=\"\">Este domingo <strong>Nick Reiner<\/strong>, de 32 a\u00f1os, fue arrestado despu\u00e9s de que sus padres, el productor Rob Reiner y su mujer, Michelle, aparecieran muertos en el interior de su casa. El martes ten\u00eda que haberse sentado ante el juez para una vista preliminar en  &#8230; la que se anunci\u00f3 que hab\u00eda sido imputado por <a href=\"https:\/\/www.abc.es\/gente\/legado-millonario-rob-reiner-tras-tragica-muerte-20251215160246-nt.html\" target=\"_self\" data-voc-vtm-id=\"in-text-traffic\" title=\"homicidio en primer grado. \" data-mrf-link=\"www.abc.es\" rel=\"nofollow noopener\">homicidio en primer grado. <\/a>Sin embargo, no pudo acudir al juzgado porque no fue autorizado por los profesionales sanitarios para su traslado, tal y como desvel\u00f3 su abogado. <\/p>\n<p class=\"voc-p\" style=\"\">Un conocido letrado de Los \u00c1ngeles, que ha protagonizado titulares en s\u00ed mismo, ser\u00e1 el encargado de defender a <a href=\"https:\/\/www.abc.es\/play\/cine\/noticias\/detienen-hijo-rob-reiner-principal-sospechoso-crimen-20251215163957-nt.html\" target=\"_self\" data-voc-vtm-id=\"in-text-traffic\" title=\"Nick Reiner\" data-mrf-link=\"www.abc.es\" rel=\"nofollow noopener\">Nick Reiner<\/a> del cargo de asesinato. Una tarea especialmente dif\u00edcil, sobre todo teniendo en cuenta que la propia hija del matrimonio le se\u00f1al\u00f3 en las horas previas a su arresto. Pero, \u00bfqui\u00e9n es el hombre que le va a representar en este juicio?<\/p>\n<p>\n\u00bfQui\u00e9n es Alan Jackson?\n<\/p>\n<p class=\"voc-p\" style=\"\">El abogado que se encargar\u00e1 del caso se llama Alan Jackson y es un importante abogado estadounidense, conocido sobre todo en el \u00e1rea de Los \u00c1ngeles. Ha representado a grandes nombres de la industria del entretenimiento, como son el <strong>productor Harvey Weinstein<\/strong>, ca\u00eddo en desgracia tras ser acusado por m\u00faltiples mujeres de conductas inapropiadas, agresi\u00f3n sexual y violaci\u00f3n; o el actor <a href=\"https:\/\/www.abc.es\/estilo\/gente\/abci-kevin-spacey-megaestrella-paria-poco-mas-201901130114_noticia.html\" target=\"_self\" data-voc-vtm-id=\"in-text-traffic\" title=\"Kevin Spacey\" data-mrf-link=\"www.abc.es\" rel=\"nofollow noopener\">Kevin Spacey<\/a>, a quien varios hombres acusaron de agresi\u00f3n sexual. <\/p>\n<p><img decoding=\"async\" loading=\"lazy\" src=\"https:\/\/www.europesays.com\/es\/wp-content\/uploads\/2025\/12\/nick-reiner-familia-U06666516405yee-760x427@diario_abc.jpg\" class=\"voc-img\" width=\"760\" height=\"427\" alt=\"Rob Reiner, su mujer Michele y sus hijos Romy Reiner, Nick Reiner, Jake Reiner y su pareja Maria.\" data-voc-vtm-id=\"in-text-traffic\"\/><\/p>\n<p>Rob Reiner, su mujer Michele y sus hijos Romy Reiner, Nick Reiner, Jake Reiner y su pareja Maria.<\/p>\n<p class=\"voc-p\" style=\"\">En el caso del primero, Jackson fue parte del equipo que defendi\u00f3 a <a href=\"https:\/\/www.abc.es\/gente\/harvey-weinstein-declarado-culpable-violacion-juicio-angeles-20221220045441-nt.html\" target=\"_self\" data-voc-vtm-id=\"in-text-traffic\" title=\"Harvey Weinstein en el juicio al que se enfrent\u00f3 en Los \u00c1ngeles\" data-mrf-link=\"www.abc.es\" rel=\"nofollow noopener\">Harvey Weinstein en el juicio al que se enfrent\u00f3 en Los \u00c1ngeles<\/a>, donde fue condenado a 16 a\u00f1os, siete menos que los 23 de Nueva York. En su defensa aleg\u00f3 que el productor y algunas de sus v\u00edctimas hab\u00edan tenido una relaci\u00f3n \u00abtransaccional\u00bb. Ambas sentencias han sido apeladas y en el estado de la costa este se repetir\u00e1 el juicio. Por su parte, Kevin Spacey fue declarado inocente de todas las acusaciones penales y le queda pendiente una demanda civil. Uno de los \u00faltimos trabajos de Alan Jackson tambi\u00e9n ha protagonizado titulares.<\/p>\n<p>\nSu \u00faltimo caso, el m\u00e1s dif\u00edcil\n<\/p>\n<p class=\"voc-p\" style=\"\">En junio consigui\u00f3 que su cliente, <strong>Karen Read<\/strong>, resultara absuelta de un cargo de asesinato en segundo grado y de homicidio involuntario a su novio,<strong> John O&#8217;Keefe<\/strong>, en el a\u00f1o 2022. El abogado aleg\u00f3 que los investigadores mostraban una \u00abevidente parcialidad\u00bb que enturbiaba el caso. \u00abKaren Read no es culpable y no por tecnicismos, sino porque los hechos, la ley, la ciencia, la f\u00edsica y los datos as\u00ed lo dicen, as\u00ed lo exigen\u00bb, asegur\u00f3 durante sus \u00faltimos alegatos. Eso s\u00ed, Alan Jackson consider\u00f3 ese como uno de los casos m\u00e1s complicados que ha tenido nunca.<\/p>\n<p><img decoding=\"async\" loading=\"lazy\" src=\"https:\/\/www.europesays.com\/es\/wp-content\/uploads\/2025\/12\/alan-jackson-efe-U30166650121zqe-760x427@diario_abc.jpg\" class=\"voc-img\" width=\"760\" height=\"427\" alt=\"Alan Jackson, en la puerta del juzgado\" data-voc-vtm-id=\"in-text-traffic\"\/><\/p>\n<p>Alan Jackson, en la puerta del juzgado<\/p>\n<p>EFE<\/p>\n<p class=\"voc-p\" style=\"\">Alan Jackson es veterano del ej\u00e9rcito del aire de los Estados Unidos, pero comenz\u00f3 su carrera en la oficina del Fiscal del Distrito. All\u00ed se especializ\u00f3 en robos, cr\u00edmenes violentos y otras investigaciones importantes, y llev\u00f3 el caso contra <strong>Phil Spector<\/strong>, m\u00fasico y productor estadounidense, sentenciado a 19 a\u00f1os de c\u00e1rcel por el asesinato de <strong>Lana Clarkson<\/strong>. En 2012 quiso convertirse en Fiscal General, pero no lo consigui\u00f3. <\/p>\n<p class=\"voc-p\" style=\"\">Cuando abandon\u00f3 el trabajo p\u00fablico su convirti\u00f3 r\u00e1pidamente en uno de los letrados m\u00e1s buscados de Los \u00c1ngeles, y actualmente trabaja para Werksman Jackson &amp; Quinn LLP, donde es socio, y ha participado en m\u00e1s de 85 casos en donde ha tenido un ratio de \u00e9xito del 96%, seg\u00fan asegura la firma. Adem\u00e1s, es profesor adjunto en las universidades de derecho de Pepperdine y Loyola, as\u00ed como analista legal en diferentes programas de noticias nacionales.<\/p>\n","protected":false},"excerpt":{"rendered":"Este domingo Nick Reiner, de 32 a\u00f1os, fue arrestado despu\u00e9s de que sus padres, el productor Rob Reiner&hellip;\n","protected":false},"author":2,"featured_media":293615,"comment_status":"","ping_status":"","sticky":false,"template":"","format":"standard","meta":{"footnotes":""},"categories":[91],"tags":[2827,3032,16732,16211,146,147,25,24,70202,30,3621,69518,56891,23,43206],"class_list":{"0":"post-293614","1":"post","2":"type-post","3":"status-publish","4":"format-standard","5":"has-post-thumbnail","7":"category-entretenimiento","8":"tag-abogado","9":"tag-acusado","10":"tag-asesinar","11":"tag-defendera","12":"tag-entertainment","13":"tag-entretenimiento","14":"tag-es","15":"tag-espana","16":"tag-harvey","17":"tag-hijo","18":"tag-padres","19":"tag-reiner","20":"tag-rob","21":"tag-spain","22":"tag-weinstein"},"share_on_mastodon":{"url":"https:\/\/pubeurope.com\/@es\/115737605698882022","error":""},"_links":{"self":[{"href":"https:\/\/www.europesays.com\/es\/wp-json\/wp\/v2\/posts\/293614","targetHints":{"allow":["GET"]}}],"collection":[{"href":"https:\/\/www.europesays.com\/es\/wp-json\/wp\/v2\/posts"}],"about":[{"href":"https:\/\/www.europesays.com\/es\/wp-json\/wp\/v2\/types\/post"}],"author":[{"embeddable":true,"href":"https:\/\/www.europesays.com\/es\/wp-json\/wp\/v2\/users\/2"}],"replies":[{"embeddable":true,"href":"https:\/\/www.europesays.com\/es\/wp-json\/wp\/v2\/comments?post=293614"}],"version-history":[{"count":0,"href":"https:\/\/www.europesays.com\/es\/wp-json\/wp\/v2\/posts\/293614\/revisions"}],"wp:featuredmedia":[{"embeddable":true,"href":"https:\/\/www.europesays.com\/es\/wp-json\/wp\/v2\/media\/293615"}],"wp:attachment":[{"href":"https:\/\/www.europesays.com\/es\/wp-json\/wp\/v2\/media?parent=293614"}],"wp:term":[{"taxonomy":"category","embeddable":true,"href":"https:\/\/www.europesays.com\/es\/wp-json\/wp\/v2\/categories?post=293614"},{"taxonomy":"post_tag","embeddable":true,"href":"https:\/\/www.europesays.com\/es\/wp-json\/wp\/v2\/tags?post=293614"}],"curies":[{"name":"wp","href":"https:\/\/api.w.org\/{rel}","templated":true}]}}