{"id":293620,"date":"2025-12-17T23:56:12","date_gmt":"2025-12-17T23:56:12","guid":{"rendered":"https:\/\/www.europesays.com\/es\/293620\/"},"modified":"2025-12-17T23:56:12","modified_gmt":"2025-12-17T23:56:12","slug":"el-papa-leon-xiv-condeno-el-antisemitismo-tras-el-atentado-en-sidney-y-dialogo-con-el-presidente-de-israel","status":"publish","type":"post","link":"https:\/\/www.europesays.com\/es\/293620\/","title":{"rendered":"El papa Le\u00f3n XIV conden\u00f3 el antisemitismo tras el atentado en S\u00eddney y dialog\u00f3 con el presidente de Israel"},"content":{"rendered":"<p><img alt=\"El presidente de Israel Isaac\" class=\"global-image\" decoding=\"async\" fetchpriority=\"high\" height=\"1080\" loading=\"eager\" src=\"https:\/\/www.europesays.com\/es\/wp-content\/uploads\/2025\/12\/OBBBTMAU2VBHTD6VSCE5YAXJTI.jpg\" width=\"1920\"\/>El presidente de Israel Isaac Herzog junto al papa Le\u00f3n XIV<\/p>\n<p class=\"paragraph\">El <b>papa Le\u00f3n XIV<\/b> expres\u00f3 este mi\u00e9rcoles al <b>presidente de Israel<\/b>, <b>Isaac Herzog<\/b>, la <b>\u201cfirme condena\u201d<\/b> de la <b>Iglesia Cat\u00f3lica<\/b> frente a cualquier manifestaci\u00f3n de <b>antisemitismo<\/b>, a ra\u00edz del <a rel=\"noopener noreferrer nofollow\" href=\"https:\/\/www.infobae.com\/america\/mundo\/2025\/12\/14\/la-policia-australiana-reporto-un-tiroteo-en-bondi-beach-la-playa-mas-famosa-de-australia-dos-personas-fueron-detenidas\/\" target=\"_blank\" title=\"https:\/\/www.infobae.com\/america\/mundo\/2025\/12\/14\/la-policia-australiana-reporto-un-tiroteo-en-bondi-beach-la-playa-mas-famosa-de-australia-dos-personas-fueron-detenidas\/\">reciente atentado ocurrido en S\u00eddney<\/a>.<\/p>\n<p class=\"paragraph\">Seg\u00fan inform\u00f3 la <b>Santa Sede<\/b> mediante un comunicado, el pont\u00edfice recibi\u00f3 una llamada telef\u00f3nica de Herzog con motivo de las celebraciones navide\u00f1as y de la festividad jud\u00eda de <b>Hanukkah<\/b>. La nota oficial sostiene: <b>\u201cDurante la conversaci\u00f3n, a la luz del reciente atentado terrorista en S\u00eddney, el Santo Padre reiter\u00f3 la firme condena de la Iglesia Cat\u00f3lica a todas las formas de antisemitismo, que, en todo el mundo, siguen sembrando el miedo en las comunidades jud\u00edas y en la sociedad en su conjunto\u201d<\/b>.<\/p>\n<p class=\"paragraph\">El Papa ya se hab\u00eda pronunciado el lunes anterior sobre el ataque, perpetrado en un parque cercano a la playa <b>Bondi Beach<\/b> durante un acto de la comunidad jud\u00eda, que dej\u00f3 un saldo de <b>16 v\u00edctimas mortales<\/b>, al que se refiri\u00f3 como una <b>\u201cmasacre terrorista\u201d<\/b>.<\/p>\n<p class=\"paragraph\">Durante la conversaci\u00f3n mantenida este mi\u00e9rcoles, Le\u00f3n XIV reiter\u00f3 asimismo su llamado \u201ca la perseverancia en los diversos procesos de paz en curso en la regi\u00f3n\u201d y destac\u00f3 la <b>\u201curgencia de intensificar y mantener los esfuerzos en el \u00e1mbito de la ayuda humanitaria\u201d<\/b>.<\/p>\n<p><img alt=\"FOTO DE ARCHIVO. El Papa\" class=\"global-image\" decoding=\"async\" fetchpriority=\"low\" height=\"533\" loading=\"lazy\" src=\"https:\/\/www.europesays.com\/es\/wp-content\/uploads\/2025\/12\/PU5FDNNJDBEFPJHHMYBDEDRAAI.JPG\" width=\"800\"\/>FOTO DE ARCHIVO. El Papa Le\u00f3n XIV se re\u00fane con el presidente israel\u00ed, Isaac Herzog, en el Vaticano, el 4 de septiembre de 2025. (Medio Prensa del Vaticano\/Simone Risoluti\/Distribuida v\u00eda REUTERS)<\/p>\n<p class=\"paragraph\">Ambos l\u00edderes se hab\u00edan reunido previamente el pasado 4 de septiembre en el Vaticano. En ese encuentro, Herzog extendi\u00f3 una invitaci\u00f3n formal al pont\u00edfice para visitar Israel. En aquella ocasi\u00f3n, tambi\u00e9n analizaron la <b>\u201ctr\u00e1gica situaci\u00f3n en Gaza\u201d<\/b>, la importancia de <b>\u201cgarantizar un futuro al pueblo palestino\u201d<\/b> y la necesidad urgente de lograr <b>\u201cun cese al fuego permanente\u201d<\/b>.<\/p>\n<p class=\"paragraph\">La invitaci\u00f3n fue interpretada como un gesto de distensi\u00f3n y acercamiento tras los desencuentros surgidos en los \u00faltimos a\u00f1os del pontificado de Francisco, particularmente a ra\u00edz de sus declaraciones sobre la guerra en Gaza y su llamado a investigar si determinados hechos pod\u00edan ser considerados un genocidio.<\/p>\n<p class=\"paragraph\">Por otro lado, este mi\u00e9rcoles, la <b>Polic\u00eda de Australia<\/b> inform\u00f3 que <b>Sajid Akram<\/b>, de 50 a\u00f1os, se\u00f1alado como <b>principal autor del tiroteo<\/b> en Bondi Beach, naci\u00f3 en <b>Hyderabad<\/b>, en el sur de la <b>India<\/b>, y resid\u00eda en Australia desde 1998. De acuerdo con fuentes policiales del estado indio de <b>Telangana<\/b>, Akram hab\u00eda regresado a su pa\u00eds natal en contadas ocasiones, \u00fanicamente por temas familiares o de propiedades, y <b>no manten\u00eda v\u00ednculos recientes con comunidades religiosas o activistas en la regi\u00f3n<\/b>.<\/p>\n<p class=\"paragraph\">Las autoridades australianas contin\u00faan con la investigaci\u00f3n para esclarecer las motivaciones del ataque, mientras el pa\u00eds permanece en estado de conmoci\u00f3n por la violencia registrada.<\/p>\n<p class=\"paragraph\">(Con informaci\u00f3n de EFE)<\/p>\n","protected":false},"excerpt":{"rendered":"El presidente de Israel Isaac Herzog junto al papa Le\u00f3n XIV El papa Le\u00f3n XIV expres\u00f3 este mi\u00e9rcoles&hellip;\n","protected":false},"author":2,"featured_media":293621,"comment_status":"","ping_status":"","sticky":false,"template":"","format":"standard","meta":{"footnotes":""},"categories":[42],"tags":[17,18,405,406,13,14,11,61,62,63,64,19,20,9,10,15,16,34848,12,21,22,70203,65,66,67],"class_list":{"0":"post-293620","1":"post","2":"type-post","3":"status-publish","4":"format-standard","5":"has-post-thumbnail","7":"category-internacional","8":"tag-breaking-news","9":"tag-breakingnews","10":"tag-diplomacy-foreign-policy","11":"tag-europe","12":"tag-featured-news","13":"tag-featurednews","14":"tag-headlines","15":"tag-internacional","16":"tag-international","17":"tag-international-news","18":"tag-internationalnews","19":"tag-latest-news","20":"tag-latestnews","21":"tag-news","22":"tag-noticias","23":"tag-noticias-destacadas","24":"tag-noticiasdestacadas","25":"tag-religion-belief","26":"tag-titulares","27":"tag-ultimas-noticias","28":"tag-ultimasnoticias","29":"tag-vatican","30":"tag-world","31":"tag-world-news","32":"tag-worldnews"},"share_on_mastodon":{"url":"","error":""},"_links":{"self":[{"href":"https:\/\/www.europesays.com\/es\/wp-json\/wp\/v2\/posts\/293620","targetHints":{"allow":["GET"]}}],"collection":[{"href":"https:\/\/www.europesays.com\/es\/wp-json\/wp\/v2\/posts"}],"about":[{"href":"https:\/\/www.europesays.com\/es\/wp-json\/wp\/v2\/types\/post"}],"author":[{"embeddable":true,"href":"https:\/\/www.europesays.com\/es\/wp-json\/wp\/v2\/users\/2"}],"replies":[{"embeddable":true,"href":"https:\/\/www.europesays.com\/es\/wp-json\/wp\/v2\/comments?post=293620"}],"version-history":[{"count":0,"href":"https:\/\/www.europesays.com\/es\/wp-json\/wp\/v2\/posts\/293620\/revisions"}],"wp:featuredmedia":[{"embeddable":true,"href":"https:\/\/www.europesays.com\/es\/wp-json\/wp\/v2\/media\/293621"}],"wp:attachment":[{"href":"https:\/\/www.europesays.com\/es\/wp-json\/wp\/v2\/media?parent=293620"}],"wp:term":[{"taxonomy":"category","embeddable":true,"href":"https:\/\/www.europesays.com\/es\/wp-json\/wp\/v2\/categories?post=293620"},{"taxonomy":"post_tag","embeddable":true,"href":"https:\/\/www.europesays.com\/es\/wp-json\/wp\/v2\/tags?post=293620"}],"curies":[{"name":"wp","href":"https:\/\/api.w.org\/{rel}","templated":true}]}}