{"id":293622,"date":"2025-12-17T23:57:22","date_gmt":"2025-12-17T23:57:22","guid":{"rendered":"https:\/\/www.europesays.com\/es\/293622\/"},"modified":"2025-12-17T23:57:22","modified_gmt":"2025-12-17T23:57:22","slug":"la-moncloa-17-12-2025-la-atencion-hospitalaria-durante-el-ingreso-alcanza-un-837-de-valoracion-positiva-prensa-actualidad-sanidad","status":"publish","type":"post","link":"https:\/\/www.europesays.com\/es\/293622\/","title":{"rendered":"La Moncloa. 17\/12\/2025. La atenci\u00f3n hospitalaria durante el ingreso alcanza un 83,7% de valoraci\u00f3n positiva [Prensa\/Actualidad\/Sanidad]"},"content":{"rendered":"<p>El Ministerio de Sanidad ha publicado los resultados de la tercera oleada del <a href=\"https:\/\/www.sanidad.gob.es\/estadEstudios\/estadisticas\/BarometroSanitario\/home_BS.htm\" target=\"_blank\" onclick=\"javascript:GoogleTrackEvent(&#039;True&#039;,&#039;Contenido&#039;,&#039;Click&#039;,&#039;[https:\/\/www.lamoncloa.gob.es\/serviciosdeprensa\/notasprensa\/sanidad14\/Paginas\/2025\/171225-barometro-sanitario.aspx] Bar\u00f3metro Sanitario 2025. [https:\/\/www.sanidad.gob.es\/estadEstudios\/estadisticas\/BarometroSanitario\/home_BS.htm]&#039;);\" rel=\"nofollow noopener\">Bar\u00f3metro Sanitario 2025<\/a>, elaborado en colaboraci\u00f3n con el Centro de Investigaciones Sociol\u00f3gicas (CIS), que ofrece una radiograf\u00eda actualizada de la opini\u00f3n de la ciudadan\u00eda sobre el funcionamiento del sistema sanitario p\u00fablico.<\/p>\n<p>En esta oleada se han realizado entrevistas a m\u00e1s de 2.400 personas residentes en todo el territorio nacional, aplicando la nueva metodolog\u00eda de ponderaci\u00f3n que permite realizar comparaciones con los datos recodificados de 2024. Los resultados muestran un avance generalizado en la percepci\u00f3n positiva del funcionamiento de los servicios sanitarios p\u00fablicos, especialmente en los niveles asistenciales m\u00e1s utilizados por la poblaci\u00f3n: servicios de urgencias, atenci\u00f3n primaria, consultas hospitalarias y hospitalizaci\u00f3n.<\/p>\n<p>La atenci\u00f3n primaria contin\u00faa siendo el principal nivel de acceso al sistema sanitario p\u00fablico, y uno de los mejor valorados por quienes lo utilizan. Seg\u00fan los datos del Bar\u00f3metro, el 82,3 % de la poblaci\u00f3n ha acudido al menos una vez a un m\u00e9dico de atenci\u00f3n primaria del sistema p\u00fablico en el \u00faltimo a\u00f1o.<\/p>\n<p>Entre estas personas usuarias, la valoraci\u00f3n positiva de la atenci\u00f3n recibida alcanza el 80,1%, lo que supone una mejora significativa respecto al 78,5% registrado en la segunda oleada.<\/p>\n<p>Este aumento en la satisfacci\u00f3n se explica, en parte, por la confianza y seguridad que transmite el personal sanitario. El personal de enfermer\u00eda obtiene una puntuaci\u00f3n media de 8,04 sobre 10, y el personal m\u00e9dico, de 7,76, manteni\u00e9ndose como los aspectos mejor valorados del servicio. Adem\u00e1s, el 16,8% de las consultas se realizaron por v\u00eda telef\u00f3nica, una modalidad cuya aceptaci\u00f3n sigue siendo elevada.<\/p>\n<p>Sin embargo, al considerar el conjunto de la poblaci\u00f3n general -incluyendo a quienes no utilizaron el servicio durante el \u00faltimo a\u00f1o (12,2 %)-, la valoraci\u00f3n global del funcionamiento del sistema sanitario p\u00fablico disminuye, situ\u00e1ndose en 5,89 puntos sobre 10, frente a los 6,13 puntos del a\u00f1o anterior. Esta bajada refleja una percepci\u00f3n algo m\u00e1s cr\u00edtica entre quienes no tuvieron contacto directo con el sistema en este periodo.<\/p>\n<p>En relaci\u00f3n con los tiempos de espera en atenci\u00f3n primaria, \u00fanicamente un 22% de las personas que acudieron a su m\u00e9dico de familia en el \u00faltimo a\u00f1o fueron atendidas el mismo d\u00eda o al d\u00eda siguiente de solicitar cita. El resto manifest\u00f3 haber tenido que esperar m\u00e1s tiempo debido a la falta de disponibilidad en fechas anteriores. En estos casos, el tiempo medio de espera fue de 9,78 d\u00edas.<\/p>\n<p>Entre quienes experimentaron dificultades para acceder a consulta -el 23,7% de la poblaci\u00f3n encuestada-, un 53,3% acab\u00f3 recurriendo a un servicio de urgencias y un 29,3% indic\u00f3 que, cuando lleg\u00f3 la fecha asignada, ya no necesitaba la visita.<\/p>\n<p>Durante el \u00faltimo a\u00f1o, el 50% de la poblaci\u00f3n encuestada declar\u00f3 haber acudido a alg\u00fan servicio de urgencias de la sanidad p\u00fablica. De estos, el 42,9% utiliz\u00f3 dispositivos de urgencia en atenci\u00f3n primaria, el 50,8% acudi\u00f3 a servicios de urgencia hospitalarios y el 6% hizo uso de los servicios del 061\/112. En conjunto, estos dispositivos fueron valorados positivamente por el 71% de las personas que los utilizaron.<\/p>\n<p>Atenci\u00f3n hospitalaria <\/p>\n<p>El 47,9 % de la poblaci\u00f3n ha sido atendida en los \u00faltimos doce meses por un especialista del sistema p\u00fablico. La valoraci\u00f3n positiva de la atenci\u00f3n especializada alcanza el 78,1 %, ligeramente superior al 77,8 % registrado en la segunda oleada. Se trata de un servicio clave para el diagn\u00f3stico y seguimiento de problemas de salud complejos.<\/p>\n<p>Entre los elementos mejor puntuados por la ciudadan\u00eda destacan la confianza que transmite el personal m\u00e9dico (7,64 puntos) y la informaci\u00f3n recibida sobre el estado de salud y el tratamiento (7,58), elementos fundamentales para el acompa\u00f1amiento cl\u00ednico y la toma de decisiones compartidas entre paciente y profesional.<\/p>\n<p>Hospitalizaci\u00f3n <\/p>\n<p>La atenci\u00f3n durante el ingreso hospitalario registra la mejora m\u00e1s significativa en comparaci\u00f3n con el a\u00f1o anterior. Un 11,5 % de la poblaci\u00f3n ha estado ingresada en un hospital p\u00fablico en los \u00faltimos doce meses, y el 83,7% de quienes lo han hecho, valoran positivamente la atenci\u00f3n recibida cinco puntos m\u00e1s que en la segunda oleada (78,4 %).<\/p>\n<p>Los cuidados prestados durante el ingreso reciben las puntuaciones m\u00e1s altas de todos los niveles asistenciales analizados: 8,21 puntos para la atenci\u00f3n de enfermer\u00eda y 8,18 para la atenci\u00f3n m\u00e9dica. Estos datos reflejan el reconocimiento de la ciudadan\u00eda al trabajo y compromiso de los equipos hospitalarios, incluso en contextos de alta presi\u00f3n asistencial.<\/p>\n<p>El 20% de las personas encuestadas declar\u00f3 disponer de un seguro m\u00e9dico privado contratado por ellas mismas o por alg\u00fan miembro de su familia, mientras que un 11% cuenta con un seguro proporcionado por su empresa. Estas cifras reflejan una ligera variaci\u00f3n respecto a la segunda oleada del estudio, en la que los porcentajes fueron del 21,6% y el 10,1%, respectivamente.<\/p>\n<p>A pesar de contar con cobertura sanitaria privada, una amplia mayor\u00eda de estas personas manifest\u00f3 su confianza en el sistema p\u00fablico ante situaciones de mayor complejidad. Concretamente, el 65,6% de quienes disponen de seguro m\u00e9dico afirmaron que, en caso de enfrentarse a un problema grave de salud, preferir\u00edan ser atendidos en la sanidad p\u00fablica, frente al 61,4% que expres\u00f3 esta preferencia en la oleada anterior.<\/p>\n<p>Pruebas diagn\u00f3sticas <\/p>\n<p>Por primera vez, el Bar\u00f3metro Sanitario ha recogido informaci\u00f3n espec\u00edfica sobre la realizaci\u00f3n de pruebas diagn\u00f3sticas por un problema de salud nuevo, as\u00ed como sobre el tiempo transcurrido entre la indicaci\u00f3n m\u00e9dica y la realizaci\u00f3n de la prueba. Seg\u00fan los resultados de la tercera oleada de 2025, el 20% de la poblaci\u00f3n de 18 y m\u00e1s a\u00f1os declar\u00f3 haberse realizado una ecograf\u00eda en los \u00faltimos 12 meses. Le siguen el TAC (16,5%), la resonancia magn\u00e9tica (15,3%) y la colonoscopia (5,1%). Estos datos permiten obtener una visi\u00f3n m\u00e1s detallada sobre el acceso y los tiempos de respuesta en el \u00e1mbito del diagn\u00f3stico por imagen y la endoscopia digestiva.<\/p>\n<p>En cuanto a los plazos de espera, se observa que m\u00e1s de la mitad de las pruebas fueron realizadas en un plazo inferior a un mes desde su indicaci\u00f3n m\u00e9dica en el caso de las ecograf\u00edas (55,6%), los TAC (52,7%) y las resonancias magn\u00e9ticas (50,7%). En cambio, las colonoscopias presentan un menor porcentaje de realizaci\u00f3n en ese intervalo (39,4%) y el mayor tiempo medio de espera registrado, con 109,8 d\u00edas. Las resonancias magn\u00e9ticas, con una espera media superior a los 90 d\u00edas, y los TAC, con 64,32 d\u00edas, presentan el menor tiempo medio de espera entre las pruebas analizadas.<\/p>\n<p><img decoding=\"async\" alt=\"Hospital Universitario La Paz, en Madrid\" title=\"Hospital Universitario La Paz, en Madrid\" src=\"https:\/\/www.europesays.com\/es\/wp-content\/uploads\/2025\/12\/HospitalPaz_I.jpg\"\/><\/p>\n<p id=\"ctl00_PlaceHolderMain_DisplayMode_noticia_pImageCaption\" class=\"media-captionContainer rs_skip\">Hospital Universitario La Paz, en Madrid.<\/p>\n<ul id=\"ctl00_PlaceHolderMain_DisplayMode_noticia_list_banner_home\" class=\"list-banner list-banner-no-border\">&#13;<\/p>\n<li class=\"BannerLi\">&#13;<a title=\"Datos actualizados y ayudas del Plan de Respuesta Inmediata, Reconstrucci\u00f3n y Relanzamiento\" href=\"https:\/\/www.lamoncloa.gob.es\/info-dana\/Paginas\/index.aspx\" rel=\"nofollow noopener\" target=\"_blank\"><img decoding=\"async\" title=\"Datos actualizados y ayudas del Plan de Respuesta Inmediata, Reconstrucci\u00f3n y Relanzamiento\" src=\"https:\/\/www.europesays.com\/es\/wp-content\/uploads\/2025\/10\/banner-noticias-dana.png\" alt=\"Datos actualizados y ayudas del Plan de Respuesta Inmediata, Reconstrucci\u00f3n y Relanzamiento\"\/><\/a>&#13;<\/li>\n<p>&#13;<\/ul>\n","protected":false},"excerpt":{"rendered":"El Ministerio de Sanidad ha publicado los resultados de la tercera oleada del Bar\u00f3metro Sanitario 2025, elaborado en&hellip;\n","protected":false},"author":2,"featured_media":293623,"comment_status":"","ping_status":"","sticky":false,"template":"","format":"standard","meta":{"footnotes":""},"categories":[8],"tags":[517,17,18,25,24,13,14,11,19,20,9,10,15,16,2330,1811,23,12,21,22],"class_list":{"0":"post-293622","1":"post","2":"type-post","3":"status-publish","4":"format-standard","5":"has-post-thumbnail","7":"category-espana","8":"tag-actualidad","9":"tag-breaking-news","10":"tag-breakingnews","11":"tag-es","12":"tag-espana","13":"tag-featured-news","14":"tag-featurednews","15":"tag-headlines","16":"tag-latest-news","17":"tag-latestnews","18":"tag-news","19":"tag-noticias","20":"tag-noticias-destacadas","21":"tag-noticiasdestacadas","22":"tag-prensa","23":"tag-sanidad","24":"tag-spain","25":"tag-titulares","26":"tag-ultimas-noticias","27":"tag-ultimasnoticias"},"share_on_mastodon":{"url":"https:\/\/pubeurope.com\/@es\/115737621498871029","error":""},"_links":{"self":[{"href":"https:\/\/www.europesays.com\/es\/wp-json\/wp\/v2\/posts\/293622","targetHints":{"allow":["GET"]}}],"collection":[{"href":"https:\/\/www.europesays.com\/es\/wp-json\/wp\/v2\/posts"}],"about":[{"href":"https:\/\/www.europesays.com\/es\/wp-json\/wp\/v2\/types\/post"}],"author":[{"embeddable":true,"href":"https:\/\/www.europesays.com\/es\/wp-json\/wp\/v2\/users\/2"}],"replies":[{"embeddable":true,"href":"https:\/\/www.europesays.com\/es\/wp-json\/wp\/v2\/comments?post=293622"}],"version-history":[{"count":0,"href":"https:\/\/www.europesays.com\/es\/wp-json\/wp\/v2\/posts\/293622\/revisions"}],"wp:featuredmedia":[{"embeddable":true,"href":"https:\/\/www.europesays.com\/es\/wp-json\/wp\/v2\/media\/293623"}],"wp:attachment":[{"href":"https:\/\/www.europesays.com\/es\/wp-json\/wp\/v2\/media?parent=293622"}],"wp:term":[{"taxonomy":"category","embeddable":true,"href":"https:\/\/www.europesays.com\/es\/wp-json\/wp\/v2\/categories?post=293622"},{"taxonomy":"post_tag","embeddable":true,"href":"https:\/\/www.europesays.com\/es\/wp-json\/wp\/v2\/tags?post=293622"}],"curies":[{"name":"wp","href":"https:\/\/api.w.org\/{rel}","templated":true}]}}