{"id":293626,"date":"2025-12-18T00:04:13","date_gmt":"2025-12-18T00:04:13","guid":{"rendered":"https:\/\/www.europesays.com\/es\/293626\/"},"modified":"2025-12-18T00:04:13","modified_gmt":"2025-12-18T00:04:13","slug":"clasificaciones-completas-tras-la-6a-etapa-de-la-vuelta-a-costa-rica-2025","status":"publish","type":"post","link":"https:\/\/www.europesays.com\/es\/293626\/","title":{"rendered":"Clasificaciones completas tras la 6\u00aa etapa de la Vuelta a Costa Rica 2025"},"content":{"rendered":"<p>\t\t\t&#13;<br \/>\n&#13;<\/p>\n<p><img loading=\"lazy\" decoding=\"async\" src=\"https:\/\/www.europesays.com\/es\/wp-content\/uploads\/2025\/12\/vuelta-costa-rica-et6-clasificaciones-2025-es-ciclismo.jpg\" width=\"556\" height=\"418\" class=\"setborder\" alt=\"Clasificaciones completas tras la 6\u00aa etapa de la Vuelta a Costa Rica 2025\" title=\"Clasificaciones completas tras la 6\u00aa etapa de la Vuelta a Costa Rica 2025\"\/><br \/>\n&#13;<br \/>\n&#13;<br \/>\n&#13;<br \/>\n<a href=\"https:\/\/www.esciclismo.com\/actualidad\/esciclismo\/\" rel=\"nofollow noopener\" target=\"_blank\">EsCiclismo.com<\/a> \u00b7 <a href=\"https:\/\/www.esciclismo.com\/actualidad\/carretera\/\" rel=\"nofollow noopener\" target=\"_blank\">Competici\u00f3n Carretera<\/a>  \u00b7 17\/12\/2025<\/p>\n<p>\u00c9stas son las clasificaciones completas tras la 6\u00aa etapa de la Vuelta Ciclista Internacional a Costa Rica 2025, una jornada llana de 166,1 kil\u00f3metros disputada este mi\u00e9rcoles, 17 de diciembre, entre P\u00e9rez Zeled\u00f3n y Ciudad Neilly, marcada por una numerosa escapada y por la posterior decisi\u00f3n del jurado t\u00e9cnico en el sprint final.<\/p>\n<p>&#13;<\/p>\n<p><b id=\"P1\"\/><a href=\"https:\/\/www.esciclismo.com\/actualidad\/carretera\/88965.html\" rel=\"nofollow noopener\" target=\"_blank\">La victoria de etapa fue finalmente para el costarricense Sebasti\u00e1n Calder\u00f3n<\/a> (7C Economy Hyundai), despu\u00e9s de que los comisarios relegaran a Jos\u00e9 Sancho (Colono Bikestation K\u00f6lbi) a la tercera posici\u00f3n por una maniobra irregular en los metros decisivos. Alejandro Pita (Giant Toscana Mitsubishi) fue clasificado en segunda posici\u00f3n.<\/p>\n<p>&#13;<\/p>\n<p>En lo que respecta a la clasificaci\u00f3n general, el vigente campe\u00f3n Luis Daniel Oses (7C Economy Hyundai) mantuvo el liderato de la carrera sin cambios tras una jornada controlada por los equipos de los principales favoritos, conservando una ventaja de 1 minuto y 37 segundos sobre Alejandro Granados (Colono Bikestation K\u00f6lbi), segundo clasificado.<\/p>\n<p>&#13;<br \/>\nClasificaciones de la Vuelta a Costa Rica 2025 &#8211; Etapa 6&#13;<\/p>\n<p><b>Clasificaci\u00f3n de la 6\u00aa etapa:<\/b><br \/>&#13;<br \/>\n1. Sebasti\u00e1n Calder\u00f3n (CRC\/7C Economy Hyundai) &#8211; 3:40:32<br \/>&#13;<br \/>\n2. Alejandro Pita (ECU\/Giant Toscana Mitsubishi) &#8211; m.t.<br \/>&#13;<br \/>\n3. Jos\u00e9 Sancho (CRC\/Colono Bikestation K\u00f6lbi) &#8211; m.t.<br \/>&#13;<br \/>\n4. Sebasti\u00e1n Brenes (CRC\/Canel\u2019s-Java) a 0:05<br \/>&#13;<br \/>\n5. Francisco Kotsakis (CHI\/Plus Performance-ZEO Sport) a 0:05<br \/>&#13;<br \/>\n6. Derrick Chavarr\u00eda (BIZ\/Momentum Racing-GCS-Quici) a 0:05<br \/>&#13;<br \/>\n7. Wilson Haro (ECU\/Giant Toscana Mitsubishi) a 0:05<br \/>&#13;<br \/>\n8. Pablo Mudarra (CRC\/Colono Bikestation K\u00f6lbi) a 0:05<br \/>&#13;<br \/>\n9. Cas Hermans (BEL\/Flanders Region) a 0:05<br \/>&#13;<br \/>\n10. Richard Roland Huera (ECU\/Movistar Best PC) a 0:05<br \/>&#13;<br \/>\n11. Luis Daniel Oses (CRC\/7C Economy Hyundai) a 0:05<br \/>&#13;<br \/>\n12. Nixon Rosero (ECU\/Movistar Best PC) a 0:05<br \/>&#13;<br \/>\n13. Dylan Jim\u00e9nez (CRC\/7C Economy Hyundai) a 0:05<br \/>&#13;<br \/>\n14. Gabriel Rojas (CRC\/Manzat\u00e9 La Selva-Scott) a 0:05<br \/>&#13;<br \/>\n15. Jymmi Santiago Montenegro (ECU\/Movistar Best PC) a 0:05<br \/>&#13;<br \/>\n16. Jonathan Aguilar (CRC\/Sel. de Costa Rica) a 0:05<br \/>&#13;<br \/>\n17. Daniel Bonilla (CRC\/Colono Bikestation K\u00f6lbi) a 0:05<br \/>&#13;<br \/>\n18. Leandro Varela (CRC\/7C Economy Hyundai) a 0:05<br \/>&#13;<br \/>\n19. Alex Rony Julajuj (GUA\/Sel. de Guatemala) a 0:05<br \/>&#13;<br \/>\n20. Joseph Ram\u00edrez (CRC\/Colono Bikestation K\u00f6lbi) a 0:05<br \/>&#13;<br \/>\n21. Alexis Quinteros (ECU\/Giant Toscana Mitsubishi) a 0:05<br \/>&#13;<br \/>\n22. Tom\u00e1s Quir\u00f3z (CHI\/Plus Performance-ZEO Sport) a 0:05<br \/>&#13;<br \/>\n23. Diego del Campo (CHI\/Plus Performance-ZEO Sport) a 0:05<br \/>&#13;<br \/>\n24. Alejandro Granados (CRC\/Colono Bikestation K\u00f6lbi) a 0:05<br \/>&#13;<br \/>\n25. Anthony Travez (ECU\/Giant Toscana Mitsubishi) a 0:05<br \/>&#13;<br \/>\n26. Kyvan Ast\u00faa (CRC\/Sel. de Costa Rica) a 0:05<br \/>&#13;<br \/>\n27. Alexander Gil (COL\/Canel\u2019s-Java) a 0:05<br \/>&#13;<br \/>\n28. Luis Aguilar (CRC\/7C Economy Hyundai) a 0:05<br \/>&#13;<br \/>\n29. Juan Oviedo (CRC\/Distribuidora Cruz-Tecnoforest) a 0:05<br \/>&#13;<br \/>\n30. Alejandro Pati\u00f1o (CRC\/Distribuidora Cruz-Tecnoforest) a 0:05<br \/>&#13;<br \/>\n31. Brayan Vargas (CRC\/Distribuidora Cruz-Tecnoforest) a 0:05<br \/>&#13;<br \/>\n32. Kenny Nijssen (NED\/Universe Cycling) a 0:05<br \/>&#13;<br \/>\n33. Donovan Ram\u00edrez (CRC\/Colono Bikestation K\u00f6lbi) a 0:05<br \/>&#13;<br \/>\n34. Erik Pozo (ECU\/Movistar Best PC) a 0:05<br \/>&#13;<br \/>\n35. Sergio Arias (CRC\/Colono Bikestation K\u00f6lbi) a 0:05<br \/>&#13;<br \/>\n36. Marcos S\u00e1nchez (CRC\/Distribuidora Cruz-Tecnoforest) a 0:05<br \/>&#13;<br \/>\n37. Bryan Salas (CRC\/Costafrut-Giant-AC Marriott) a 0:05<br \/>&#13;<br \/>\n38. Gabriel Pacheco (CRC\/Manzat\u00e9 La Selva-Scott) a 0:05<br \/>&#13;<br \/>\n39. Jeen De Jong (NED\/Universe Cycling) a 0:05<br \/>&#13;<br \/>\n40. Kendall Fern\u00e1ndez (CRC\/Sel. de Costa Rica) a 0:05<br \/>&#13;<br \/>\n41. Sebasti\u00e1n Moya (CRC\/Manzat\u00e9 La Selva-Scott) a 0:05<br \/>&#13;<br \/>\n42. Rodolfo Villalobos (CRC\/Ciclo Caf\u00e9-Repuestos Mena) a 0:05<br \/>&#13;<br \/>\n43. Daniel G\u00f3mez (CRC\/Ciclo Caf\u00e9-Repuestos Mena) a 0:05<br \/>&#13;<br \/>\n44. Niels Matthys (BEL\/Flanders Region) a 0:05<br \/>&#13;<br \/>\n45. Kevin Rivera (CRC\/7C Economy Hyundai) a 0:05<br \/>&#13;<br \/>\n46. Heiner Parra (COL\/Canel\u2019s-Java) a 0:05<br \/>&#13;<br \/>\n47. Jexon Jos\u00e9 Ledezma (CRC\/Sel. de Costa Rica) a 0:05<br \/>&#13;<br \/>\n48. Kevin Murillo (CRC\/Distribuidora Cruz-Tecnoforest) a 0:05<br \/>&#13;<br \/>\n49. Henry Huinac (GUA\/Sel. de Guatemala) a 0:05<br \/>&#13;<br \/>\n50. Fredd Matute (HON\/Momentum Racing-GCS-Quici) a 0:05<br \/>&#13;<br \/>\n51. Wessel Lange (NED\/Universe Cycling) a 0:05<br \/>&#13;<br \/>\n52. Crist\u00f3bal Baeza (CHI\/Plus Performance-ZEO Sport) a 0:23<br \/>&#13;<br \/>\n53. Pablo C\u00e9sar Cascante (CRC\/7C Economy Hyundai) a 0:24<br \/>&#13;<br \/>\n54. Boud Greefs (BEL\/Flanders Region) a 0:24<br \/>&#13;<br \/>\n55. Christian Albarrac\u00edn (ECU\/Giant Toscana Mitsubishi) a 0:39<br \/>&#13;<br \/>\n56. Ernesto Fern\u00e1ndez (CRC\/Manzat\u00e9 La Selva-Scott) a 0:50<br \/>&#13;<br \/>\n57. Owen Wright (USA\/Canel\u2019s-Java) a 0:50<br \/>&#13;<br \/>\n58. Cormac McGeough (IRL\/Canel\u2019s-Java) a 0:54<br \/>&#13;<br \/>\n59. Luis L\u00f3pez (HON\/Manzat\u00e9 La Selva-Scott) a 0:55<br \/>&#13;<br \/>\n60. H\u00e9ctor Exequiel Quintana (CHI\/Plus Performance-ZEO Sport) a 0:55<br \/>&#13;<br \/>\n61. Ignacio Prado (MEX\/Canel\u2019s-Java) a 1:23<br \/>&#13;<br \/>\n62. Brandon Aguilar (CRC\/Manzat\u00e9 La Selva-Scott) a 9:37<br \/>&#13;<br \/>\n63. Gr\u00e9goire Lemaire (BEL\/Flanders Region) a 13:45<br \/>&#13;<br \/>\n64. Stefan Verhoeff (NED\/Universe Cycling) a 13:45<br \/>&#13;<br \/>\n65. Luis Monteros (ECU\/Movistar Best PC) a 13:45<br \/>&#13;<br \/>\n66. H\u00e9ctor \u00c1lvarez (ECU\/Movistar Best PC) a 13:45<br \/>&#13;<br \/>\n67. Felipe Aros (USA\/Momentum Racing-GCS-Quici) a 13:45<br \/>&#13;<br \/>\n68. Brayan R\u00edos (GUA\/Sel. de Guatemala) a 13:45<br \/>&#13;<br \/>\n69. Dorian Monterroso (GUA\/Sel. de Guatemala) a 13:45<br \/>&#13;<br \/>\n70. Nikos Casto (USA\/Momentum Racing-GCS-Quici) a 13:45<br \/>&#13;<br \/>\n71. Timothy Rugg (USA\/Momentum Racing-GCS-Quici) a 13:45<br \/>&#13;<br \/>\n72. Efr\u00e9n Santos (MEX\/Canel\u2019s-Java) a 13:45<br \/>&#13;<br \/>\n73. John Borstelman (USA\/Momentum Racing-GCS-Quici) a 13:45<br \/>&#13;<br \/>\n74. Darren Soto (CRC\/Ciclo Caf\u00e9-Repuestos Mena) a 13:55<br \/>&#13;<br \/>\n75. Jason Huertas (CRC\/Manzat\u00e9 La Selva-Scott) a 23:59<br \/>&#13;<br \/>\n76. \u00d3scar Arroyo (CRC\/Costafrut-Giant-AC Marriott) a 45:33<br \/>&#13;<br \/>\n77. Edgar Grave (GUA\/Sel. de Guatemala) a 45:33<br \/>&#13;<br \/>\n78. Rudy Matzar (GUA\/Sel. de Guatemala) a 45:35<br \/>&#13;<br \/>\n79. Alejandro Coto (CRC\/Ciclo Caf\u00e9-Repuestos Mena) a 45:36<br \/>&#13;<br \/>\n80. Cristopher Cruz (CRC\/Sel. de Costa Rica) a 45:36<br \/>&#13;<br \/>\n81. Dani Bonilla Bola\u00f1os (CRC\/Costafrut-Giant-AC Marriott) a 45:36<br \/>&#13;<br \/>\n82. Niels Van Beurden (NED\/Universe Cycling) a 45:36<\/p>\n<p>&#13;<\/p>\n<p><b id=\"P3\"\/><b>Clasificaci\u00f3n general tras la 6\u00aa etapa:<\/b><br \/>&#13;<br \/>\n1. Luis Daniel Oses (CRC\/7C Economy Hyundai) &#8211; 18:05:44<br \/>&#13;<br \/>\n2. Alejandro Granados (CRC\/Colono Bikestation K\u00f6lbi) a 1:37<br \/>&#13;<br \/>\n3. Gabriel Rojas (CRC\/Manzat\u00e9 La Selva-Scott) a 1:39<br \/>&#13;<br \/>\n4. Richard Roland Huera (ECU\/Movistar Best PC) a 1:55<br \/>&#13;<br \/>\n5. Luis Aguilar (CRC\/7C Economy Hyundai) a 1:57<br \/>&#13;<br \/>\n6. Leandro Varela (CRC\/7C Economy Hyundai) a 2:04<br \/>&#13;<br \/>\n7. Nixon Rosero (ECU\/Movistar Best PC) a 2:15<br \/>&#13;<br \/>\n8. Daniel Bonilla (CRC\/Colono Bikestation K\u00f6lbi) a 3:25<br \/>&#13;<br \/>\n9. Gabriel Pacheco (CRC\/Manzat\u00e9 La Selva-Scott) a 4:23<br \/>&#13;<br \/>\n10. Rodolfo Villalobos (CRC\/Ciclo Caf\u00e9-Repuestos Mena) a 5:07<br \/>&#13;<br \/>\n11. Alexander Gil (COL\/Canel\u2019s-Java) a 5:31<br \/>&#13;<br \/>\n12. Jymmi Santiago Montenegro (ECU\/Movistar Best PC) a 6:31<br \/>&#13;<br \/>\n13. Bryan Salas (CRC\/Costafrut-Giant-AC Marriott) a 6:35<br \/>&#13;<br \/>\n14. Joseph Ram\u00edrez (CRC\/Colono Bikestation K\u00f6lbi) a 8:05<br \/>&#13;<br \/>\n15. Daniel G\u00f3mez (CRC\/Ciclo Caf\u00e9-Repuestos Mena) a 9:32<br \/>&#13;<br \/>\n16. Wilson Haro (ECU\/Giant Toscana Mitsubishi) a 10:34<br \/>&#13;<br \/>\n17. Jexon Jos\u00e9 Ledezma (CRC\/Sel. de Costa Rica) a 12:47<br \/>&#13;<br \/>\n18. Sebasti\u00e1n Moya (CRC\/Manzat\u00e9 La Selva-Scott) a 13:00<br \/>&#13;<br \/>\n19. Kenny Nijssen (NED\/Universe Cycling) a 14:03<br \/>&#13;<br \/>\n20. Erik Pozo (ECU\/Movistar Best PC) a 17:37<br \/>&#13;<br \/>\n21. Alexis Quinteros (ECU\/Giant Toscana Mitsubishi) a 19:05<br \/>&#13;<br \/>\n22. Sergio Arias (CRC\/Colono Bikestation K\u00f6lbi) a 20:34<br \/>&#13;<br \/>\n23. Efr\u00e9n Santos (MEX\/Canel\u2019s-Java) a 21:14<br \/>&#13;<br \/>\n24. Heiner Parra (COL\/Canel\u2019s-Java) a 21:26<br \/>&#13;<br \/>\n25. Kevin Rivera (CRC\/7C Economy Hyundai) a 23:16<br \/>&#13;<br \/>\n26. Dylan Jim\u00e9nez (CRC\/7C Economy Hyundai) a 25:35<br \/>&#13;<br \/>\n27. Sebasti\u00e1n Calder\u00f3n (CRC\/7C Economy Hyundai) a 26:03<br \/>&#13;<br \/>\n28. Fredd Matute (HON\/Momentum Racing-GCS-Quici) a 27:41<br \/>&#13;<br \/>\n29. Alex Rony Julajuj (GUA\/Sel. de Guatemala) a 28:23<br \/>&#13;<br \/>\n30. Pablo Mudarra (CRC\/Colono Bikestation K\u00f6lbi) a 28:57<br \/>&#13;<br \/>\n31. H\u00e9ctor \u00c1lvarez (ECU\/Movistar Best PC) a 38:10<br \/>&#13;<br \/>\n32. Sebasti\u00e1n Brenes (CRC\/Canel\u2019s-Java) a 41:20<br \/>&#13;<br \/>\n33. Diego del Campo (CHI\/Plus Performance-ZEO Sport) a 42:16<br \/>&#13;<br \/>\n34. Luis Monteros (ECU\/Movistar Best PC) a 43:32<br \/>&#13;<br \/>\n35. Donovan Ram\u00edrez (CRC\/Colono Bikestation K\u00f6lbi) a 43:36<br \/>&#13;<br \/>\n36. Boud Greefs (BEL\/Flanders Region) a 44:14<br \/>&#13;<br \/>\n37. Alejandro Pita (ECU\/Giant Toscana Mitsubishi) a 48:53<br \/>&#13;<br \/>\n38. H\u00e9ctor Exequiel Quintana (CHI\/Plus Performance-ZEO Sport) a 49:39<br \/>&#13;<br \/>\n39. Crist\u00f3bal Baeza (CHI\/Plus Performance-ZEO Sport) a 50:12<br \/>&#13;<br \/>\n40. Luis L\u00f3pez (HON\/Manzat\u00e9 La Selva-Scott) a 55:57<br \/>&#13;<br \/>\n41. Kendall Fern\u00e1ndez (CRC\/Sel. de Costa Rica) a 58:48<br \/>&#13;<br \/>\n42. Brayan Vargas (CRC\/Distribuidora Cruz-Tecnoforest) a 1:01:37<br \/>&#13;<br \/>\n43. Jeen De Jong (NED\/Universe Cycling) a 1:03:05<br \/>&#13;<br \/>\n44. Brandon Aguilar (CRC\/Manzat\u00e9 La Selva-Scott) a 1:03:57<br \/>&#13;<br \/>\n45. Christian Albarrac\u00edn (ECU\/Giant Toscana Mitsubishi) a 1:05:34<br \/>&#13;<br \/>\n46. Jos\u00e9 Sancho (CRC\/Colono Bikestation K\u00f6lbi) a 1:09:31<br \/>&#13;<br \/>\n47. Francisco Kotsakis (CHI\/Plus Performance-ZEO Sport) a 1:10:13<br \/>&#13;<br \/>\n48. Kevin Murillo (CRC\/Distribuidora Cruz-Tecnoforest) a 1:11:43<br \/>&#13;<br \/>\n49. Ignacio Prado (MEX\/Canel\u2019s-Java) a 1:11:59<br \/>&#13;<br \/>\n50. Tom\u00e1s Quir\u00f3z (CHI\/Plus Performance-ZEO Sport) a 1:13:24<br \/>&#13;<br \/>\n51. Alejandro Pati\u00f1o (CRC\/Distribuidora Cruz-Tecnoforest) a 1:16:54<br \/>&#13;<br \/>\n52. Dorian Monterroso (GUA\/Sel. de Guatemala) a 1:17:20<br \/>&#13;<br \/>\n53. Marcos S\u00e1nchez (CRC\/Distribuidora Cruz-Tecnoforest) a 1:17:25<br \/>&#13;<br \/>\n54. Jonathan Aguilar (CRC\/Sel. de Costa Rica) a 1:23:15<br \/>&#13;<br \/>\n55. Anthony Travez (ECU\/Giant Toscana Mitsubishi) a 1:23:17<br \/>&#13;<br \/>\n56. Derrick Chavarr\u00eda (BIZ\/Momentum Racing-GCS-Quici) a 1:23:53<br \/>&#13;<br \/>\n57. Jason Huertas (CRC\/Manzat\u00e9 La Selva-Scott) a 1:24:36<br \/>&#13;<br \/>\n58. Owen Wright (USA\/Canel\u2019s-Java) a 1:26:15<br \/>&#13;<br \/>\n59. Niels Matthys (BEL\/Flanders Region) a 1:27:07<br \/>&#13;<br \/>\n60. Juan Oviedo (CRC\/Distribuidora Cruz-Tecnoforest) a 1:29:52<br \/>&#13;<br \/>\n61. Cormac McGeough (IRL\/Canel\u2019s-Java) a 1:31:44<br \/>&#13;<br \/>\n62. Timothy Rugg (USA\/Momentum Racing-GCS-Quici) a 1:32:08<br \/>&#13;<br \/>\n63. Ernesto Fern\u00e1ndez (CRC\/Manzat\u00e9 La Selva-Scott) a 1:35:04<br \/>&#13;<br \/>\n64. Brayan R\u00edos (GUA\/Sel. de Guatemala) a 1:43:49<br \/>&#13;<br \/>\n65. Wessel Lange (NED\/Universe Cycling) a 1:44:37<br \/>&#13;<br \/>\n66. Pablo C\u00e9sar Cascante (CRC\/7C Economy Hyundai) a 1:51:28<br \/>&#13;<br \/>\n67. Cas Hermans (BEL\/Flanders Region) a 1:54:47<br \/>&#13;<br \/>\n68. Stefan Verhoeff (NED\/Universe Cycling) a 1:56:32<br \/>&#13;<br \/>\n69. Darren Soto (CRC\/Ciclo Caf\u00e9-Repuestos Mena) a 1:56:35<br \/>&#13;<br \/>\n70. John Borstelman (USA\/Momentum Racing-GCS-Quici) a 2:00:06<br \/>&#13;<br \/>\n71. Henry Huinac (GUA\/Sel. de Guatemala) a 2:01:12<br \/>&#13;<br \/>\n72. Alejandro Coto (CRC\/Ciclo Caf\u00e9-Repuestos Mena) a 2:03:25<br \/>&#13;<br \/>\n73. Edgar Grave (GUA\/Sel. de Guatemala) a 2:04:43<br \/>&#13;<br \/>\n74. Gr\u00e9goire Lemaire (BEL\/Flanders Region) a 2:13:52<br \/>&#13;<br \/>\n75. Felipe Aros (USA\/Momentum Racing-GCS-Quici) a 2:14:10<br \/>&#13;<br \/>\n76. Nikos Casto (USA\/Momentum Racing-GCS-Quici) a 2:20:14<br \/>&#13;<br \/>\n77. Kyvan Ast\u00faa (CRC\/Sel. de Costa Rica) a 2:23:02<br \/>&#13;<br \/>\n78. Rudy Matzar (GUA\/Sel. de Guatemala) a 2:55:22<br \/>&#13;<br \/>\n79. Cristopher Cruz (CRC\/Sel. de Costa Rica) a 3:16:52<br \/>&#13;<br \/>\n80. \u00d3scar Arroyo (CRC\/Costafrut-Giant-AC Marriott) a 3:24:24<br \/>&#13;<br \/>\n81. Daniel Bonilla Bola\u00f1os (CRC\/Costafrut-Giant-AC Marriott) a 3:26:11  <br \/>&#13;<br \/>\n82. Niels Van Beurden (NED\/Universe Cycling) a 3:41:35<\/p>\n<p>&#13;<\/p>\n<p><b>Clasificaci\u00f3n general de los Puntos (Top-10):<\/b><br \/>&#13;<br \/>\n1. Jason Huertas (CRC\/Manzat\u00e9 La Selva-Scott) &#8211; 31<br \/>&#13;<br \/>\n2. Leandro Varela (CRC\/7C Economy Hyundai) &#8211; 29<br \/>&#13;<br \/>\n3. Alejandro Granados (CRC\/Colono Bikestation K\u00f6lbi) &#8211; 28<br \/>&#13;<br \/>\n4. Wilson Haro (ECU\/Giant Toscana Mitsubishi) &#8211; 28<br \/>&#13;<br \/>\n5. Sebasti\u00e1n Calder\u00f3n (CRC\/7C Economy Hyundai) &#8211; 25<br \/>&#13;<br \/>\n6. Gabriel Rojas (CRC\/Manzat\u00e9 La Selva-Scott) &#8211; 24<br \/>&#13;<br \/>\n7. Luis Daniel Oses (CRC\/7C Economy Hyundai) &#8211; 22<br \/>&#13;<br \/>\n8. Daniel Bonilla (CRC\/Colono Bikestation K\u00f6lbi) &#8211; 21<br \/>&#13;<br \/>\n9. Luis Aguilar (CRC\/7C Economy Hyundai) &#8211; 20<br \/>&#13;<br \/>\n10. Jymmi Santiago Montenegro (ECU\/Movistar Best PC) &#8211; 19<\/p>\n<p>&#13;<\/p>\n<p><b id=\"P4\"\/><b>Clasificaci\u00f3n general de la Monta\u00f1a (Top-10):<\/b><br \/>&#13;<br \/>\n1. Jymmi Santiago Montenegro (ECU\/Movistar Best PC) &#8211; 40<br \/>&#13;<br \/>\n2. Luis Daniel Oses (CRC\/7C Economy Hyundai) &#8211; 22<br \/>&#13;<br \/>\n3. Wilson Haro (ECU\/Giant Toscana Mitsubishi) &#8211; 22<br \/>&#13;<br \/>\n4. Luis Aguilar (CRC\/7C Economy Hyundai) &#8211; 20<br \/>&#13;<br \/>\n5. Fredd Matute (HON\/Momentum Racing-GCS-Quici) &#8211; 20<br \/>&#13;<br \/>\n6. Sebasti\u00e1n Moya (CRC\/Manzat\u00e9 La Selva-Scott) &#8211; 19<br \/>&#13;<br \/>\n7. Leandro Varela (CRC\/7C Economy Hyundai) &#8211; 19<br \/>&#13;<br \/>\n8. Sergio Arias (CRC\/Colono Bikestation K\u00f6lbi) &#8211; 16<br \/>&#13;<br \/>\n9. Richard Roland Huera (ECU\/Movistar Best PC) &#8211; 14<br \/>&#13;<br \/>\n10. Gabriel Rojas (CRC\/Manzat\u00e9 La Selva-Scott) &#8211; 12<\/p>\n<p>&#13;<\/p>\n<p><b>Clasificaci\u00f3n general de los J\u00f3venes (Top-10):<\/b><br \/>&#13;<br \/>\n1. Alejandro Granados (CRC\/Colono Bikestation K\u00f6lbi) &#8211; 18:07:21<br \/>&#13;<br \/>\n2. Luis Aguilar (CRC\/7C Economy Hyundai) a 0:20<br \/>&#13;<br \/>\n3. Gabriel Pacheco (CRC\/Manzat\u00e9 La Selva-Scott) a 2:46<br \/>&#13;<br \/>\n4. Daniel G\u00f3mez (CRC\/Ciclo Caf\u00e9-Repuestos Mena) a 7:55<br \/>&#13;<br \/>\n5. Jexon Jos\u00e9 Ledezma (CRC\/Sel. de Costa Rica) a 11:10<br \/>&#13;<br \/>\n6. Erik Pozo (ECU\/Movistar Best PC) a 16:00<br \/>&#13;<br \/>\n7. Sebasti\u00e1n Calder\u00f3n (CRC\/7C Economy Hyundai) a 24:26<br \/>&#13;<br \/>\n8. H\u00e9ctor \u00c1lvarez (ECU\/Movistar Best PC) a 36:33<br \/>&#13;<br \/>\n9. Luis Monteros (ECU\/Movistar Best PC) a 41:55<br \/>&#13;<br \/>\n10. Boud Greefs (BEL\/Flanders Region) a 42:37<\/p>\n<p>&#13;<\/p>\n<p><b id=\"P5\"\/><b>Clasificaci\u00f3n general por Equipos (Top-10):<\/b><br \/>&#13;<br \/>\n1. 7C Economy Hyundai &#8211; 54:21:16<br \/>&#13;<br \/>\n2. Movistar Best PC a 1:51<br \/>&#13;<br \/>\n3. Colono Bikestation K\u00f6lbi a 5:45<br \/>&#13;<br \/>\n4. Manzat\u00e9 La Selva-Scott a 15:05<br \/>&#13;<br \/>\n5. Canel\u2019s-Java a 30:27<br \/>&#13;<br \/>\n6. Giant Toscana Mitsubishi a 1:14:19<br \/>&#13;<br \/>\n7. Ciclo Caf\u00e9-Repuestos Mena a 1:39:07<br \/>&#13;<br \/>\n8. Plus Performance-ZEO Sport a 2:17:49<br \/>&#13;<br \/>\n9. Sel. de Costa Rica a 2:30:56<br \/>&#13;<br \/>\n10. Universe Cycling a 2:50:10<\/p>\n<p>&#13;<br \/>\n&#13;<br \/>\n&#13;<br \/>\nEsCiclismo &#8211; Todos los derechos reservados. Est\u00e1 prohibido todo tipo de reproducci\u00f3n sin autorizaci\u00f3n expresa escrita.<br \/>&#13;<br \/>\n&#13;<\/p>\n<blockquote class=\"style-3\"><p>\ud83d\udce3<\/p>\n<p>Sigue toda la actualidad del mundo del ciclismo en nuestros canales de <a href=\"https:\/\/bit.ly\/WhatsappEsCiclismo\" target=\"_blank\" rel=\"noopener nofollow\"><b>WhatsApp<\/b><\/a> y <a href=\"https:\/\/bit.ly\/EsciclismoTelegram\" target=\"_blank\" rel=\"noopener nofollow\"><b>Telegram<\/b><\/a>, donde recibiras las noticias m\u00e1s destacadas.<\/p>\n<\/blockquote>\n","protected":false},"excerpt":{"rendered":"&#13; &#13; &#13; &#13; &#13; EsCiclismo.com \u00b7 Competici\u00f3n Carretera \u00b7 17\/12\/2025 \u00c9stas son las clasificaciones completas tras la&hellip;\n","protected":false},"author":2,"featured_media":293627,"comment_status":"","ping_status":"","sticky":false,"template":"","format":"standard","meta":{"footnotes":""},"categories":[273],"tags":[10605,517,70205,313,1757,777,12652,55199,2828,312,2347,168,35329,7368,25,17732,24,53841,314,1058,61,293,15761,5215,12400,16023,295,70204,28324,738,8636,68609,23,167,3596,4059,1357,16834],"class_list":{"0":"post-293626","1":"post","2":"type-post","3":"status-publish","4":"format-standard","5":"has-post-thumbnail","7":"category-ciclismo","8":"tag-a","9":"tag-actualidad","10":"tag-carreter","11":"tag-ciclismo","12":"tag-ciclista","13":"tag-ciudad","14":"tag-clasificaciones","15":"tag-completas","16":"tag-costa","17":"tag-cycling","18":"tag-decision","19":"tag-deportes","20":"tag-diciembre","21":"tag-disputada","22":"tag-es","23":"tag-escapada","24":"tag-espana","25":"tag-estas","26":"tag-etapa","27":"tag-final","28":"tag-internacional","29":"tag-jornada","30":"tag-jurado","31":"tag-kilometros","32":"tag-llana","33":"tag-marcada","34":"tag-miercoles","35":"tag-neilly","36":"tag-numerosa","37":"tag-perez","38":"tag-posterior","39":"tag-rica","40":"tag-spain","41":"tag-sports","42":"tag-sprint","43":"tag-tecnico","44":"tag-vuelta","45":"tag-zeledon"},"share_on_mastodon":{"url":"https:\/\/pubeurope.com\/@es\/115737648675833901","error":""},"_links":{"self":[{"href":"https:\/\/www.europesays.com\/es\/wp-json\/wp\/v2\/posts\/293626","targetHints":{"allow":["GET"]}}],"collection":[{"href":"https:\/\/www.europesays.com\/es\/wp-json\/wp\/v2\/posts"}],"about":[{"href":"https:\/\/www.europesays.com\/es\/wp-json\/wp\/v2\/types\/post"}],"author":[{"embeddable":true,"href":"https:\/\/www.europesays.com\/es\/wp-json\/wp\/v2\/users\/2"}],"replies":[{"embeddable":true,"href":"https:\/\/www.europesays.com\/es\/wp-json\/wp\/v2\/comments?post=293626"}],"version-history":[{"count":0,"href":"https:\/\/www.europesays.com\/es\/wp-json\/wp\/v2\/posts\/293626\/revisions"}],"wp:featuredmedia":[{"embeddable":true,"href":"https:\/\/www.europesays.com\/es\/wp-json\/wp\/v2\/media\/293627"}],"wp:attachment":[{"href":"https:\/\/www.europesays.com\/es\/wp-json\/wp\/v2\/media?parent=293626"}],"wp:term":[{"taxonomy":"category","embeddable":true,"href":"https:\/\/www.europesays.com\/es\/wp-json\/wp\/v2\/categories?post=293626"},{"taxonomy":"post_tag","embeddable":true,"href":"https:\/\/www.europesays.com\/es\/wp-json\/wp\/v2\/tags?post=293626"}],"curies":[{"name":"wp","href":"https:\/\/api.w.org\/{rel}","templated":true}]}}