{"id":293647,"date":"2025-12-18T00:18:27","date_gmt":"2025-12-18T00:18:27","guid":{"rendered":"https:\/\/www.europesays.com\/es\/293647\/"},"modified":"2025-12-18T00:18:27","modified_gmt":"2025-12-18T00:18:27","slug":"telefonica-rebaja-a-4-554-bajas-el-alcance-total-del-ere-y-roza-el-acuerdo-con-los-sindicatos-expansion","status":"publish","type":"post","link":"https:\/\/www.europesays.com\/es\/293647\/","title":{"rendered":"Telef\u00f3nica rebaja a 4.554 bajas el alcance total del ERE y roza el acuerdo con los sindicatos &#8211; Expansi\u00f3n"},"content":{"rendered":"<ol>\n<li><a href=\"https:\/\/news.google.com\/rss\/articles\/CBMijwFBVV95cUxNQWpCcW9XZTJ6LWw5eHhhRDVPU1h1S1pUalZydXNlMjQtUy01RDRDMmJQeWZSekRYWlBBVW5ZQXZLYk9ETk9Sb0VwY211NnRSU3gyckthN0dZb2pHR000Y0tjbG1pcWFacjBXOEpOcDB4UW0ydW51ZnltVmlLemJsYzhjZVoyYUdpQ0lhSUpfdw?oc=5\" target=\"_blank\" rel=\"nofollow noopener\">Telef\u00f3nica rebaja a 4.554 bajas el alcance total del ERE y roza el acuerdo con los sindicatos<\/a>&nbsp;&nbsp;Expansi\u00f3n<\/li>\n<li><a href=\"https:\/\/news.google.com\/rss\/articles\/CBMiqwFBVV95cUxNUk9vbjRaSmY4WHZZeEZ3NEd3RG1GdVZlakVnV001SXlHWTNHUFlPdkhxeWNqOE8zNXpOQzhKN2RNMVROY1ZFQllrcVZTakFDY0FNZnhHZDlCaDFoQ08ybC1MY3N6T1RUVGgzMHhHck9JbVZXem04M2xwLTlHZWVIaHNqenE1d05HQUJwcFp0SldZLWl1dUowNjhuQldfOWhKQ0hPQl83b1RxbEE?oc=5\" target=\"_blank\" rel=\"nofollow noopener\">Telef\u00f3nica despedir\u00e1 a un m\u00ednimo de 4.554 empleados tras finalizar la negociaci\u00f3n del ERE<\/a>&nbsp;&nbsp;El Confidencial<\/li>\n<li><a href=\"https:\/\/news.google.com\/rss\/articles\/CBMiiAFBVV95cUxPZ1VaeW80TTJlcDZlWEZYdkk3angyc2J2VjVnbUxfWF9GU2pVaUNlT0pJN1Z5ZzFTWG9zZDZILUxvRDRMbmlEclNRSU9icEVpY3YyRFdjczVWSkE0Q2gwQzd6YmdqcWpnbnFmWjJjVWE0MXJaMlc0US1Zd1VVcUhGelEzbnNhVG9J0gGIAUFVX3lxTFBnUkcyQkdtbkFfaHFCTkttNWxuREUyeEV1QjZfTHpQbERTVlRXVnp6eFlERVNUNnBablItbHZjMnZLZmtEWDhYWnV2enNOemw5T2EwalFQQWR1QWZqSkNtekc0RjM1aml3NmZRSVY2bWd4QkZaM0hpUzBXOTRJZXdqVzQ3X1FkWGU?oc=5\" target=\"_blank\" rel=\"nofollow noopener\">Telef\u00f3nica encarrila el acuerdo del ERE con 4.554 salidas, un 25% menos que al inicio de las negociaciones<\/a>&nbsp;&nbsp;El Mundo<\/li>\n<li><a href=\"https:\/\/news.google.com\/rss\/articles\/CBMifkFVX3lxTE1MaFpLX1I2MEJ5VEVhWU9zOWpUMGxma1h3eXIzUUY4eVlpWlRkTnRkcG9acWhic1BWYUNXWGtrY180R0ZHVEQ1cllSTmlFQkNXOWFTLXhESGI4aTdTTERPRVVYTnhqTnpTTVlzWTJjdW5iNDFIRXZqVlRMdlRvZ9IBfkFVX3lxTFBxdkp3LUJTU1JzR0FPTUVsNUJfMVduMXdjUFJUUUNPVm1XY3BWd3h0dnppRktHc3NyQkgwUUVKbDB5SS1ORXBRVGl0NmJpdmVCSmUzTThDNzFQeVZTZ1N4b3NCU1ItM0NDaTl5b3NXanBkT0o1TkdkVmhzZzhBUQ?oc=5\" target=\"_blank\" rel=\"nofollow noopener\">Telef\u00f3nica reduce a 4.554 despidos el alcance del ERE para todo el grupo<\/a>&nbsp;&nbsp;RTVE.es<\/li>\n<li><a href=\"https:\/\/news.google.com\/rss\/articles\/CBMivwFBVV95cUxPcDNMdnFZUXRESnFMSFJLelhOOWZxZkhWeE05REJFRURNZm5ZX2VsS1FBaDJrQk1CZXlBam1PQzJ5cVRJTUJWYms4VFBhRnA0SmV2QUJaWTlCUGZTS2VoYlFxSWdIMzZOQjlTVldwNGlzOUpNa0NwQkJ0aXFFSlZpSlNGa09BOUdyQ09pSW5oT2tOVnd0bGVGenU4N2hsc1hta1VDZkdXMjR3NXZ3ZEwxLXc0R3hudTdqRFVTbkVUSQ?oc=5\" target=\"_blank\" rel=\"nofollow noopener\">Telef\u00f3nica reduce la oferta final del ERE a 4.554 salidas, el 26% de la plantilla<\/a>&nbsp;&nbsp;EL PA\u00cdS<\/li>\n<\/ol>\n","protected":false},"excerpt":{"rendered":"Telef\u00f3nica rebaja a 4.554 bajas el alcance total del ERE y roza el acuerdo con los sindicatos&nbsp;&nbsp;Expansi\u00f3n Telef\u00f3nica&hellip;\n","protected":false},"author":2,"featured_media":293648,"comment_status":"","ping_status":"","sticky":false,"template":"","format":"standard","meta":{"footnotes":""},"categories":[80],"tags":[82,95,94,2308,10853,25,24,23],"class_list":{"0":"post-293647","1":"post","2":"type-post","3":"status-publish","4":"format-standard","5":"has-post-thumbnail","7":"category-economia","8":"tag-business","9":"tag-economia","10":"tag-economy","11":"tag-empresas","12":"tag-empresas-tecnologia","13":"tag-es","14":"tag-espana","15":"tag-spain"},"share_on_mastodon":{"url":"https:\/\/pubeurope.com\/@es\/115737704509996511","error":""},"_links":{"self":[{"href":"https:\/\/www.europesays.com\/es\/wp-json\/wp\/v2\/posts\/293647","targetHints":{"allow":["GET"]}}],"collection":[{"href":"https:\/\/www.europesays.com\/es\/wp-json\/wp\/v2\/posts"}],"about":[{"href":"https:\/\/www.europesays.com\/es\/wp-json\/wp\/v2\/types\/post"}],"author":[{"embeddable":true,"href":"https:\/\/www.europesays.com\/es\/wp-json\/wp\/v2\/users\/2"}],"replies":[{"embeddable":true,"href":"https:\/\/www.europesays.com\/es\/wp-json\/wp\/v2\/comments?post=293647"}],"version-history":[{"count":0,"href":"https:\/\/www.europesays.com\/es\/wp-json\/wp\/v2\/posts\/293647\/revisions"}],"wp:featuredmedia":[{"embeddable":true,"href":"https:\/\/www.europesays.com\/es\/wp-json\/wp\/v2\/media\/293648"}],"wp:attachment":[{"href":"https:\/\/www.europesays.com\/es\/wp-json\/wp\/v2\/media?parent=293647"}],"wp:term":[{"taxonomy":"category","embeddable":true,"href":"https:\/\/www.europesays.com\/es\/wp-json\/wp\/v2\/categories?post=293647"},{"taxonomy":"post_tag","embeddable":true,"href":"https:\/\/www.europesays.com\/es\/wp-json\/wp\/v2\/tags?post=293647"}],"curies":[{"name":"wp","href":"https:\/\/api.w.org\/{rel}","templated":true}]}}