{"id":293653,"date":"2025-12-18T00:21:08","date_gmt":"2025-12-18T00:21:08","guid":{"rendered":"https:\/\/www.europesays.com\/es\/293653\/"},"modified":"2025-12-18T00:21:08","modified_gmt":"2025-12-18T00:21:08","slug":"el-jefe-de-redes-de-vox-denunciado-por-acosar-sexualmente-a-un-militante-cuando-era-menor","status":"publish","type":"post","link":"https:\/\/www.europesays.com\/es\/293653\/","title":{"rendered":"El jefe de Redes de Vox, denunciado por acosar sexualmente a un militante cuando era menor"},"content":{"rendered":"<p class=\"article-text\">\n        Un militante de Vox y de Revuelta \u2014la organizaci\u00f3n juvenil sat\u00e9lite del partido\u2014 ha interpuesto una denuncia por presunto acoso sexual contra el responsable de redes sociales del partido de extrema derecha, seg\u00fan ha adelantado el diario <a href=\"https:\/\/www.abc.es\/espana\/militante-revuelta-denuncia-policia-encargado-redes-partido-20251218212021-nt.html\" target=\"_blank\" data-mrf-recirculation=\"links-noticia\" class=\"link\" rel=\"nofollow noopener\">ABC<\/a>. Los hechos, seg\u00fan publica este medio, ocurrieron cuando la v\u00edctima ten\u00eda diecis\u00e9is a\u00f1os.\n    <\/p>\n<p>    <a href=\"https:\/\/www.eldiario.es\/politica\/acabo-amor-vox-revuelta-organizacion-juvenil-hunde-raices-yunque_1_12839623.html\" data-mrf-recirculation=\"saber-mas\" data-dl-event=\"saber-mas\" rel=\"nofollow noopener\" target=\"_blank\"><\/p>\n<p class=\"know-more__title\">Se acab\u00f3 el amor entre Vox y Revuelta, la organizaci\u00f3n juvenil que hunde sus ra\u00edces en El Yunque<\/p>\n<p>            <img decoding=\"async\" class=\"lazy\" loading=\"lazy\" data-src=\"https:\/\/static.eldiario.es\/clip\/b842a3ab-2092-4b73-aa4c-990e2c41dd90_16-9-aspect-ratio_default_0.jpg\" src=\"data:image\/svg+xml,%3Csvg xmlns=\" http:=\"\" viewbox=\"0 0 880 495\" alt=\"Se acab\u00f3 el amor entre Vox y Revuelta, la organizaci\u00f3n juvenil que hunde sus ra\u00edces en El Yunque\"\/><\/p>\n<p>                        <\/a><\/p>\n<p class=\"article-text\">\n        El joven habr\u00eda presentado la denuncia el pasado 12 de diciembre en una comisar\u00eda de la Polic\u00eda Nacional del distrito madrile\u00f1o de Chamber\u00ed, en la que supuestamente se detallan los hechos que habr\u00edan tenido lugar a finales de 2023. Seg\u00fan el peri\u00f3dico, el militante detalla c\u00f3mo el \u201ccommunity manager\u201d del partido presidido por Santiago Abascal, con siglas J.E.B., quien a su vez es exdirigente de Revuelta y director de la plataforma de &#8216;streaming&#8217; Bipartidimo Stream, le habr\u00eda contactado a trav\u00e9s de WhatsApp, pregunt\u00e1ndole por su edad. El joven, entonces menor, le habr\u00eda contestado \u201ctengo diecis\u00e9is a\u00f1os\u201d, a lo que el presunto responsable, de entonces 25 a\u00f1os, habr\u00eda contestado: \u201cAh, qu\u00e9 joven\u201d.\n    <\/p>\n<p class=\"article-text\">\n        El diario ABC aporta unas capturas de pantalla de la conversaci\u00f3n, adjuntados en la denuncia, en las que J.E.B. supuestamente preguntaba al joven su orientaci\u00f3n sexual. El militante, ya en una reuni\u00f3n con el jefe de Redes de Vox, que le lleva a la sede del partido, habr\u00eda incidido en que le gustaban las chicas de su edad. Fue en la despedida de esa quedada cuando el denunciado se habr\u00eda puesto \u201cmuy pesado\u201d para acompa\u00f1ar al chico al Metro y donde le habr\u00eda tocado \u201ccon \u00e1nimo sexual y libidinoso\u201d y sin su consentimiento.\n    <\/p>\n<p class=\"article-text\">\n        El presunto agresor, seg\u00fan la denuncia aportada por el medio, habr\u00eda escrito de forma reiterada al joven por WhatsApp y a trav\u00e9s de la cuenta oficial de Vox, \u201cque \u00e9l manejaba\u201d. El denunciante asegura que el tambi\u00e9n exdirigente de la organizaci\u00f3n juvenil del partido de extrema derecha \u201cabus\u00f3 de su situaci\u00f3n de superioridad en Vox y Revuelta para acabar quedando a solas\u201d con \u00e9l, cuando era \u201cmenor de edad\u201d y hacerle \u201ctocamientos\u201d contra su voluntad.\n    <\/p>\n<p>    <a href=\"https:\/\/www.eldiario.es\/politica\/vox-conocia-presuntas-irregularidades-revuelta-donaciones-dana-adelantarnos-salga-titular_1_12845359.html\" data-mrf-recirculation=\"saber-mas-abajo\" data-dl-event=\"saber-mas-abajo\" rel=\"nofollow noopener\" target=\"_blank\"><\/p>\n<p class=\"know-more__title\">Vox conoc\u00eda las presuntas irregularidades de Revuelta sobre donaciones para la dana: \u201cNo podemos funcionar as\u00ed\u201d\n<\/p>\n<p>            <img decoding=\"async\" class=\"lazy\" loading=\"lazy\" data-src=\"https:\/\/static.eldiario.es\/clip\/52eb758e-09b3-4482-95d8-351cbc55de5f_16-9-aspect-ratio_default_0.jpg\" src=\"data:image\/svg+xml,%3Csvg xmlns=\" http:=\"\" viewbox=\"0 0 880 495\" alt=\"Vox conoc\u00eda las presuntas irregularidades de Revuelta sobre donaciones para la dana: &quot;No podemos funcionar as\u00ed&quot;\"\/><\/p>\n<p>                        <\/a><\/p>\n<p class=\"article-text\">\n        El denunciante ha accedido a registrar la denuncia una vez ha cumplido la mayor\u00eda de edad y tras haber sido contactado de nuevo por el denunciado. Adem\u00e1s, a\u00f1ade la informaci\u00f3n, el responsable de redes sociales habr\u00eda presionado al joven para que no hiciera p\u00fablicos los hechos, en plena pol\u00e9mica por los audios filtrados entre Revuelta y l\u00edderes de Vox. J.E.B. es, adem\u00e1s, uno de los miembros que ha denunciado en la Fiscal\u00eda las <a href=\"https:\/\/www.eldiario.es\/politica\/vox-conocia-presuntas-irregularidades-revuelta-donaciones-dana-adelantarnos-salga-titular_1_12845359.html\" target=\"_blank\" data-mrf-recirculation=\"links-noticia\" class=\"link\" rel=\"nofollow noopener\">presuntas irregularidades de Revuelta sobre donaciones para la dana<\/a>.\n    <\/p>\n","protected":false},"excerpt":{"rendered":"Un militante de Vox y de Revuelta \u2014la organizaci\u00f3n juvenil sat\u00e9lite del partido\u2014 ha interpuesto una denuncia por&hellip;\n","protected":false},"author":2,"featured_media":293654,"comment_status":"","ping_status":"","sticky":false,"template":"","format":"standard","meta":{"footnotes":""},"categories":[5],"tags":[42508,17,18,36602,25,24,13,14,11,23392,19,20,2126,70209,9,10,15,16,2311,35359,23,12,21,22,624],"class_list":{"0":"post-293653","1":"post","2":"type-post","3":"status-publish","4":"format-standard","5":"has-post-thumbnail","7":"category-titulares","8":"tag-acosar","9":"tag-breaking-news","10":"tag-breakingnews","11":"tag-denunciado","12":"tag-es","13":"tag-espana","14":"tag-featured-news","15":"tag-featurednews","16":"tag-headlines","17":"tag-jefe","18":"tag-latest-news","19":"tag-latestnews","20":"tag-menor","21":"tag-militante","22":"tag-news","23":"tag-noticias","24":"tag-noticias-destacadas","25":"tag-noticiasdestacadas","26":"tag-redes","27":"tag-sexualmente","28":"tag-spain","29":"tag-titulares","30":"tag-ultimas-noticias","31":"tag-ultimasnoticias","32":"tag-vox"},"share_on_mastodon":{"url":"https:\/\/pubeurope.com\/@es\/115737715225539549","error":""},"_links":{"self":[{"href":"https:\/\/www.europesays.com\/es\/wp-json\/wp\/v2\/posts\/293653","targetHints":{"allow":["GET"]}}],"collection":[{"href":"https:\/\/www.europesays.com\/es\/wp-json\/wp\/v2\/posts"}],"about":[{"href":"https:\/\/www.europesays.com\/es\/wp-json\/wp\/v2\/types\/post"}],"author":[{"embeddable":true,"href":"https:\/\/www.europesays.com\/es\/wp-json\/wp\/v2\/users\/2"}],"replies":[{"embeddable":true,"href":"https:\/\/www.europesays.com\/es\/wp-json\/wp\/v2\/comments?post=293653"}],"version-history":[{"count":0,"href":"https:\/\/www.europesays.com\/es\/wp-json\/wp\/v2\/posts\/293653\/revisions"}],"wp:featuredmedia":[{"embeddable":true,"href":"https:\/\/www.europesays.com\/es\/wp-json\/wp\/v2\/media\/293654"}],"wp:attachment":[{"href":"https:\/\/www.europesays.com\/es\/wp-json\/wp\/v2\/media?parent=293653"}],"wp:term":[{"taxonomy":"category","embeddable":true,"href":"https:\/\/www.europesays.com\/es\/wp-json\/wp\/v2\/categories?post=293653"},{"taxonomy":"post_tag","embeddable":true,"href":"https:\/\/www.europesays.com\/es\/wp-json\/wp\/v2\/tags?post=293653"}],"curies":[{"name":"wp","href":"https:\/\/api.w.org\/{rel}","templated":true}]}}