{"id":293661,"date":"2025-12-18T00:31:17","date_gmt":"2025-12-18T00:31:17","guid":{"rendered":"https:\/\/www.europesays.com\/es\/293661\/"},"modified":"2025-12-18T00:31:17","modified_gmt":"2025-12-18T00:31:17","slug":"delalma-estrena-su-nuevo-tema-a-traves-con-sus-respectivos-cantantes-invitados","status":"publish","type":"post","link":"https:\/\/www.europesays.com\/es\/293661\/","title":{"rendered":"DELALMA estrena su nuevo tema \u00abA Trav\u00e9s\u00bb con sus respectivos cantantes invitados"},"content":{"rendered":"<p>\u00a0<\/p>\n<p>\u00a0<\/p>\n<p><strong>DELALMA estrena su nuevo tema \u00abA Trav\u00e9s\u00bb con sus respectivos cantantes invitados<\/strong><br \/>\n<img fetchpriority=\"high\" decoding=\"async\" src=\"https:\/\/www.europesays.com\/es\/wp-content\/uploads\/2025\/12\/captura_a_traves.jpg\" width=\"500\" height=\"267\" alt=\"DELALMA\"\/><\/p>\n<p align=\"center\"><strong>DELALMA A TRAV\u00c9S \u2013 SEGUNDO ADELANTO DE DELALMA<\/strong><\/p>\n<p style=\"text-align: left;\" align=\"center\">La banda estrena el segundo adelanto de su nueva obra. Lleva por t\u00edtulo <strong><a href=\"https:\/\/delalmaoficial.com\/\" target=\"_blank\" rel=\"noopener nofollow\">DELALMA<\/a> A TRAV\u00c9S<\/strong> y se presenta en forma de lyric video.<\/p>\n<p style=\"text-align: left;\" align=\"center\">Este nuevo adelanto<strong>, <a href=\"https:\/\/delalmaoficial.com\/\" target=\"_blank\" rel=\"noopener nofollow\">DELALMA<\/a> A TRAV\u00c9S,<\/strong> sirve para presentar a un <strong>nuevo artista invitado,<\/strong> quien realiza un fant\u00e1stico dueto junto a uno de los dos vocalistas principales, y que da voz a un nuevo personaje, de nombre <strong>Justo<\/strong>, dentro de la trama sobre la que versa<strong> la nueva obra de <a href=\"https:\/\/delalmaoficial.com\/\" target=\"_blank\" rel=\"noopener nofollow\">DELALMA<\/a>, que ver\u00e1 la luz el pr\u00f3ximo 20 de febrero de 2026. <\/strong><\/p>\n<p align=\"center\"><strong>SINOPSIS<\/strong><\/p>\n<p style=\"text-align: left;\" align=\"center\">Continuando con la historia de<strong> L\u00e1zaro,<\/strong> en esta composici\u00f3n se narra el relato de su momento m\u00e1s oscuro, cuando se encuentra entre la procesi\u00f3n de almas en pena que lidera, a su amigo de toda la vida, <strong>Justo<\/strong>, qui\u00e9n tendr\u00e1 un mensaje esperanzador que <strong>L\u00e1zaro<\/strong> podr\u00e1 tomar, o no, mientras vaga en la sinraz\u00f3n de la b\u00fasqueda del camino que le regrese a su hogar.<\/p>\n<p style=\"text-align: left;\" align=\"center\">Esta es la portada.<\/p>\n<p><img loading=\"lazy\" decoding=\"async\" src=\"https:\/\/www.europesays.com\/es\/wp-content\/uploads\/2025\/12\/a_traves_single.jpg\" alt=\"DELALMA\" width=\"500\" height=\"500\"\/><\/p>\n<p><strong><a href=\"https:\/\/delalmaoficial.com\/\" target=\"_blank\" rel=\"noopener nofollow\">DELALMA<\/a> A TRAV\u00c9S<\/strong> estar\u00e1 disponible en todas las plataformas a partir del jueves 18 de diciembre. En el siguiente enlace pod\u00e9is acceder al pre-save &gt; <a href=\"https:\/\/orcd.co\/delalma_delalmaatraves\" target=\"_blank\" rel=\"noopener nofollow\">https:\/\/orcd.co\/delalma_delalmaatraves<\/a><\/p>\n<p>Cantantes Invitados: <strong>Ronnie Romero \/ Tete Novoa <\/strong><\/p>\n<p>Letra, m\u00fasica y arreglos: Seoane<\/p>\n<p><strong><a href=\"https:\/\/delalmaoficial.com\/\" target=\"_blank\" rel=\"noopener nofollow\">DELALMA<\/a>\u00a0<\/strong><a href=\"https:\/\/www.rafabasa.com\/2025\/10\/28\/delalma-estrena-su-video-cosas-por-decir\/\" target=\"_blank\" rel=\"noopener nofollow\">estren\u00f3 su v\u00eddeo \u201cCosas Por Decir<\/a><\/p>\n<p><strong><a href=\"https:\/\/www.rafabasa.com\/2025\/10\/06\/seoane-habla-en-exclusiva-de-su-futuro-entrevista-en-video\/\" target=\"_blank\" rel=\"noopener nofollow\">Recordemos la entrevista con su l\u00edder Seoane.<\/a><\/strong><\/p>\n<p><a href=\"https:\/\/www.rafabasa.com\/2025\/10\/27\/delalma-portadas-sinopsis-y-formatos\/\" target=\"_blank\" rel=\"noopener nofollow\">En esta anterior noticia, pod\u00e9is ver las portadas y formatos<\/a><\/p>\n<p>\u00a0<\/p>\n<p>\u00a0<\/p>\n","protected":false},"excerpt":{"rendered":"\u00a0 \u00a0 DELALMA estrena su nuevo tema \u00abA Trav\u00e9s\u00bb con sus respectivos cantantes invitados DELALMA A TRAV\u00c9S \u2013&hellip;\n","protected":false},"author":2,"featured_media":293662,"comment_status":"","ping_status":"","sticky":false,"template":"","format":"standard","meta":{"footnotes":""},"categories":[174],"tags":[255,56003,146,147,25,24,256,23],"class_list":{"0":"post-293661","1":"post","2":"type-post","3":"status-publish","4":"format-standard","5":"has-post-thumbnail","7":"category-famosos","8":"tag-celebrities","9":"tag-delalma","10":"tag-entertainment","11":"tag-entretenimiento","12":"tag-es","13":"tag-espana","14":"tag-famosos","15":"tag-spain"},"share_on_mastodon":{"url":"https:\/\/pubeurope.com\/@es\/115737754929762493","error":""},"_links":{"self":[{"href":"https:\/\/www.europesays.com\/es\/wp-json\/wp\/v2\/posts\/293661","targetHints":{"allow":["GET"]}}],"collection":[{"href":"https:\/\/www.europesays.com\/es\/wp-json\/wp\/v2\/posts"}],"about":[{"href":"https:\/\/www.europesays.com\/es\/wp-json\/wp\/v2\/types\/post"}],"author":[{"embeddable":true,"href":"https:\/\/www.europesays.com\/es\/wp-json\/wp\/v2\/users\/2"}],"replies":[{"embeddable":true,"href":"https:\/\/www.europesays.com\/es\/wp-json\/wp\/v2\/comments?post=293661"}],"version-history":[{"count":0,"href":"https:\/\/www.europesays.com\/es\/wp-json\/wp\/v2\/posts\/293661\/revisions"}],"wp:featuredmedia":[{"embeddable":true,"href":"https:\/\/www.europesays.com\/es\/wp-json\/wp\/v2\/media\/293662"}],"wp:attachment":[{"href":"https:\/\/www.europesays.com\/es\/wp-json\/wp\/v2\/media?parent=293661"}],"wp:term":[{"taxonomy":"category","embeddable":true,"href":"https:\/\/www.europesays.com\/es\/wp-json\/wp\/v2\/categories?post=293661"},{"taxonomy":"post_tag","embeddable":true,"href":"https:\/\/www.europesays.com\/es\/wp-json\/wp\/v2\/tags?post=293661"}],"curies":[{"name":"wp","href":"https:\/\/api.w.org\/{rel}","templated":true}]}}