{"id":293694,"date":"2025-12-18T00:58:08","date_gmt":"2025-12-18T00:58:08","guid":{"rendered":"https:\/\/www.europesays.com\/es\/293694\/"},"modified":"2025-12-18T00:58:08","modified_gmt":"2025-12-18T00:58:08","slug":"vota-por-lo-mejor-de-2025-jenesaispop-com","status":"publish","type":"post","link":"https:\/\/www.europesays.com\/es\/293694\/","title":{"rendered":"Vota por lo mejor de 2025 \u2013 jenesaispop.com"},"content":{"rendered":"<p>A partir de hoy se abren las votaciones de los lectores de JENESAISPOP para elegir los mejores DISCOS y CANCIONES de 2025. Como siempre, puedes <a href=\"https:\/\/jenesaispop.com\/foros\/d\/17678-vota-lo-mejor-de-2025\" rel=\"nofollow noopener\" target=\"_blank\">participar en los foros<\/a> previo registro o enviar tus elecciones por correo electr\u00f3nico a jenesaispop (a) gmail.com.<\/p>\n<p>El mecanismo de votaciones es el habitual: solo tienes que indicar tus 5 discos y 5 canciones favoritas de 2025. La puntuaci\u00f3n se asigna de la siguiente manera: tu disco o canci\u00f3n preferida recibe 5 puntos, el segundo 4, el tercero 3, el cuarto 2 y el quinto 1.<\/p>\n<p>El plazo para enviar tus votos comienza hoy y se cierra este <strong>viernes a las 23:59 horas<\/strong>. \u00a1Participa y reivindica tu m\u00fasica favorita!<\/p>\n<p>Os recordamos que el Anuario 2025 de JENESAISPOP ya est\u00e1 <a href=\"https:\/\/tienda.jenesaispop.com\/\" rel=\"nofollow noopener\" target=\"_blank\">disponible<\/a> en formato digital y que ya pod\u00e9is reservar su edici\u00f3n f\u00edsica en tapa dura, que se enviar\u00e1 en enero.<\/p>\n","protected":false},"excerpt":{"rendered":"A partir de hoy se abren las votaciones de los lectores de JENESAISPOP para elegir los mejores DISCOS&hellip;\n","protected":false},"author":2,"featured_media":241085,"comment_status":"","ping_status":"","sticky":false,"template":"","format":"standard","meta":{"footnotes":""},"categories":[170],"tags":[146,147,25,24,27496,184,185,23],"class_list":{"0":"post-293694","1":"post","2":"type-post","3":"status-publish","4":"format-standard","5":"has-post-thumbnail","7":"category-musica","8":"tag-entertainment","9":"tag-entretenimiento","10":"tag-es","11":"tag-espana","12":"tag-lectores","13":"tag-music","14":"tag-musica","15":"tag-spain"},"share_on_mastodon":{"url":"https:\/\/pubeurope.com\/@es\/115737860715988373","error":""},"_links":{"self":[{"href":"https:\/\/www.europesays.com\/es\/wp-json\/wp\/v2\/posts\/293694","targetHints":{"allow":["GET"]}}],"collection":[{"href":"https:\/\/www.europesays.com\/es\/wp-json\/wp\/v2\/posts"}],"about":[{"href":"https:\/\/www.europesays.com\/es\/wp-json\/wp\/v2\/types\/post"}],"author":[{"embeddable":true,"href":"https:\/\/www.europesays.com\/es\/wp-json\/wp\/v2\/users\/2"}],"replies":[{"embeddable":true,"href":"https:\/\/www.europesays.com\/es\/wp-json\/wp\/v2\/comments?post=293694"}],"version-history":[{"count":0,"href":"https:\/\/www.europesays.com\/es\/wp-json\/wp\/v2\/posts\/293694\/revisions"}],"wp:featuredmedia":[{"embeddable":true,"href":"https:\/\/www.europesays.com\/es\/wp-json\/wp\/v2\/media\/241085"}],"wp:attachment":[{"href":"https:\/\/www.europesays.com\/es\/wp-json\/wp\/v2\/media?parent=293694"}],"wp:term":[{"taxonomy":"category","embeddable":true,"href":"https:\/\/www.europesays.com\/es\/wp-json\/wp\/v2\/categories?post=293694"},{"taxonomy":"post_tag","embeddable":true,"href":"https:\/\/www.europesays.com\/es\/wp-json\/wp\/v2\/tags?post=293694"}],"curies":[{"name":"wp","href":"https:\/\/api.w.org\/{rel}","templated":true}]}}