{"id":293711,"date":"2025-12-18T01:07:14","date_gmt":"2025-12-18T01:07:14","guid":{"rendered":"https:\/\/www.europesays.com\/es\/293711\/"},"modified":"2025-12-18T01:07:14","modified_gmt":"2025-12-18T01:07:14","slug":"atletico-baleares-atletico-de-madrid-horario-canal-y-donde-ver-hoy-en-tv-y-canal-del-partido-de-la-copa-del-rey","status":"publish","type":"post","link":"https:\/\/www.europesays.com\/es\/293711\/","title":{"rendered":"Atl\u00e9tico Baleares &#8211; Atl\u00e9tico de Madrid: horario, canal y d\u00f3nde ver hoy en TV y canal del partido de la Copa del Rey"},"content":{"rendered":"<p data-mrf-recirculation=\"Links P\u00e1rrafos\" class=\"ue-c-article__paragraph paragraph ue-c-article--first-letter-highlighted\">El <strong>Atl\u00e9tico de Madrid<\/strong> se estrena en esta edici\u00f3n de la <strong>Copa del Rey<\/strong> y lo hace enfrent\u00e1ndose al <strong>Atl\u00e9tico Baleares<\/strong>, equipo de Segunda Federaci\u00f3n. El conjunto rojiblanco,<strong> exento en las dos primeras rondas por su participaci\u00f3n en la Supercopa de Espa\u00f1a<\/strong>, viaja a Palma este mismo mi\u00e9rcoles y lo previsible es que presente un once en el que tendr\u00e1n su oportunidad los jugadores que han disputado menos minutos. Se quedar\u00e1n en Madrid los lesionados <strong>Jos\u00e9 Mar\u00eda Gim\u00e9nez<\/strong>, <strong>Marcos Llorente<\/strong> y <strong>\u00c1lex Baena<\/strong>.<\/p>\n<p data-mrf-recirculation=\"Links P\u00e1rrafos\" class=\"ue-c-article__paragraph paragraph\">El Atl\u00e9tico Baleares ha llegado hasta esta tercera ronda de la Copa del Rey tras eliminar al <strong>N\u00e0stic de Tarragona<\/strong> y al <strong>Espanyol.<\/strong> Ahora tiene el reto de superar al Atl\u00e9tico de Madrid para acceder a <strong>octavos de final<\/strong>, el techo del equipo balear en esta competici\u00f3n, conseguido en la temporada 21\/22 en la que elimin\u00f3 a Getafe y Celta para caer en octavos frente al Valencia por la m\u00ednima (0-1)<\/p>\n<p><img decoding=\"async\" width=\"1980\" height=\"1320\" class=\"ue-c-article__image lazyload\" alt=\"Los jugadores del Baleares celebran la victoria ante el Espanyol\" loading=\"lazy\" src=\"https:\/\/www.europesays.com\/es\/wp-content\/uploads\/2025\/12\/6941a7246b2a2.jpeg\"\/><\/p>\n<p>Los jugadores del Baleares celebran la victoria ante el EspanyolEFE<\/p>\n<p>A qu\u00e9 hora es el Atl\u00e9tico Baleares &#8211; Atl\u00e9tico de Madrid de la Copa del Rey<\/p>\n<p data-mrf-recirculation=\"Links P\u00e1rrafos\" class=\"ue-c-article__paragraph paragraph\">El partido de la tercera ronda de la Copa del Rey 2025-26 entre el Atl\u00e9tico Baleares y el Atl\u00e9tico de Madrid de la Copa del Rey se disputa durante el <strong>mi\u00e9rcoles 17 de diciembre a las 19:00 horas<\/strong> en el <strong>Estadi Balear<\/strong> en Palma de Mallorca.<\/p>\n<p>D\u00f3nde ver en TV y online el Atl\u00e9tico Baleares &#8211; Atl\u00e9tico de Madrid de la Copa del Rey<\/p>\n<p data-mrf-recirculation=\"Links P\u00e1rrafos\" class=\"ue-c-article__paragraph paragraph\">El partido entre el\u00a0Atl\u00e9tico Baleares y el Atl\u00e9tico de Madrid de los dieciseisavos de la Copa del Rey se podr\u00e1 ver por televisi\u00f3n en directo a trav\u00e9s de Movistar LaLiga en Movistar +. Tambi\u00e9n se podr\u00e1 seguir el encuentro a trav\u00e9s de la narraci\u00f3n de Radio MARCA y con los comentarios en directo de MARCA.com. Desde dos horas antes, sigue la previa y los onces. Tras el partido, podr\u00e1s leer la cr\u00f3nica, las declaraciones de los protagonistas y ver el resumen con las mejores jugadas y los goles.<\/p>\n","protected":false},"excerpt":{"rendered":"El Atl\u00e9tico de Madrid se estrena en esta edici\u00f3n de la Copa del Rey y lo hace enfrent\u00e1ndose&hellip;\n","protected":false},"author":2,"featured_media":293712,"comment_status":"","ping_status":"","sticky":false,"template":"","format":"standard","meta":{"footnotes":""},"categories":[5],"tags":[17,18,25,24,13,14,11,19,20,9,10,15,16,23,12,21,22],"class_list":{"0":"post-293711","1":"post","2":"type-post","3":"status-publish","4":"format-standard","5":"has-post-thumbnail","7":"category-titulares","8":"tag-breaking-news","9":"tag-breakingnews","10":"tag-es","11":"tag-espana","12":"tag-featured-news","13":"tag-featurednews","14":"tag-headlines","15":"tag-latest-news","16":"tag-latestnews","17":"tag-news","18":"tag-noticias","19":"tag-noticias-destacadas","20":"tag-noticiasdestacadas","21":"tag-spain","22":"tag-titulares","23":"tag-ultimas-noticias","24":"tag-ultimasnoticias"},"share_on_mastodon":{"url":"https:\/\/pubeurope.com\/@es\/115737896263870804","error":""},"_links":{"self":[{"href":"https:\/\/www.europesays.com\/es\/wp-json\/wp\/v2\/posts\/293711","targetHints":{"allow":["GET"]}}],"collection":[{"href":"https:\/\/www.europesays.com\/es\/wp-json\/wp\/v2\/posts"}],"about":[{"href":"https:\/\/www.europesays.com\/es\/wp-json\/wp\/v2\/types\/post"}],"author":[{"embeddable":true,"href":"https:\/\/www.europesays.com\/es\/wp-json\/wp\/v2\/users\/2"}],"replies":[{"embeddable":true,"href":"https:\/\/www.europesays.com\/es\/wp-json\/wp\/v2\/comments?post=293711"}],"version-history":[{"count":0,"href":"https:\/\/www.europesays.com\/es\/wp-json\/wp\/v2\/posts\/293711\/revisions"}],"wp:featuredmedia":[{"embeddable":true,"href":"https:\/\/www.europesays.com\/es\/wp-json\/wp\/v2\/media\/293712"}],"wp:attachment":[{"href":"https:\/\/www.europesays.com\/es\/wp-json\/wp\/v2\/media?parent=293711"}],"wp:term":[{"taxonomy":"category","embeddable":true,"href":"https:\/\/www.europesays.com\/es\/wp-json\/wp\/v2\/categories?post=293711"},{"taxonomy":"post_tag","embeddable":true,"href":"https:\/\/www.europesays.com\/es\/wp-json\/wp\/v2\/tags?post=293711"}],"curies":[{"name":"wp","href":"https:\/\/api.w.org\/{rel}","templated":true}]}}