{"id":293737,"date":"2025-12-18T01:28:25","date_gmt":"2025-12-18T01:28:25","guid":{"rendered":"https:\/\/www.europesays.com\/es\/293737\/"},"modified":"2025-12-18T01:28:25","modified_gmt":"2025-12-18T01:28:25","slug":"mi-voz-mi-decision-el-pe-apoya-la-iniciativa-sobre-aborto-accesible-noticias","status":"publish","type":"post","link":"https:\/\/www.europesays.com\/es\/293737\/","title":{"rendered":"\u00abMi voz, mi decisi\u00f3n\u00bb: el PE apoya la iniciativa sobre aborto accesible | Noticias"},"content":{"rendered":"<p class=\"ep-wysiwig_paragraph\">El Parlamento recuerda que muchas mujeres en Europa todav\u00eda carecen de pleno acceso al aborto seguro y legal, y alerta de las barreras legales y pr\u00e1cticas que persisten en varios Estados miembros. Los eurodiputados piden a esos pa\u00edses que reformen sus leyes y pol\u00edticas de aborto en l\u00ednea con las normas internacionales de derechos humanos.<\/p>\n<p class=\"ep-wysiwig_paragraph\">El texto, que sali\u00f3 adelante con 358 votos a favor, 202 en contra y 79 abstenciones, pide a la Comisi\u00f3n, en l\u00ednea con la iniciativa <a href=\"https:\/\/citizens-initiative.europa.eu\/initiatives\/details\/2024\/000004_en\" target=\"_blank\" rel=\"noopener nofollow\">\u00abMi voz, mi decisi\u00f3n\u00bb<\/a>, que establezca un mecanismo voluntario abierto a todos los pa\u00edses de la UE, y con contribuci\u00f3n de la UE. Este mecanismo financiero permitir\u00eda a un Estado miembro de la UE ofrecer acceso a la interrupci\u00f3n segura del embarazo -de conformidad con su legislaci\u00f3n nacional- para cualquier persona que no pueda recibir esa atenci\u00f3n de manera segura y legal.<\/p>\n<p class=\"ep-wysiwig_paragraph\">Los eurodiputados destacan el papel de la UE en el apoyo a los esfuerzos para mejorar la salud y los derechos sexuales y reproductivos y piden una acci\u00f3n europea m\u00e1s firme para salvaguardar la autonom\u00eda corporal y el acceso universal a la salud y los derechos sexuales y reproductivos, incluida la informaci\u00f3n sobre planificaci\u00f3n familiar, la anticoncepci\u00f3n asequible, el aborto seguro y legal y la atenci\u00f3n sanitaria materna.<\/p>\n<p class=\"ep-wysiwig_paragraph\">Tambi\u00e9n se muestran preocupados por el empuje contrario a los derechos de las mujeres y la igualdad de g\u00e9nero en Europa y en el resto del mundo, incluido el retroceso de la salud y los derechos sexuales y reproductivos y los ataques contra los defensores de los derechos de las mujeres. El Parlamento condena los movimientos contrarios a la igualdad de g\u00e9nero que buscan socavar la igualdad y los derechos humanos.<\/p>\n<p class=\"ep-wysiwig_paragraph\"><strong>Declaraci\u00f3n de la ponente<\/strong><\/p>\n<p class=\"ep-wysiwig_paragraph\">Tras la votaci\u00f3n, Abir Al-Sahlani (Renew, Suecia) ha declarado: \u00abEsta votaci\u00f3n es una gran victoria para las mujeres en Europa. La UE ha mostrado por fin que la salud sexual y reproductiva es un derecho humano b\u00e1sico. Los ciudadanos de la UE han hablado, demostrando su preocupaci\u00f3n por las vidas, la salud y los derechos de las mujeres. Y el Parlamento Europeo ha respondido. Esta iniciativa muestra lo que puede lograrse cuando los ciudadanos y las instituciones unen fuerzas. De esto se trata la democracia\u00bb.<\/p>\n<p class=\"ep-wysiwig_paragraph\"><strong>Pr\u00f3ximos pasos<\/strong><\/p>\n<p class=\"ep-wysiwig_paragraph\">La Comisi\u00f3n Europea tiene hasta marzo de 2026 para comunicar si planea adoptar alguna medida -legislativa o no- y justificar su decisi\u00f3n.<\/p>\n<p class=\"ep-wysiwig_paragraph\"><strong>La Iniciativa Ciudadana Europea<\/strong><\/p>\n<p class=\"ep-wysiwig_paragraph\">La <a href=\"https:\/\/www.europarl.europa.eu\/at-your-service\/en\/be-heard\/citizen-s-initiative\" target=\"_blank\" rel=\"noopener nofollow\">Iniciativa Ciudadana Europea<\/a> es una herramienta para que los ciudadanos de la UE pidan a la Comisi\u00f3n que proponga nueva legislaci\u00f3n. Para ser considerada, una iniciativa debe contar con el apoyo de un mill\u00f3n de personas de al menos siete pa\u00edses de la UE. Desde la introducci\u00f3n de la iniciativa ciudadana en el Tratado de Lisboa, <a href=\"https:\/\/citizens-initiative.europa.eu\/find-initiative\/eci-lifecycle-statistics_en\" target=\"_blank\" rel=\"noopener nofollow\">trece iniciativas han alcanzado ese umbral<\/a> y otras tres est\u00e1n en proceso de verificaci\u00f3n.<\/p>\n<p class=\"ep-wysiwig_paragraph\">Los promotores de <a href=\"https:\/\/www.myvoice-mychoice.org\/es\" target=\"_blank\" rel=\"noopener nofollow\">\u00abMi voz, mi decisi\u00f3n\u00bb<\/a> recabaron el apoyo de 1,12 millones de personas. En una audiencia p\u00fablica el 2 de diciembre pasado en el Parlamento Europeo presentaron su propuesta a los eurodiputados. Puede ver la <a href=\"https:\/\/multimedia.europarl.europa.eu\/en\/webstreaming\/committee-on-women-s-rights-and-gender-equality-ordinary-meeting_20251202-0900-COMMITTEE-FEMM\" target=\"_blank\" rel=\"noopener nofollow\">grabaci\u00f3n del debate<\/a>.<\/p>\n","protected":false},"excerpt":{"rendered":"El Parlamento recuerda que muchas mujeres en Europa todav\u00eda carecen de pleno acceso al aborto seguro y legal,&hellip;\n","protected":false},"author":2,"featured_media":193618,"comment_status":"","ping_status":"","sticky":false,"template":"","format":"standard","meta":{"footnotes":""},"categories":[42],"tags":[17,18,60895,13,14,11,61,62,63,64,19,20,9,10,15,16,69787,36609,12,21,22,65,66,67],"class_list":{"0":"post-293737","1":"post","2":"type-post","3":"status-publish","4":"format-standard","5":"has-post-thumbnail","7":"category-internacional","8":"tag-breaking-news","9":"tag-breakingnews","10":"tag-comfemm","11":"tag-featured-news","12":"tag-featurednews","13":"tag-headlines","14":"tag-internacional","15":"tag-international","16":"tag-international-news","17":"tag-internationalnews","18":"tag-latest-news","19":"tag-latestnews","20":"tag-news","21":"tag-noticias","22":"tag-noticias-destacadas","23":"tag-noticiasdestacadas","24":"tag-plenarydate15-12-2025","25":"tag-producttypepress_release","26":"tag-titulares","27":"tag-ultimas-noticias","28":"tag-ultimasnoticias","29":"tag-world","30":"tag-world-news","31":"tag-worldnews"},"share_on_mastodon":{"url":"https:\/\/pubeurope.com\/@es\/115737978771127117","error":""},"_links":{"self":[{"href":"https:\/\/www.europesays.com\/es\/wp-json\/wp\/v2\/posts\/293737","targetHints":{"allow":["GET"]}}],"collection":[{"href":"https:\/\/www.europesays.com\/es\/wp-json\/wp\/v2\/posts"}],"about":[{"href":"https:\/\/www.europesays.com\/es\/wp-json\/wp\/v2\/types\/post"}],"author":[{"embeddable":true,"href":"https:\/\/www.europesays.com\/es\/wp-json\/wp\/v2\/users\/2"}],"replies":[{"embeddable":true,"href":"https:\/\/www.europesays.com\/es\/wp-json\/wp\/v2\/comments?post=293737"}],"version-history":[{"count":0,"href":"https:\/\/www.europesays.com\/es\/wp-json\/wp\/v2\/posts\/293737\/revisions"}],"wp:featuredmedia":[{"embeddable":true,"href":"https:\/\/www.europesays.com\/es\/wp-json\/wp\/v2\/media\/193618"}],"wp:attachment":[{"href":"https:\/\/www.europesays.com\/es\/wp-json\/wp\/v2\/media?parent=293737"}],"wp:term":[{"taxonomy":"category","embeddable":true,"href":"https:\/\/www.europesays.com\/es\/wp-json\/wp\/v2\/categories?post=293737"},{"taxonomy":"post_tag","embeddable":true,"href":"https:\/\/www.europesays.com\/es\/wp-json\/wp\/v2\/tags?post=293737"}],"curies":[{"name":"wp","href":"https:\/\/api.w.org\/{rel}","templated":true}]}}