{"id":293804,"date":"2025-12-18T02:37:09","date_gmt":"2025-12-18T02:37:09","guid":{"rendered":"https:\/\/www.europesays.com\/es\/293804\/"},"modified":"2025-12-18T02:37:09","modified_gmt":"2025-12-18T02:37:09","slug":"kylian-mbappe-tampoco-puede-librar-en-talavera-ha-sido-decisivo-por-eso-lo-hemos-mantenido-futbol-deportes","status":"publish","type":"post","link":"https:\/\/www.europesays.com\/es\/293804\/","title":{"rendered":"Kylian Mbapp\u00e9 tampoco puede librar en Talavera: \u201cHa sido decisivo, por eso lo hemos mantenido\u201d | F\u00fatbol | Deportes"},"content":{"rendered":"<p class=\"\">-Hoy, si los jugadores quieren echar a <a href=\"https:\/\/elpais.com\/deportes\/futbol\/2025-12-16\/xabi-alonso-no-soy-el-mismo-que-en-junio.html\" target=\"_self\" rel=\"nofollow noopener\" title=\"https:\/\/elpais.com\/deportes\/futbol\/2025-12-16\/xabi-alonso-no-soy-el-mismo-que-en-junio.html\">Xabi Alonso<\/a>, pierden.<\/p>\n<p class=\"\">-Pero tambi\u00e9n ser\u00eda una humillaci\u00f3n para ellos.<\/p>\n<p class=\"\">As\u00ed palpitaba la calle a tres horas <a href=\"https:\/\/elpais.com\/deportes\/futbol\/2025-12-17\/no-hay-paz-en-el-volcan-del-real-madrid.html\" target=\"_self\" rel=\"nofollow noopener\" title=\"https:\/\/elpais.com\/deportes\/futbol\/2025-12-17\/no-hay-paz-en-el-volcan-del-real-madrid.html\">del partido<\/a> mientras el pueblo esperaba a las celebridades blancas en el estadio. La crisis del Madrid animaba a los talaveranos a las puertas de El Prado, donde dentro una pancarta avisaba: \u201cEl manicomio de la reina\u201d. Y no falt\u00f3 tanto en los minutos finales para que la locura se desbordara, con el Madrid aculado y pidiendo la hora contra el pen\u00faltimo de la tercera categor\u00eda del f\u00fatbol espa\u00f1ol. <\/p>\n<p class=\"\">\u201cSon cosas que pasan en la Copa\u201d, afirm\u00f3 el t\u00e9cnico blanco. \u201cTambi\u00e9n he visto que les ha pasado a otros. Con el 1-3, hemos concedido la falta del 2-3 y se han venido arriba. No marcar el 0-3 deja el partido abierto\u201d, analiz\u00f3 el tolosarra, que no hay manera de que encuentre <a href=\"https:\/\/elpais.com\/deportes\/futbol\/2025-12-10\/xabi-alonso-se-agarra-al-tiempo-todavia-queda-mucho-esto-es-muy-largo.html\" target=\"_self\" rel=\"nofollow noopener\" title=\"https:\/\/elpais.com\/deportes\/futbol\/2025-12-10\/xabi-alonso-se-agarra-al-tiempo-todavia-queda-mucho-esto-es-muy-largo.html\">un d\u00eda en paz<\/a>. Cuando el \u00e1rbitro dio por finalizado el thriller, se qued\u00f3 sentado en el banquillo, sin moverse, paralizado durante varios segundos. Desde la otra banda, pareci\u00f3 la imagen de un hombre angustiado, al que no le cab\u00eda el cuerpo dentro de \u00e9l despu\u00e9s de un desenlace de p\u00e1nico. Ni siquiera le alcanz\u00f3 con el 1-3 de Kylian Mbapp\u00e9 en el 88 tras un fallo del portero. En los \u00faltimos instantes, muy nervioso, no par\u00f3 de pedir energ\u00eda a los suyos para proteger el resultado, tambi\u00e9n al franc\u00e9s. <\/p>\n<p class=\"\">Ante el Talavera, no hubo d\u00eda de libranza para Kiki en una alineaci\u00f3n con 11 ausencias (Courtois, Carvajal, Asencio, Trent, Alaba, Mendy, Milit\u00e3o, R\u00fcdiger, Camavinga, Valverde y Brahim). \u201cHa sido decisivo con sus dos goles. Siempre tiene la facilidad de marcar. El 1-3 fue clave. Por eso ha iniciado y lo hemos dejado en el campo\u201d, afirm\u00f3 Xabi. La libranza es imposible para el galo, que, de paso, persigue la marca de los 59 goles en un a\u00f1o natural que Cristiano Ronaldo logr\u00f3 en 2013. Lleg\u00f3 con 56 y se march\u00f3 con dos m\u00e1s, a uno del portugu\u00e9s y a falta del partido del s\u00e1bado contra el Sevilla en casa. Se apunt\u00f3 un doblete y se le escap\u00f3 alguno m\u00e1s. <\/p>\n<p class=\"\">Pero si no es \u00e9l, no hay mucho m\u00e1s en los blancos para marcar por m\u00e1s que las estrellas se acumulen en la delantera. Un hecho que no ocult\u00f3 Alonso al final de la noche. \u201cLos n\u00fameros son los n\u00fameros. Rodrygo ha tenido una participaci\u00f3n importante en los dos \u00faltimos partidos, pero necesitamos que la gente tambi\u00e9n tenga esa eficacia. Hemos tenido ocasiones todo el a\u00f1o. Viendo los datos, pod\u00edamos haber metido m\u00e1s, sin duda\u201d, reconoci\u00f3. <\/p>\n<p>\u201cHay que ser m\u00e1s maduros\u201d<\/p>\n<p class=\"\">El se\u00f1alado Xabi hizo las concesiones m\u00ednimas en el once. Solo hubo un castillista de partida (David Jim\u00e9nez en el lateral derecho) y en el \u00faltimo cuarto de hora todav\u00eda sac\u00f3 a Rodrygo, Bellingham y Tchouameni. Casualmente, cuando el partido se le fue de las manos. La gran precariedad del t\u00e9cnico no le anim\u00f3 a m\u00e1s contra un reci\u00e9n ascendido a la tercera categor\u00eda que el fin de semana pasada hab\u00eda cortado una racha en Liga de seis derrotas seguidas. En su diagn\u00f3stico, el tolosarra insisti\u00f3 en que su equipo carece de continuidad. \u201cNos falta ser <a href=\"https:\/\/elpais.com\/deportes\/futbol\/2025-11-30\/xabi-alonso-pide-mas-continuidad-en-el-juego-nos-ha-faltado-mas-minutos-de-buen-futbol.html\" target=\"_self\" rel=\"nofollow noopener\" title=\"https:\/\/elpais.com\/deportes\/futbol\/2025-11-30\/xabi-alonso-pide-mas-continuidad-en-el-juego-nos-ha-faltado-mas-minutos-de-buen-futbol.html\">m\u00e1s constantes<\/a> en el rendimiento. No pensar que no pueden pasar cosas porque s\u00ed pueden pasar. Ser m\u00e1s maduros. Nosotros vamos a seguir insistiendo\u201d. <\/p>\n<p class=\"\">La victoria deber\u00eda concederle tres d\u00edas m\u00e1s margen. Hasta el s\u00e1bado contra el Sevilla, cuando su \u00fanica aspiraci\u00f3n volver\u00e1 a ser ganar m\u00e1s tiempo. De momento, no hay trinchera segura y duradera para \u00e9l. <\/p>\n","protected":false},"excerpt":{"rendered":"-Hoy, si los jugadores quieren echar a Xabi Alonso, pierden. -Pero tambi\u00e9n ser\u00eda una humillaci\u00f3n para ellos. As\u00ed&hellip;\n","protected":false},"author":2,"featured_media":293805,"comment_status":"","ping_status":"","sticky":false,"template":"","format":"standard","meta":{"footnotes":""},"categories":[93],"tags":[1540,16241,168,1539,25,24,282,1538,3048,23,167,20825,10344],"class_list":{"0":"post-293804","1":"post","2":"type-post","3":"status-publish","4":"format-standard","5":"has-post-thumbnail","7":"category-deportes","8":"tag-competiciones","9":"tag-copa-rey-futbol","10":"tag-deportes","11":"tag-entrenadores","12":"tag-es","13":"tag-espana","14":"tag-futbol","15":"tag-futbolistas","16":"tag-real-madrid","17":"tag-spain","18":"tag-sports","19":"tag-talavera-de-la-reina","20":"tag-xabi-alonso"},"share_on_mastodon":{"url":"https:\/\/pubeurope.com\/@es\/115738250128194570","error":""},"_links":{"self":[{"href":"https:\/\/www.europesays.com\/es\/wp-json\/wp\/v2\/posts\/293804","targetHints":{"allow":["GET"]}}],"collection":[{"href":"https:\/\/www.europesays.com\/es\/wp-json\/wp\/v2\/posts"}],"about":[{"href":"https:\/\/www.europesays.com\/es\/wp-json\/wp\/v2\/types\/post"}],"author":[{"embeddable":true,"href":"https:\/\/www.europesays.com\/es\/wp-json\/wp\/v2\/users\/2"}],"replies":[{"embeddable":true,"href":"https:\/\/www.europesays.com\/es\/wp-json\/wp\/v2\/comments?post=293804"}],"version-history":[{"count":0,"href":"https:\/\/www.europesays.com\/es\/wp-json\/wp\/v2\/posts\/293804\/revisions"}],"wp:featuredmedia":[{"embeddable":true,"href":"https:\/\/www.europesays.com\/es\/wp-json\/wp\/v2\/media\/293805"}],"wp:attachment":[{"href":"https:\/\/www.europesays.com\/es\/wp-json\/wp\/v2\/media?parent=293804"}],"wp:term":[{"taxonomy":"category","embeddable":true,"href":"https:\/\/www.europesays.com\/es\/wp-json\/wp\/v2\/categories?post=293804"},{"taxonomy":"post_tag","embeddable":true,"href":"https:\/\/www.europesays.com\/es\/wp-json\/wp\/v2\/tags?post=293804"}],"curies":[{"name":"wp","href":"https:\/\/api.w.org\/{rel}","templated":true}]}}