{"id":293820,"date":"2025-12-18T02:52:08","date_gmt":"2025-12-18T02:52:08","guid":{"rendered":"https:\/\/www.europesays.com\/es\/293820\/"},"modified":"2025-12-18T02:52:08","modified_gmt":"2025-12-18T02:52:08","slug":"volvio-a-sufrir-y-tambien-a-ganar","status":"publish","type":"post","link":"https:\/\/www.europesays.com\/es\/293820\/","title":{"rendered":"Volvi\u00f3 a sufrir y tambi\u00e9n a ganar"},"content":{"rendered":"<p>Punto final a la mini racha de dos derrotas consecutivas del S\u00faper Agropal Palencia. Los de Natxo Lezkano se impusieron en su visita al Fibwi Mallorca Basquet Palma por 86-93 tras mejorar mucho en los dos \u00faltimos cuartos. Los baleares llegaron al descanso mandando por un 50-44 que se\u00f1alaba m\u00e1s problemas en defensa que en ataque, y el prop\u00f3sito de enmienda de los palentinos surgi\u00f3 el efecto deseado para darle la vuelta al marcador en el tercer cuarto y mantener el mando en el \u00faltimo. Los 27 puntos de Josip Vrankic y los 19 de Adam Kunkel lideraron a un Palencia que frena la ca\u00edda a tiempo y se mantiene en la zona alta de Primera FEB con un balance de ocho victorias y cuatro derrotas.<\/p>\n<p>Empezaron algo mejor los de Pablo Cano, que mandaron de inicio (8-4) antes que un parcial de 0-7 colocara por primera vez al conjunto palentino por delante (8-11). Sin embargo, dos triples de Matulionis le daban la vuelta para el Palma, que ya se mantuvo siempre por delante hasta el final del cuarto. El 20-18 a dos minutos del primer intermedio entre cuartos manten\u00eda el partido bajo control para los de Natxo Lezkano, pero a partir de ah\u00ed se atascaron en ataque y un parcial de 5-0 para los baleares abri\u00f3 una primera brecha peligrosa (25-18).<\/p>\n<p>No mejoraron las cosas en los primeros minutos del segundo cuarto, con los locales vali\u00e9ndose de la floja defensa palentina para seguir fluidos en ataque y mantenerse por delante con una diferencia que amenaz\u00f3 con llegar al doble d\u00edgito dos veces: 33-24 primero y 38-29 despu\u00e9s. Lo par\u00f3 Lezkano con un tiempo muerto que pareci\u00f3 surtir efecto cuando cinco puntos seguidos de Kunkel colocaron a S\u00faper Agropal a tan solo cuatro (38-34), pero replicaron los mallorquines con la misma moneda para volver a marcharse de nueve (43-34) antes que un triple de Vrankic advirtiera que, ni que fuera a tirones, el Palencia segu\u00eda en el partido. Oscil\u00f3 la diferencia entre los seis y los ocho puntos hasta el descanso, al que se lleg\u00f3 con un 50-44 que obligaba a la reflexi\u00f3n a los de Natxo Lezkano.<\/p>\n<p><img decoding=\"async\" loading=\"lazy\" src=\"https:\/\/www.europesays.com\/es\/wp-content\/uploads\/2025\/12\/4D809B39-B97D-4068-A10DD277EC28F2FB.JPG\" alt=\"Volvi\u00f3 a sufrir y tambi\u00e9n a ganar\" border=\"0\"\/>Volvi\u00f3 a sufrir y tambi\u00e9n a ganar &#8211; Foto: Fibwi Mallorca<\/p>\n<p>Con 25 puntos encajados en cada cuarto, estaba claro que cualquier opci\u00f3n de llevarse el triunfo de Son Moix pasaba por mejorar en defensa, y a ello se aplicaron los palentinos de salida. Bajar los porcentajes de tiro del rival no fue acompa\u00f1ado en los cuatro primeros minutos del cuarto de acierto en los propios, pero otro triple de Vrankic ajust\u00f3 el marcador como no lo hab\u00eda estado desde los primeros compases (55-54). Volvieron a irse ligeramente los de Pablo Cano (62-58), hasta que un triple de Kunkel abri\u00f3 un parcial de 0-10 que puso al Palencia seis arriba (62-68). Lo replic\u00f3 de inmediato Fibwi Mallorca, antes que el tercer acierto de Kunkel desde los 6-75 cerrara el cuarto con el 67-71.<\/p>\n<p>Se mantuvo el marcador en distancias cortas durante el \u00faltimo cuarto, con los palentinos replicando cada vez que los palmesanos se acercaban a una sola canasta. Fue precisamente cuando Fibwi Mallorca logr\u00f3 igualar a 84 con una canasta de Matulionis cuando el Palencia dio el tir\u00f3n definitivo, con el cuarto triple de Adam Kunkel abriendo un parcial de 0-6 que le puso a las puertas de la victoria. A los de Lezkano no les tembl\u00f3 el pulso desde la l\u00ednea de tiros libres y confirmaron el triunfo con el definitivo 86-93, su m\u00e1xima renta a lo largo de los cuarenta minutos.<\/p>\n<p>Sin tiempo casi para saborear la victoria, el S\u00faper Agropal Palencia piensa ya en preparar el partido del pr\u00f3ximo s\u00e1bado ante el Flexicar Fuenlabrada, en lo que ser\u00e1 la \u00faltima visita del a\u00f1o 2025 para el cuadro colegial. El choque se disputar\u00e1 en el pabell\u00f3n Fernando Mart\u00edn a partir de las 18,30 horas. Despu\u00e9s, los de Natxo Lezkano terminar\u00e1n el a\u00f1o recibiendo en casa al Grupo Ureta Tizona Burgos, el domingo 28 a las 19 horas.<\/p>\n","protected":false},"excerpt":{"rendered":"Punto final a la mini racha de dos derrotas consecutivas del S\u00faper Agropal Palencia. Los de Natxo Lezkano&hellip;\n","protected":false},"author":2,"featured_media":293821,"comment_status":"","ping_status":"","sticky":false,"template":"","format":"standard","meta":{"footnotes":""},"categories":[269],"tags":[2456,299,298,168,25,24,12433,53683,3917,23,167,3922],"class_list":{"0":"post-293820","1":"post","2":"type-post","3":"status-publish","4":"format-standard","5":"has-post-thumbnail","7":"category-baloncesto","8":"tag-baleares","9":"tag-baloncesto","10":"tag-basketball","11":"tag-deportes","12":"tag-es","13":"tag-espana","14":"tag-fernando-martin","15":"tag-pablo-cano","16":"tag-primera-feb","17":"tag-spain","18":"tag-sports","19":"tag-zunder-palencia"},"share_on_mastodon":{"url":"https:\/\/pubeurope.com\/@es\/115738309449408638","error":""},"_links":{"self":[{"href":"https:\/\/www.europesays.com\/es\/wp-json\/wp\/v2\/posts\/293820","targetHints":{"allow":["GET"]}}],"collection":[{"href":"https:\/\/www.europesays.com\/es\/wp-json\/wp\/v2\/posts"}],"about":[{"href":"https:\/\/www.europesays.com\/es\/wp-json\/wp\/v2\/types\/post"}],"author":[{"embeddable":true,"href":"https:\/\/www.europesays.com\/es\/wp-json\/wp\/v2\/users\/2"}],"replies":[{"embeddable":true,"href":"https:\/\/www.europesays.com\/es\/wp-json\/wp\/v2\/comments?post=293820"}],"version-history":[{"count":0,"href":"https:\/\/www.europesays.com\/es\/wp-json\/wp\/v2\/posts\/293820\/revisions"}],"wp:featuredmedia":[{"embeddable":true,"href":"https:\/\/www.europesays.com\/es\/wp-json\/wp\/v2\/media\/293821"}],"wp:attachment":[{"href":"https:\/\/www.europesays.com\/es\/wp-json\/wp\/v2\/media?parent=293820"}],"wp:term":[{"taxonomy":"category","embeddable":true,"href":"https:\/\/www.europesays.com\/es\/wp-json\/wp\/v2\/categories?post=293820"},{"taxonomy":"post_tag","embeddable":true,"href":"https:\/\/www.europesays.com\/es\/wp-json\/wp\/v2\/tags?post=293820"}],"curies":[{"name":"wp","href":"https:\/\/api.w.org\/{rel}","templated":true}]}}