{"id":293829,"date":"2025-12-18T03:00:13","date_gmt":"2025-12-18T03:00:13","guid":{"rendered":"https:\/\/www.europesays.com\/es\/293829\/"},"modified":"2025-12-18T03:00:13","modified_gmt":"2025-12-18T03:00:13","slug":"motivos-e-incognitas-de-la-abrupta-ruptura-de-alcaraz-con-ferrero","status":"publish","type":"post","link":"https:\/\/www.europesays.com\/es\/293829\/","title":{"rendered":"Motivos e inc\u00f3gnitas de la abrupta ruptura de Alcaraz con Ferrero"},"content":{"rendered":"<p style=\"\">Surge el comunicado y vuelan las preguntas. Es un <strong>Carlos Alcaraz<\/strong> que anuncia de sopet\u00f3n que no seguir\u00e1 con <strong>Juan Carlos Ferrero<\/strong>. Es una ruptura casi abrupta, porque hasta ahora, la relaci\u00f3n parec\u00eda estable, forjada con cari\u00f1o casi paterno-filial, con todos sus  &#8230; pros y contras, desde hace siete a\u00f1os y consolidada en 24 t\u00edtulos, seis Grand Slams y el n\u00famero 1. Pero, en plena pretemporada para 2026, el mensaje: \u00abTras m\u00e1s de siete a\u00f1os juntos, Juanki y yo hemos decidido poner fin a nuestra etapa juntos como entrenador y jugador. Hemos conseguido llegar a la cima, y siento que, si nuestros caminos deportivos ten\u00edan que separarse, deb\u00eda ser desde ah\u00ed arriba. Desde el lugar por el que siempre trabajamos y al que siempre aspiramos llegar\u00bb, acertaba a decir el murciano, aunque sin aclarar un motivo definitivo. \u00abMe hubiera gustado seguir\u00bb, dejaba caer el t\u00e9cnico en su propio adi\u00f3s, al que no quiere cerrarle la puerta del todo: \u00abEstoy convencido de que los buenos recuerdos y las buenas personas siempre encuentran la manera de volver a cruzarse\u00bb. Pero Alcaraz, que ha ido ganando peso en el tenis y en las decisiones sobre su vida y su carrera, sigue ahora su propio camino.<\/p>\n<p class=\"voc-p\" style=\"\">Han sido siete a\u00f1os de intensa relaci\u00f3n entrenador-pupilo que lleg\u00f3 a convertirse por momentos en padre-hijo, de tanto que han pasado juntos. Para lo bueno y para lo malo. Ha habido l\u00e1grimas de orgullo, abrazos que quedan en el imaginario emocional de ambos, halagos en las dos direcciones. \u00abJuan Carlos es mi segundo padre, no lo cambiar\u00eda por nada del mundo\u00bb, solt\u00f3 el murciano en 2022, alcanzada por primera vez la cima del mundo. Pero, como en toda relaci\u00f3n, sobre todo tan estrecha, llega el desgaste, y el d\u00eda a d\u00eda tambi\u00e9n ha expuesto ciertas diferencias, algunas de ellas han podido pesar en esta decisi\u00f3n.  <\/p>\n<p class=\"voc-p\" style=\"\">Como tambi\u00e9n discrepancias econ\u00f3micas a la hora de negociar contratos para asumir juntos el futuro.<\/p>\n<p class=\"voc-p\" style=\"\">Entre bromas y no bromas, siempre estuvo el tema del uso del m\u00f3vil, y la profesionalidad dentro y fuera de la pista. El maestro presionaba; el pupilo aprend\u00eda, a su manera. A principios de 2023, Alcaraz se lesion\u00f3 y reconocer\u00eda despu\u00e9s que no hab\u00eda hecho algunas cosas bien en su tiempo de descanso. Algo en lo que ha insistido Ferrero siempre, en privado y tambi\u00e9n en p\u00fablico. A finales de 2024, el valenciano dio un toque de atenci\u00f3n sobre cierta falta de madurez en algunos momentos: \u00ab<a href=\"https:\/\/www.abc.es\/deportes\/tenis\/palo-ferrero-alcaraz-profesional-tiempo-20231120185649-nt.html\" target=\"_blank\" data-voc-vtm-id=\"in-text-traffic\" title=\"Si Carlos quiere ser el mejor, tiene que ser profesional todo el a\u00f1o\" data-mrf-link=\"www.abc.es\" rel=\"nofollow noopener\">Si Carlos quiere ser el mejor, tiene que ser profesional todo el a\u00f1o<\/a>\u00ab. Tambi\u00e9n las fiestas han sido tema de conversaci\u00f3n, con un Alcaraz que defiende la expansi\u00f3n, mientras que Ferrero trataba de tirar de las riendas. \u00bbPara ser el mejor de la historia, esclavo tienes que ser. Quiero que sea el mejor de la historia, pero no s\u00e9 si voy a aguantar as\u00ed\u00ab, dec\u00eda el t\u00e9cnico en el documental del tenista.<\/p>\n<p class=\"voc-p\" style=\"\">Roces que pueden formar parte de este cambio de rumbo aunque el propio Alcaraz siempre ha defendido lo mucho que ha ayudado Ferrero en su carrera, y admit\u00eda estas discrepancias como parte del juego en una entrevista concedida a este diario el pasado mes de noviembre: \u00abSi en seis o siete a\u00f1os no ha habido ning\u00fan problema, eso ser\u00eda lo raro. Como nos queremos tanto, nos decimos las cosas que muchas veces no nos queremos decir. Incluso no estamos de acuerdo, y a veces entramos en conflictos\u00bb. Tras los comunicados de este mi\u00e9rcoles, al menos uno de esos conflictos se ha tornado irresoluble.<\/p>\n<p class=\"voc-p\" style=\"\">Lo mejor para \u00e9l fue volver a entrenarse en casa, en esa academia reci\u00e9n estrenada en El Palmar, donde todo empez\u00f3, y donde ahora cierra una etapa con Ferrero, quien esperaba mantenerse en el cargo al menos un poco m\u00e1s. En mayo de 2024 auguraba unos diez a\u00f1os con Alcaraz antes de terminar su papel como t\u00e9cnico de cualquier tenista. Ha concluido antes de lo que \u00e9l esperaba, seg\u00fan desliza en su comunicado. El desgaste personal y familiar del valenciano tambi\u00e9n est\u00e1n sobre la mesa, despu\u00e9s de tantos a\u00f1os de viajes, primero como tenista y despu\u00e9s como tutor del murciano, al que llev\u00f3 con una hoja de ruta firme, controlada, mientras Alcaraz crec\u00eda en decisiones que lo llevan ahora por otros caminos.<\/p>\n<p class=\"voc-title\">\u00abHemos conseguido llegar a la cima, y siento que, si nuestros caminos deportivos ten\u00edan que separarse, deb\u00eda ser desde ah\u00ed arriba. Desde el lugar por el que siempre trabajamos y al que siempre aspiramos llegar\u00bb<\/p>\n<p class=\"voc-p\" style=\"\">Todo hab\u00eda ido bien hasta este fin de etapa. Desde que a Alcaraz se le quedara peque\u00f1o el club  de El Palmar y apareciera Ferrero para llev\u00e1rselo a su academia, y de ah\u00ed, a la \u00e9lite. \u00abMi familia me dijo que Juan Carlos quer\u00eda ser mi entrenador. Me qued\u00e9 en shock\u00bb, explicaba el murciano, con 15 a\u00f1os. Ya con 16, cuando dej\u00f3 de pasar los d\u00edas en la carretera entre un sitio y otro y se instal\u00f3 de forma definitiva en Villena, en la misma casa en la que estuvo el propio Ferrero. A partir de ese instante, un plan: convertir a ese chavalito delgaducho y un poco desastre en cuanto a organizaci\u00f3n, en el campe\u00f3n de todo que vaticinaba su potencial, su desparpajo y esa forma tan propia de ejecutar cualquier golpe, incluso los m\u00e1s inveros\u00edmiles, esos a los que Ferrero, a veces, hubiera <a href=\"https:\/\/www.abc.es\/deportes\/tenis\/juan-carlos-ferrero-sobre-alcaraz-veces-daria-20240713182040-nt.html\" target=\"_blank\" data-voc-vtm-id=\"in-text-traffic\" title=\"contestado \u00abcon una colleja\u00bb\" data-mrf-link=\"www.abc.es\" rel=\"nofollow noopener\">contestado \u00abcon una colleja\u00bb<\/a>.<\/p>\n<p class=\"voc-p\" style=\"\">Pero el plan funcion\u00f3 a la perfecci\u00f3n. Alcaraz acept\u00f3 el reto y en 2021 ya se vieron las grandes cualidades que todav\u00eda estaban por explotar. Aquellos cuartos de final del US Open, a cinco sets contra Stefanos Tsitsipas, puso su nombre en todos los observadores y especialistas. Para 2022, la realidad lleg\u00f3 con su derecha supers\u00f3nica: <a href=\"https:\/\/www.abc.es\/deportes\/tenis\/carlos-alcaraz-hoy-directo-partido-final-us-open-2022-resultado-ganador-20220911160126-di.html\" target=\"_blank\" data-voc-vtm-id=\"in-text-traffic\" title=\"primer Grand Slam y n\u00famero 1 con 19 a\u00f1os\" data-mrf-link=\"www.abc.es\" rel=\"nofollow noopener\">primer Grand Slam y n\u00famero 1 con 19 a\u00f1os<\/a>, el m\u00e1s joven de la historia.<\/p>\n<p class=\"voc-title\">\u00abMe hubiera gustado seguir. Estoy convencido de que los buenos recuerdos y las buenas personas siempre encuentran la manera de volver a cruzarse\u00bb<\/p>\n<p class=\"voc-p\" style=\"\">Siempre con Ferrero en la banda, como gu\u00eda emocional, ten\u00edstico, y hasta espiritual, el murciano complet\u00f3 etapas, cumpli\u00f3 expectativas, complet\u00f3 mejoras, tach\u00f3 retos y se invent\u00f3 otros para hacerse el rey del tenis hoy, en dualidad con Jannik Sinner. Del n\u00famero 1 y el primer Grand Slam en aquel 2022, a aprender de la tensi\u00f3n propia y ajena en Roland Garros y levantarse para batir a Novak Djokovic en su primera final de Wimbledon 2023. De admitir cierta falta de madurez para ver que la temporada no se acaba en agosto, a levantar consecutivamente Par\u00eds y Londres en 2024. De aceptar que hab\u00eda que ser profesional todo el tiempo, a <a href=\"https:\/\/www.abc.es\/deportes\/tenis\/alcaraz-inexpugnable-campeon-roland-garros-gesta-historica-20250608210019-nt.html\" target=\"_blank\" data-voc-vtm-id=\"in-text-traffic\" title=\"superar tres puntos de partido en la Philippe Chatrier\" data-mrf-link=\"www.abc.es\" rel=\"nofollow noopener\">superar tres puntos de partido en la Philippe Chatrier<\/a>, a reconquistar el US Open y a sentarse de nuevo en el trono de la ATP en este 2025 espectacular. Entre medias, 18 t\u00edtulos m\u00e1s, derrotas que dolieron, vacaciones y fiestas, tirones de orejas, abrazos emocionados y una ruptura final, sorprendente desde fuera, cuyos motivos reales solo conocen sus protagonistas, y que marca el fin de una era magn\u00edfica y el inicio de otra llena de inc\u00f3gnitas sobre el futuro de ambos.<\/p>\n<ul class=\"oc-d-c-list__list\">\n<li class=\"voc-d-c-list__item\">\n<p class=\"voc-d-c-list__paragraph\">ATP 250 Umag (2021)<\/p>\n<\/li>\n<li class=\"voc-d-c-list__item\">\n<p class=\"voc-d-c-list__paragraph\">ATP 500 R\u00edo de Janeiro (2022)<\/p>\n<\/li>\n<li class=\"voc-d-c-list__item\">\n<p class=\"voc-d-c-list__paragraph\">Masters 1.000 Miami (2022)<\/p>\n<\/li>\n<li class=\"voc-d-c-list__item\">\n<p class=\"voc-d-c-list__paragraph\">ATP 500 Conde de God\u00f3 (2022)<\/p>\n<\/li>\n<li class=\"voc-d-c-list__item\">\n<p class=\"voc-d-c-list__paragraph\">Masters 1.000 Madrid (2022)<\/p>\n<\/li>\n<li class=\"voc-d-c-list__item\">\n<p class=\"voc-d-c-list__paragraph\">US Open 2022<\/p>\n<\/li>\n<li class=\"voc-d-c-list__item\">\n<p class=\"voc-d-c-list__paragraph\">N\u00famero 1 m\u00e1s joven de la historia<\/p>\n<\/li>\n<li class=\"voc-d-c-list__item\">\n<p class=\"voc-d-c-list__paragraph\">ATP 250 Buenos Aires (2023)<\/p>\n<\/li>\n<li class=\"voc-d-c-list__item\">\n<p class=\"voc-d-c-list__paragraph\">Masters 1.000 Indian Wells (2023)<\/p>\n<\/li>\n<li class=\"voc-d-c-list__item\">\n<p class=\"voc-d-c-list__paragraph\">ATP 500 Conde de God\u00f3 (2023)<\/p>\n<\/li>\n<li class=\"voc-d-c-list__item\">\n<p class=\"voc-d-c-list__paragraph\">Masters 1.000 Madrid (2023)<\/p>\n<\/li>\n<li class=\"voc-d-c-list__item\">\n<p class=\"voc-d-c-list__paragraph\">ATP 500 Queen&#8217;s (2023)<\/p>\n<\/li>\n<li class=\"voc-d-c-list__item\">\n<p class=\"voc-d-c-list__paragraph\">Wimbledon 2023<\/p>\n<\/li>\n<li class=\"voc-d-c-list__item\">\n<p class=\"voc-d-c-list__paragraph\">Masters 1.000 Indian Wells (2024)<\/p>\n<\/li>\n<li class=\"voc-d-c-list__item\">\n<p class=\"voc-d-c-list__paragraph\">Roland Garros 2024<\/p>\n<\/li>\n<li class=\"voc-d-c-list__item\">\n<p class=\"voc-d-c-list__paragraph\">Wimbledon 2024<\/p>\n<\/li>\n<li class=\"voc-d-c-list__item\">\n<p class=\"voc-d-c-list__paragraph\">Plata ol\u00edmpica Juegos de Par\u00eds 2024<\/p>\n<\/li>\n<li class=\"voc-d-c-list__item\">\n<p class=\"voc-d-c-list__paragraph\">ATP 500 Pek\u00edn (2024)<\/p>\n<\/li>\n<li class=\"voc-d-c-list__item\">\n<p class=\"voc-d-c-list__paragraph\">ATP 500 R\u00f3terdam<\/p>\n<\/li>\n<li class=\"voc-d-c-list__item\">\n<p class=\"voc-d-c-list__paragraph\">Masters 1.000 Montecarlo (2025)<\/p>\n<\/li>\n<li class=\"voc-d-c-list__item\">\n<p class=\"voc-d-c-list__paragraph\">Masters 1.000 Roma (2025)<\/p>\n<\/li>\n<li class=\"voc-d-c-list__item\">\n<p class=\"voc-d-c-list__paragraph\">Roland Garros 2025<\/p>\n<\/li>\n<li class=\"voc-d-c-list__item\">\n<p class=\"voc-d-c-list__paragraph\">ATP 500 Queen&#8217;s (2025)<\/p>\n<\/li>\n<li class=\"voc-d-c-list__item\">\n<p class=\"voc-d-c-list__paragraph\">Masters 1.000 Cincinnati (2025)<\/p>\n<\/li>\n<li class=\"voc-d-c-list__item\">\n<p class=\"voc-d-c-list__paragraph\">US Open 2025<\/p>\n<\/li>\n<li class=\"voc-d-c-list__item\">\n<p class=\"voc-d-c-list__paragraph\">ATP 500 Tokio (2025)<\/p>\n<\/li>\n<li class=\"voc-d-c-list__item\">\n<p class=\"voc-d-c-list__paragraph\">N\u00famero 1 (2025)<\/p>\n<\/li>\n<\/ul>\n","protected":false},"excerpt":{"rendered":"Surge el comunicado y vuelan las preguntas. Es un Carlos Alcaraz que anuncia de sopet\u00f3n que no seguir\u00e1&hellip;\n","protected":false},"author":2,"featured_media":293830,"comment_status":"","ping_status":"","sticky":false,"template":"","format":"standard","meta":{"footnotes":""},"categories":[93],"tags":[4736,168,25,24,3460,51162,2490,24555,23,167],"class_list":{"0":"post-293829","1":"post","2":"type-post","3":"status-publish","4":"format-standard","5":"has-post-thumbnail","7":"category-deportes","8":"tag-alcaraz","9":"tag-deportes","10":"tag-es","11":"tag-espana","12":"tag-ferrero","13":"tag-incognitas","14":"tag-llena","15":"tag-ruptura","16":"tag-spain","17":"tag-sports"},"share_on_mastodon":{"url":"https:\/\/pubeurope.com\/@es\/115738340786352256","error":""},"_links":{"self":[{"href":"https:\/\/www.europesays.com\/es\/wp-json\/wp\/v2\/posts\/293829","targetHints":{"allow":["GET"]}}],"collection":[{"href":"https:\/\/www.europesays.com\/es\/wp-json\/wp\/v2\/posts"}],"about":[{"href":"https:\/\/www.europesays.com\/es\/wp-json\/wp\/v2\/types\/post"}],"author":[{"embeddable":true,"href":"https:\/\/www.europesays.com\/es\/wp-json\/wp\/v2\/users\/2"}],"replies":[{"embeddable":true,"href":"https:\/\/www.europesays.com\/es\/wp-json\/wp\/v2\/comments?post=293829"}],"version-history":[{"count":0,"href":"https:\/\/www.europesays.com\/es\/wp-json\/wp\/v2\/posts\/293829\/revisions"}],"wp:featuredmedia":[{"embeddable":true,"href":"https:\/\/www.europesays.com\/es\/wp-json\/wp\/v2\/media\/293830"}],"wp:attachment":[{"href":"https:\/\/www.europesays.com\/es\/wp-json\/wp\/v2\/media?parent=293829"}],"wp:term":[{"taxonomy":"category","embeddable":true,"href":"https:\/\/www.europesays.com\/es\/wp-json\/wp\/v2\/categories?post=293829"},{"taxonomy":"post_tag","embeddable":true,"href":"https:\/\/www.europesays.com\/es\/wp-json\/wp\/v2\/tags?post=293829"}],"curies":[{"name":"wp","href":"https:\/\/api.w.org\/{rel}","templated":true}]}}