{"id":293831,"date":"2025-12-18T03:01:13","date_gmt":"2025-12-18T03:01:13","guid":{"rendered":"https:\/\/www.europesays.com\/es\/293831\/"},"modified":"2025-12-18T03:01:13","modified_gmt":"2025-12-18T03:01:13","slug":"la-escurridiza-nueva-variante-k-de-la-gripe-contagiosa-hasta-para-los-vacunados","status":"publish","type":"post","link":"https:\/\/www.europesays.com\/es\/293831\/","title":{"rendered":"La escurridiza nueva variante K de la gripe: contagiosa hasta para los vacunados"},"content":{"rendered":"<p>Centros de salud desbordados, hospitales llenos y mascarillas cada vez m\u00e1s presentes entre los valencianos. Los datos de la gripe alarman y ya se ha  &#8230; superado el pico del a\u00f1o pasado. Todo eso tiene una responsable, y se llama variante K. Es mucho m\u00e1s contagiosa que en a\u00f1os anteriores y resulta muy escurridiza para las vacunas. Al ser tan nueva, la protecci\u00f3n ante ella es inferior, as\u00ed que incluso quienes se hayan puesto su dosis se pueden contagiar.<\/p>\n<p class=\"v-p\"> La subdirectora general de Promoci\u00f3n de la Salud y Prevenci\u00f3n de la Conselleria de Sanidad, Mara Garc\u00e9s, explica que esta nueva variante que est\u00e1 dominando esta campa\u00f1a de gripe \u00abse transmite mejor entre personas, sobre todo en espacios cerrados y en \u00e9pocas de mayor contacto social\u00bb, como son las inminentes Navidades que llegan la semana que viene, o que ya se est\u00e1n celebrando con miles de cenas de empresas y de amigos.<\/p>\n<p class=\"v-p\">Adem\u00e1s, Garc\u00e9s establece que esta variante \u00abes m\u00e1s contagiosa no porque sea m\u00e1s fuerte, sino porque presenta cambios en la prote\u00edna de superficie del virus que facilitan que escape parcialmente a la inmunidad previa\u00bb, lo que implica que \u00abpuede infectar incluso a personas que ya pasaron la enfermedad o que est\u00e1n vacunadas, aunque de forma generalmente m\u00e1s leve\u00bb, indica la experta.<\/p>\n<p><a href=\"http:\/\/www.lasprovincias.es\/comunitat\/gripe-supera-pico-ano-pasado-abre-puerta-20251217140334-nt.html#vtm_modulosEngag=mod-rel:comunitat:noticia:1:cmp:1-not\" class=\"v-a-link\" aria-label=\"Imagen\" rel=\"nofollow noopener\" target=\"_blank\"><\/p>\n<p><img decoding=\"async\" loading=\"lazy\" src=\"https:\/\/www.europesays.com\/es\/wp-content\/uploads\/2025\/12\/1503718041-U58358852150dTY-366x256@Las Provincias.jpg\" class=\"v-a-img\" width=\"258\" height=\"180\" alt=\"\" data-voc-vtm-id=\"in-text-traffic\"\/><\/p>\n<p><\/a><\/p>\n<p class=\"v-p\">La responsable de la conselleria aclara que las vacunas actuales \u00abse dise\u00f1an para reducir la gravedad, no para bloquear completamente la infecci\u00f3n\u00bb y que \u00ablas peque\u00f1as mutaciones del virus\u00bb, como es esta variante K, \u00abpueden disminuir la protecci\u00f3n frente a la infecci\u00f3n leve, pero no anulan la protecci\u00f3n frente a las formas graves\u00bb, asegura. \u00abLas vacunas siguen siendo eficaces, especialmente para prevenir una enfermedad grave, hospitalizaci\u00f3n y muerte, por lo que funciona y salva vidas al evitar complicaciones\u00bb, explica.<\/p>\n<p class=\"v-p\">Lo fundamental de esta variante es su enorme capacidad de propagaci\u00f3n, eso es lo que la hace m\u00e1s peligrosa, pero en cambio sus contagios no ocasionan m\u00e1s gravedad. \u00abEste fen\u00f3meno es habitual en los virus respiratorios: evolucionan para transmitirse mejor, no necesariamente para causar cuadros m\u00e1s graves. De hecho, la actual no es m\u00e1s grave que la del a\u00f1o pasado\u00bb, comenta la subdirectora.<\/p>\n<p class=\"v-p\">Los casos m\u00e1s complicados y graves, que requieren intervenci\u00f3n hospitalaria urgente, \u00absiguen concentr\u00e1ndose en personas mayores, con enfermedades cr\u00f3nicas o inmunodeprimidas, como ocurre cada a\u00f1o\u00bb, indica Garc\u00e9s. \u00abCon los datos disponibles hasta el momento, no se est\u00e1 observando un aumento de gravedad respecto a la temporada pasada. La mayor\u00eda de los casos son leves o moderados, especialmente en personas sanas\u00bb, a\u00f1ade.<\/p>\n<p class=\"v-p\">Para la experta de Sanidad \u00abes importante recalcar que m\u00e1s contagios no significa m\u00e1s gravedad, pero s\u00ed puede traducirse en una mayor presi\u00f3n asistencial si el n\u00famero total de casos es muy alto\u00bb, puntualiza. De hecho, as\u00ed est\u00e1 ocurriendo, con una saturaci\u00f3n en muchos centros que est\u00e1 complicando el ingreso de pacientes en los hospitales o que est\u00e1 haciendo que haya muchos d\u00edas de demora para una consulta con el m\u00e9dico del centro de salud.<\/p>\n<p class=\"v-p\">La evoluci\u00f3n de los datos de gripe en las tres \u00faltimas semanas est\u00e1 siendo de un crecimiento exponencial, con una l\u00ednea completamente vertical en el gr\u00e1fico, ya que cada semana se duplican los casos. De 234 contagios por 100.000 habitantes hemos pasado en siete d\u00edas a los 467 que se han conocido este mi\u00e9rcoles. Por eso, Garc\u00e9s indica que con la informaci\u00f3n epidemiol\u00f3gica actual, \u00ablo m\u00e1s probable es que el ascenso se adelante, con un pico entre finales de diciembre y enero\u00bb, comenta.<\/p>\n<p class=\"v-p\">No obstante, la experta avisa de que las cifras pueden mantenerse en niveles muy altos durante el inicio de 2026. \u00abPosteriormente, la circulaci\u00f3n podr\u00eda mantenerse durante varias semanas, especialmente si coinciden gripe, Covid y otros virus respiratorios\u00bb, apunta. \u00abNo se espera una temporada explosiva, pero s\u00ed una circulaci\u00f3n sostenida, lo que hace a\u00fan m\u00e1s importante la vacunaci\u00f3n y las medidas b\u00e1sicas de prevenci\u00f3n\u00bb, establece la responsable de Prevenci\u00f3n de la conselleria.<\/p>\n","protected":false},"excerpt":{"rendered":"Centros de salud desbordados, hospitales llenos y mascarillas cada vez m\u00e1s presentes entre los valencianos. Los datos de&hellip;\n","protected":false},"author":2,"featured_media":293832,"comment_status":"","ping_status":"","sticky":false,"template":"","format":"standard","meta":{"footnotes":""},"categories":[92],"tags":[971,25,70252,24,7749,165,795,166,23,55681,2271],"class_list":{"0":"post-293831","1":"post","2":"type-post","3":"status-publish","4":"format-standard","5":"has-post-thumbnail","7":"category-salud","8":"tag-contagiosa","9":"tag-es","10":"tag-escurridiza","11":"tag-espana","12":"tag-gripe","13":"tag-health","14":"tag-nueva","15":"tag-salud","16":"tag-spain","17":"tag-vacunados","18":"tag-variante"},"share_on_mastodon":{"url":"https:\/\/pubeurope.com\/@es\/115738344765093913","error":""},"_links":{"self":[{"href":"https:\/\/www.europesays.com\/es\/wp-json\/wp\/v2\/posts\/293831","targetHints":{"allow":["GET"]}}],"collection":[{"href":"https:\/\/www.europesays.com\/es\/wp-json\/wp\/v2\/posts"}],"about":[{"href":"https:\/\/www.europesays.com\/es\/wp-json\/wp\/v2\/types\/post"}],"author":[{"embeddable":true,"href":"https:\/\/www.europesays.com\/es\/wp-json\/wp\/v2\/users\/2"}],"replies":[{"embeddable":true,"href":"https:\/\/www.europesays.com\/es\/wp-json\/wp\/v2\/comments?post=293831"}],"version-history":[{"count":0,"href":"https:\/\/www.europesays.com\/es\/wp-json\/wp\/v2\/posts\/293831\/revisions"}],"wp:featuredmedia":[{"embeddable":true,"href":"https:\/\/www.europesays.com\/es\/wp-json\/wp\/v2\/media\/293832"}],"wp:attachment":[{"href":"https:\/\/www.europesays.com\/es\/wp-json\/wp\/v2\/media?parent=293831"}],"wp:term":[{"taxonomy":"category","embeddable":true,"href":"https:\/\/www.europesays.com\/es\/wp-json\/wp\/v2\/categories?post=293831"},{"taxonomy":"post_tag","embeddable":true,"href":"https:\/\/www.europesays.com\/es\/wp-json\/wp\/v2\/tags?post=293831"}],"curies":[{"name":"wp","href":"https:\/\/api.w.org\/{rel}","templated":true}]}}