{"id":293851,"date":"2025-12-18T03:20:35","date_gmt":"2025-12-18T03:20:35","guid":{"rendered":"https:\/\/www.europesays.com\/es\/293851\/"},"modified":"2025-12-18T03:20:35","modified_gmt":"2025-12-18T03:20:35","slug":"maximo-huerta-dice-que-ana-rosa-polariza-y-mediaset-lo-censura","status":"publish","type":"post","link":"https:\/\/www.europesays.com\/es\/293851\/","title":{"rendered":"M\u00e1ximo Huerta dice que Ana Rosa polariza y Mediaset lo censura"},"content":{"rendered":"<p>\n        Desde que volvi\u00f3 a las <strong>ma\u00f1anas<\/strong> tras sus malos resultados en <strong>TardeAR<\/strong>, <a href=\"https:\/\/www.noticiasdegipuzkoa.eus\/tags\/ana-rosa-quintana\/\" title=\"Ana Rosa Quintana\" target=\"_blank\" class=\"link copy\" rel=\"nofollow noopener\">Ana Rosa Quintana<\/a> dedica su <strong>editorial diario<\/strong> (le\u00eddo sin mucha soltura) casi siempre a <strong>atacar con extrema dureza<\/strong> (y burlas) a <strong>Pedro S\u00e1nchez<\/strong>, al <strong>Gobierno<\/strong> y a todo lo que suene a <strong>izquierda<\/strong>, antes de centrarse en las <strong>casas okupadas<\/strong> y dem\u00e1s <strong>sucesos truculentos<\/strong>.\n<\/p>\n<p>            <a href=\"https:\/\/www.noticiasdegipuzkoa.eus\/buzz-on\/2025\/03\/25\/cabreo-esther-palomera-ana-rosa-quintana-9442168.html\" title=\"El cabreo de Esther Palomera con Ana Rosa Quintana por desvelar en directo d\u00f3nde vive\" class=\"new__media\" rel=\"nofollow noopener\" target=\"_blank\"><\/p>\n<p>                <img alt=\"El cabreo de Esther Palomera con Ana Rosa Quintana por desvelar en directo d\u00f3nde vive\" data-src=\"https:\/\/www.europesays.com\/es\/wp-content\/uploads\/2025\/12\/632ba908-7a77-4bf5-8dd7-eea0c8e0c21e_16-9-aspect-ratio_default_0.jpg\" class=\"lozad\"\/><\/p>\n<p>        <\/a><\/p>\n<p>        <a href=\"https:\/\/www.noticiasdegipuzkoa.eus\/buzz-on\/2025\/03\/25\/cabreo-esther-palomera-ana-rosa-quintana-9442168.html\" title=\"El cabreo de Esther Palomera con Ana Rosa Quintana por desvelar en directo d\u00f3nde vive\" class=\"new__headline\" rel=\"nofollow noopener\" target=\"_blank\"><br \/>\n            El cabreo de Esther Palomera con Ana Rosa Quintana por desvelar en directo d\u00f3nde vive<br \/>\n        <\/a><\/p>\n<p class=\"article-body__text \">\n        Debido al <strong>poder medi\u00e1tico<\/strong> que ha tenido en las \u00faltimas d\u00e9cadas la <strong>periodista madrile\u00f1a<\/strong>, otrora <strong>l\u00edder de las ma\u00f1anas<\/strong> (ahora muy lejos de los registros que marca <a href=\"https:\/\/www.noticiasdegipuzkoa.eus\/vivir\/television\/2025\/10\/10\/silvia-intxaurrondo-desvela-mensaje-recibio-durante-entrevista-feijoo-10196985.html\" title=\"Silvia Intxaurrondo\" target=\"_blank\" class=\"link copy\" rel=\"nofollow noopener\">Silvia Intxaurrondo<\/a> en <strong>La 1<\/strong> e incluso derrotada por <strong>Alfonso Ar\u00fas<\/strong> en <strong>La Sexta<\/strong>), no es habitual ver a <strong>periodistas de izquierdas<\/strong> que <strong>rebatan sus argumentos<\/strong>. De hecho, algunos que lo han hecho con vehemencia han salido <strong>fulminantemente del programa<\/strong>.\n<\/p>\n<p>  Familias y amistades rotas por pol\u00edtica<\/p>\n<p class=\"article-body__text \">\n        De ah\u00ed la sorpresa de lo que sucedi\u00f3 el lunes en el tramo final de <strong>El Programa de Ana Rosa<\/strong>, una vez finiquitada la <strong>mesa pol\u00edtica<\/strong> y la de los <strong>sucesos<\/strong>. Ya estaban sentados en el <strong>sof\u00e1<\/strong>, que es adonde van para tratar <strong>temas m\u00e1s ligeros<\/strong>, y se acababan de hacer eco de una <strong>noticia de El Pa\u00eds<\/strong> que llevaba el siguiente titular: \u201cUn <strong>14% de los espa\u00f1oles<\/strong> ha roto en el \u00faltimo a\u00f1o con <strong>amigos o familiares<\/strong> por <strong>discusiones pol\u00edticas<\/strong>\u201d.\n<\/p>\n<p>            <a href=\"https:\/\/www.noticiasdegipuzkoa.eus\/gente\/2023\/10\/14\/ana-rosa-quintana-isabel-diaz-7384282.html\" title=\"Ana Rosa Quintana e Isabel D\u00edaz Ayuso no esconden su gran amistad\" class=\"new__media\" rel=\"nofollow noopener\" target=\"_blank\"><\/p>\n<p>                <img alt=\"Ana Rosa Quintana e Isabel D\u00edaz Ayuso no esconden su gran amistad\" data-src=\"https:\/\/www.europesays.com\/es\/wp-content\/uploads\/2025\/12\/def2ee36-96c6-41de-af30-18033629a98a_16-9-aspect-ratio_default_0.jpg\" class=\"lozad\"\/><\/p>\n<p>        <\/a><\/p>\n<p>        <a href=\"https:\/\/www.noticiasdegipuzkoa.eus\/gente\/2023\/10\/14\/ana-rosa-quintana-isabel-diaz-7384282.html\" title=\"Ana Rosa Quintana e Isabel D\u00edaz Ayuso no esconden su gran amistad\" class=\"new__headline\" rel=\"nofollow noopener\" target=\"_blank\"><br \/>\n            Ana Rosa Quintana e Isabel D\u00edaz Ayuso no esconden su gran amistad<br \/>\n        <\/a><\/p>\n<p class=\"article-body__text \">\n        Y claro, llegando a las <strong>Navidades<\/strong>, el momento cumbre del a\u00f1o en cuanto a <strong>relaciones familiares<\/strong>, el tema daba de s\u00ed. Uno de los <strong>redactores del programa<\/strong>, <strong>Jano Mecha<\/strong>, aseguraba que \u201cen este sof\u00e1 ya es m\u00e1s que evidente la <strong>polarizaci\u00f3n<\/strong>\u201d, haciendo referencia a la <strong>diversidad de opiniones<\/strong> (no tanta) que suele haber. Y ah\u00ed es cuando <strong>M\u00e1ximo Huerta<\/strong>, que regres\u00f3 al <strong>magac\u00edn de Telecinco<\/strong> muchos a\u00f1os despu\u00e9s, solt\u00f3 algo que nadie pod\u00eda esperar.\n<\/p>\n<p>  El ataque de M\u00e1ximo Huerta<\/p>\n<p class=\"article-body__text \">\n        \u201cEn este sof\u00e1 hay una que <strong>polariza<\/strong> m\u00e1s que el resto, que eres t\u00fa\u201d, le dedic\u00f3, aunque la <strong>veterana presentadora<\/strong> parec\u00eda no entenderlo. \u201c\u00bfLo dices por el <strong>spot<\/strong>?\u201d, le contest\u00f3, refiri\u00e9ndose al <strong>pol\u00e9mico anuncio navide\u00f1o de Campofr\u00edo<\/strong> en el que <strong>Ana Rosa<\/strong> dice \u201c<strong>me gusta la fruta<\/strong>\u201d parafraseando a <strong>Isabel D\u00edaz Ayuso<\/strong> y su <strong>eufemismo<\/strong> para llamar \u201chijo de puta\u201d a <strong>Pedro S\u00e1nchez<\/strong> en el <strong>Congreso de los Diputados<\/strong>.\n<\/p>\n<p class=\"article-body__text \">\n        No aprovech\u00f3 el <strong>ef\u00edmero exministro de Cultura<\/strong> (precisamente con <strong>Pedro S\u00e1nchez<\/strong>) para decir que s\u00ed y dejar ah\u00ed el tema, sino que insisti\u00f3 con su <strong>ataque<\/strong>: \u201cLo digo por todo y por tu <strong>an\u00e1lisis del inicio<\/strong>\u201d, a\u00f1adi\u00f3. A lo que <strong>Ana Rosa<\/strong> se puso seria para intentar <strong>defenderse<\/strong>. \u201cYo no polarizo. No, no, perd\u00f3name, yo no polarizo. Yo soy una <strong>periodista<\/strong> que lleva muchos a\u00f1os viendo lo que estaba pasando con este <strong>Gobierno<\/strong> y con ese <strong>presidente<\/strong>. Y que lleva muchos a\u00f1os <strong>denunci\u00e1ndolo<\/strong> y que me ha costado <strong>sangre, sudor y l\u00e1grimas<\/strong>\u00ab, afirm\u00f3, para poco despu\u00e9s <strong>cambiar de tema<\/strong>.\n<\/p>\n<blockquote class=\"twitter-tweet\" data-lang=\"es\" wp_automatic_readability=\"9.3958333333333\">\n<p lang=\"es\" dir=\"ltr\">Mediaset censura el momento en el que M\u00e1ximo Huerta acusa a Ana Rosa de polarizar por sus editoriales.<\/p>\n<p>El grupo suprime seis minutos de la emisi\u00f3n de &#8216;El programa de Ana Rosa&#8217; que no se pueden ver en la plataforma bajo demanda Mediaset Infinity.<\/p>\n<p><a href=\"https:\/\/t.co\/HvVOOKpYEd\" rel=\"nofollow\">pic.twitter.com\/HvVOOKpYEd<\/a><\/p>\n<p>\u2014 \u00a1Todo Realities! (@todorealitiestv) <a href=\"https:\/\/twitter.com\/todorealitiestv\/status\/2000682246622130294?ref_src=twsrc%5Etfw\" rel=\"nofollow noopener\" target=\"_blank\">15 de diciembre de 2025<\/a><\/p><\/blockquote>\n<p>  Censura y rectificaci\u00f3n<\/p>\n<p class=\"article-body__text \">\n        Lo llamativo es que, si cualquier usuario entraba posteriormente a <strong>Mediaset Infinity<\/strong>, la <strong>plataforma de contenidos en <\/strong><strong>streaming<\/strong> del grupo, se encontraba con que al <strong>programa del lunes<\/strong> le hab\u00edan suprimido no s\u00f3lo el <strong>momento de tensi\u00f3n<\/strong> entre <strong>Huerta y Quintana<\/strong> (en directo no se pod\u00eda censurar), sino, probablemente para que no quedara raro, <strong>todo el bloque<\/strong> en el que hab\u00edan hablado de la <strong>polarizaci\u00f3n<\/strong>; es decir, <strong>seis minutos enteros censurados<\/strong>.\n<\/p>\n<p>            <a href=\"https:\/\/www.noticiasdegipuzkoa.eus\/vivir\/television\/2025\/03\/17\/ana-rosa-quintana-niega-pedir-perdon-ataque-andaluz-9409342.html\" title=\"Ana Rosa Quintana se niega a disculparse tras pedir subt\u00edtulos para los andaluces: &quot;\u00a1No me toqu\u00e9is las narices!&quot;\" class=\"new__media\" rel=\"nofollow noopener\" target=\"_blank\"><\/p>\n<p>                <img alt=\"Ana Rosa Quintana se niega a disculparse tras pedir subt\u00edtulos para los andaluces: &quot;\u00a1No me toqu\u00e9is las narices!&quot;\" data-src=\"https:\/\/www.europesays.com\/es\/wp-content\/uploads\/2025\/10\/cfead282-eedd-4d94-a4a1-d10b1c5c4cf9_16-9-aspect-ratio_default_0.jpg\" class=\"lozad\"\/><\/p>\n<p>        <\/a><\/p>\n<p>        <a href=\"https:\/\/www.noticiasdegipuzkoa.eus\/vivir\/television\/2025\/03\/17\/ana-rosa-quintana-niega-pedir-perdon-ataque-andaluz-9409342.html\" title=\"Ana Rosa Quintana se niega a disculparse tras pedir subt\u00edtulos para los andaluces: &quot;\u00a1No me toqu\u00e9is las narices!&quot;\" class=\"new__headline\" rel=\"nofollow noopener\" target=\"_blank\"><br \/>\n            Ana Rosa Quintana se niega a disculparse tras pedir subt\u00edtulos para los andaluces: \u00ab\u00a1No me toqu\u00e9is las narices!\u00bb<br \/>\n        <\/a><\/p>\n<p class=\"article-body__text \">\n        Como hoy en d\u00eda siempre hay alguien que se da cuenta de todo y varios <strong>medios de comunicaci\u00f3n<\/strong> reflejaron lo que hab\u00eda sucedido, horas despu\u00e9s <strong>Mediaset<\/strong> decidi\u00f3 <strong>rectificar<\/strong> su <strong>pol\u00e9mica decisi\u00f3n<\/strong> y volver a colgar el <strong>programa entero<\/strong>. Eso s\u00ed, asegurando que no se hab\u00eda tratado de <strong>censura<\/strong>, sino de un \u201c<strong>error humano<\/strong>\u201d. Casualidad. Tampoco ten\u00eda mucho sentido seguir suprimiendo en <strong>Mediaset Infinity<\/strong> ese momento de <strong>cr\u00edtica a Ana Rosa<\/strong> cuando alguien ya hab\u00eda <strong>grabado el clip<\/strong>, lo hab\u00eda compartido en las <strong>redes sociales<\/strong> y se estaba volviendo <strong>viral<\/strong>.\n<\/p>\n<p>            <script async src=\"https:\/\/platform.twitter.com\/widgets.js\" charset=\"utf-8\"><\/script><\/p>\n","protected":false},"excerpt":{"rendered":"Desde que volvi\u00f3 a las ma\u00f1anas tras sus malos resultados en TardeAR, Ana Rosa Quintana dedica su editorial&hellip;\n","protected":false},"author":2,"featured_media":293852,"comment_status":"","ping_status":"","sticky":false,"template":"","format":"standard","meta":{"footnotes":""},"categories":[171],"tags":[683,3374,146,147,25,24,38851,5137,955,16558,27011,36157,2465,23,214],"class_list":{"0":"post-293851","1":"post","2":"type-post","3":"status-publish","4":"format-standard","5":"has-post-thumbnail","7":"category-tv","8":"tag-ana","9":"tag-censura","10":"tag-entertainment","11":"tag-entretenimiento","12":"tag-es","13":"tag-espana","14":"tag-huerta","15":"tag-maximo","16":"tag-mediaset","17":"tag-polarizar","18":"tag-quintana","19":"tag-reprocha","20":"tag-rosa","21":"tag-spain","22":"tag-tv"},"share_on_mastodon":{"url":"https:\/\/pubeurope.com\/@es\/115738419177168138","error":""},"_links":{"self":[{"href":"https:\/\/www.europesays.com\/es\/wp-json\/wp\/v2\/posts\/293851","targetHints":{"allow":["GET"]}}],"collection":[{"href":"https:\/\/www.europesays.com\/es\/wp-json\/wp\/v2\/posts"}],"about":[{"href":"https:\/\/www.europesays.com\/es\/wp-json\/wp\/v2\/types\/post"}],"author":[{"embeddable":true,"href":"https:\/\/www.europesays.com\/es\/wp-json\/wp\/v2\/users\/2"}],"replies":[{"embeddable":true,"href":"https:\/\/www.europesays.com\/es\/wp-json\/wp\/v2\/comments?post=293851"}],"version-history":[{"count":0,"href":"https:\/\/www.europesays.com\/es\/wp-json\/wp\/v2\/posts\/293851\/revisions"}],"wp:featuredmedia":[{"embeddable":true,"href":"https:\/\/www.europesays.com\/es\/wp-json\/wp\/v2\/media\/293852"}],"wp:attachment":[{"href":"https:\/\/www.europesays.com\/es\/wp-json\/wp\/v2\/media?parent=293851"}],"wp:term":[{"taxonomy":"category","embeddable":true,"href":"https:\/\/www.europesays.com\/es\/wp-json\/wp\/v2\/categories?post=293851"},{"taxonomy":"post_tag","embeddable":true,"href":"https:\/\/www.europesays.com\/es\/wp-json\/wp\/v2\/tags?post=293851"}],"curies":[{"name":"wp","href":"https:\/\/api.w.org\/{rel}","templated":true}]}}