{"id":293866,"date":"2025-12-18T03:28:11","date_gmt":"2025-12-18T03:28:11","guid":{"rendered":"https:\/\/www.europesays.com\/es\/293866\/"},"modified":"2025-12-18T03:28:11","modified_gmt":"2025-12-18T03:28:11","slug":"todos-los-beneficios-ambientales-de-pasarnos-a-una-dieta-basada-en-plantas","status":"publish","type":"post","link":"https:\/\/www.europesays.com\/es\/293866\/","title":{"rendered":"Todos los beneficios ambientales de pasarnos a una dieta basada en plantas"},"content":{"rendered":"<p>Nuestra dieta y c\u00f3mo se producen los alimentos que incluye afecta a nuestra salud, pero tambi\u00e9n al medio ambiente. Aproximadamente un tercio de las emisiones de gases de efecto invernadero provocadas por el ser humano est\u00e1n relacionadas con el cultivo, el procesamiento, el transporte, la distribuci\u00f3n y la preparaci\u00f3n de los alimentos.<\/p>\n<p>Aunque no todos ellos tienen el mismo impacto en el planeta. En un nuevo <a href=\"https:\/\/doi.org\/10.3389\/fnut.2025.1681512\" rel=\"nofollow noopener\" target=\"_blank\">estudio<\/a> hemos comprobado que adoptar una dieta basada en plantas tiene efectos ambientales positivos, como la reducci\u00f3n de hasta un 46\u00a0% en nuestra huella de carbono, es decir, las emisiones de di\u00f3xido de carbono asociadas a nuestra actividad diaria.<\/p>\n<p>En el trabajo, simulamos cuatro men\u00fas reales e isocal\u00f3ricos (2\u00a0000\u00a0kcal\/d\u00eda) de una semana con cuatro patrones: mediterr\u00e1neo (omn\u00edvoro), pescovegetariano, ovolactovegetariano y patr\u00f3n 100\u00a0% vegetal (que en nutrici\u00f3n tratamos como dieta <a href=\"https:\/\/es.wikipedia.org\/wiki\/Veganismo\" rel=\"nofollow noopener\" target=\"_blank\">vegana<\/a>, aunque este t\u00e9rmino conlleva otras implicaciones filos\u00f3ficas). <\/p>\n<p>Evaluamos dos ejes esenciales: la adecuaci\u00f3n nutricional (es decir, que el men\u00fa cubra los nutrientes que necesitamos) y huella ambiental (los recursos que se consumen desde el campo al plato y los residuos diarios que se generan). Esta \u00faltima incluye el <a href=\"https:\/\/es.wikipedia.org\/wiki\/CO%E2%82%82_equivalente\" rel=\"nofollow noopener\" target=\"_blank\">equivalente de di\u00f3xido de carbono<\/a> emitido (CO\u2082e), el uso de suelo, el consumo de agua y efectos sobre ecosistemas y los efectos en la salud humana (emisi\u00f3n de ozono y part\u00edculas, eutrofizaci\u00f3n, ecotoxicidad).<\/p>\n<p>Nutrici\u00f3n: lo justo y necesario<\/p>\n<p>Los cuatro patrones de dieta cumplen en cuanto a macronutrientes y prote\u00edna. En cierto modo, esto \u00faltimo es lo que m\u00e1s preocupa cuando se habla de dieta 100\u00a0% vegetal. Esto se debe a que las prote\u00ednas vegetales no tienen una composici\u00f3n de <a href=\"https:\/\/es.wikipedia.org\/wiki\/Amino%C3%A1cido_esencial\" rel=\"nofollow noopener\" target=\"_blank\">amino\u00e1cidos esenciales<\/a> completa, pero la combinaci\u00f3n t\u00edpica de legumbres y cereales (lentejas con arroz), completa la composici\u00f3n de la <a href=\"https:\/\/theconversation.com\/proteina-de-origen-animal-o-vegetal-cual-es-mejor-211793\" rel=\"nofollow noopener\" target=\"_blank\">prote\u00edna<\/a>.<\/p>\n<p>Respecto a otros nutrientes importantes, los datos confirman lo esperado. Las dietas vegetales aumentan la fibra y reducen el aporte en las grasas saturadas, lo que supone un perfil lip\u00eddico m\u00e1s saludable. No obstante, es necesario tener en consideraci\u00f3n algunos nutrientes en el modelo 100\u00a0% de dieta vegetal, como el yodo y la vitamina D \u2013aunque ambos realmente se cubren a trav\u00e9s del consumo de sal yodada y la exposici\u00f3n solar\u2013 y la vitamina <a href=\"https:\/\/theconversation.com\/veganismo-y-suplementos-de-vitamina-b12-por-que-hay-que-tomarlos-y-cuales-funcionan-183305\" rel=\"nofollow noopener\" target=\"_blank\">B12, que debe suplementarse<\/a>. <\/p>\n<p>En los omega-3, representados por los \u00e1cidos eicosapentaenoico (EPA) y docosahexaenoico (DHA), ning\u00fan modelo de dieta alcanz\u00f3 los 250\u00a0mg\/d\u00eda establecidos en las recomendaciones. No obstante, existen formas para enriquecer el men\u00fa, como por ejemplo, a\u00f1adiendo <a href=\"https:\/\/theconversation.com\/cuidar-la-salud-y-el-medio-ambiente-dos-razones-para-incluir-pescado-azul-en-nuestra-dieta-227378\" rel=\"nofollow noopener\" target=\"_blank\">pescado azul<\/a>, consumiendo aceites de pescado o de microalgas (para la opci\u00f3n 100\u00a0% vegetal) y <\/p>\n<p>    <strong><br \/>\n      Read more:<br \/>\n      <a href=\"https:\/\/theconversation.com\/omega-3-cuanto-hay-que-tomar-y-que-alimentos-son-los-mejores-para-obtenerlo-200478\" rel=\"nofollow noopener\" target=\"_blank\">Omega-3: c\u00faanto hay que tomar y qu\u00e9 alimentos son los mejores para obtenerlo<\/a><br \/>\n    <\/strong><\/p>\n<p>El calcio que se aporta en las dietas sin l\u00e1cteos puede equipararse al de una dieta con l\u00e1cteos gracias al calcio contenido en las bebidas vegetales y tofu fortificados. En resumen, podemos decir que \u201cm\u00e1s alimentos vegetales, s\u00ed, pero bien planificados\u201d.<\/p>\n<p>Impacto ambiental: la huella que no se ve<\/p>\n<p>En cuanto a las emisiones, el impacto cae te\u00f3ricamente a medida que el men\u00fa (la dieta) se hace m\u00e1s vegetal: hasta un 46\u00a0% menos de CO\u2082e en el patr\u00f3n 100\u00a0% vegetal frente al omn\u00edvoro. Este descenso no solo implica una reducci\u00f3n del efecto en el calentamiento global, ya que una menor emisi\u00f3n de CO\u2082e suele tambi\u00e9n implicar menos precursores de ozono y menos part\u00edculas secundarias, y una mejora en la <a href=\"https:\/\/theconversation.com\/topics\/calidad-del-aire-67677\" rel=\"nofollow noopener\" target=\"_blank\">calidad del aire<\/a>.<\/p>\n<p>Adem\u00e1s, el efecto alcanza a la tierra y la biodiversidad: los men\u00fas m\u00e1s vegetales reducen el uso de suelo entre un 20\u00a0% y un 33\u00a0%. Esto tambi\u00e9n es sumamente importante: liberar tierra alivia la presi\u00f3n sobre los h\u00e1bitats y preserva servicios ecosist\u00e9micos clave, como la polinizaci\u00f3n y la regulaci\u00f3n h\u00eddrica, un frente decisivo para frenar la p\u00e9rdida de biodiversidad.<\/p>\n<p>Otro indicador que evaluamos es el impacto del consumo de agua en una cuenca (AWARE). Este mide no solo los litros retirados (agua azul), sino tambi\u00e9n el impacto relativo de esa extracci\u00f3n seg\u00fan la escasez de la cuenca: cu\u00e1nto reduce la disponibilidad para otras personas y para los ecosistemas. Aqu\u00ed los cambios son moderados (baja un 5\u00a0% con la dieta 100\u00a0% vegetal) y dependen mucho del lugar y del m\u00e9todo de cultivo. No todo el \u201cagua\u201d pesa igual: regar 100 litros en una zona seca supone un da\u00f1o mayor que hacerlo en una cuenca h\u00fameda. Por eso, elegir origen y pr\u00e1cticas agr\u00edcolas marca la diferencia.<\/p>\n<p>Observamos tambi\u00e9n descensos en acidificaci\u00f3n y eutrofizaci\u00f3n \u2013liberaci\u00f3n excesiva de nutrientes\u2013, o lo que es lo mismo, menos presi\u00f3n sobre suelos y aguas, y tambi\u00e9n en ecotoxicidad. Esto implica menos contaminaci\u00f3n difusa, menos estr\u00e9s para r\u00edos y mares y menor exposici\u00f3n humana a sustancias nocivas que viajan por la cadena alimentaria.<\/p>\n<p>Ahora, un matiz con el pescado: los men\u00fas pescovegetarianos mejoran la mayor\u00eda de indicadores, pero pueden empeorar los relacionados con el ozono por la cadena de fr\u00edo y los transportes largos. Aunque no todo el pescado tiene la misma huella; <a href=\"https:\/\/theconversation.com\/la-pesca-mundial-frente-al-cambio-climatico-un-exodo-hacia-los-polos-244895\" rel=\"nofollow noopener\" target=\"_blank\">especie y origen, arte de pesca<\/a> (mejor selectivas que de arrastre) y log\u00edstica (proximidad, evitar transporte a\u00e9reo, cadenas cortas) marcan la diferencia en este contexto.<\/p>\n<p>    <strong><br \/>\n      Read more:<br \/>\n      <a href=\"https:\/\/theconversation.com\/pescado-y-marisco-para-navidad-como-elegir-el-mas-saludable-y-sostenible-segun-su-etiqueta-173098\" rel=\"nofollow noopener\" target=\"_blank\">\u00bfPescado y marisco para Navidad? C\u00f3mo elegir el m\u00e1s saludable y sostenible seg\u00fan su etiqueta<\/a><br \/>\n    <\/strong><\/p>\n<p>            <a href=\"https:\/\/images.theconversation.com\/files\/708274\/original\/file-20251211-76-iyhlh3.jpg?ixlib=rb-4.1.0&amp;q=45&amp;auto=format&amp;w=1000&amp;fit=clip\" rel=\"nofollow noopener\" target=\"_blank\"><img decoding=\"async\" alt=\"Comparaci\u00f3n de los efectos en el medio ambiente de las dietas pescetariana, ovolactovegetariana y 100% vegetal frente a una omn\u00edvora\" src=\"https:\/\/www.europesays.com\/es\/wp-content\/uploads\/2025\/12\/file-20251211-76-iyhlh3.jpg\" class=\"native-lazy\" loading=\"lazy\"  \/><\/a><\/p>\n<p>              Comparaci\u00f3n de tres men\u00fas (pescetariano, ovolactovegetariano y 100% vegetal) frente a uno omn\u00edvoro, mostrando la reducci\u00f3n porcentual en once indicadores relacionados con la huella de carbono, efecto en el suelo y el agua y efecto en la salud humana y seres vivos. A mayor proporci\u00f3n de alimentos vegetales, mayores recortes en la huella.<br \/>\n              Los autores, <a class=\"license\" href=\"http:\/\/creativecommons.org\/licenses\/by-sa\/4.0\/\" rel=\"nofollow noopener\" target=\"_blank\">CC BY-SA<\/a><\/p>\n<p>Cambios con efectos positivos reales<\/p>\n<p>Lo que elegimos comer tres veces al d\u00eda suma o resta frente al cambio clim\u00e1tico y la p\u00e9rdida de biodiversidad. Los men\u00fas m\u00e1s vegetales son una palanca inmediata y asequible tanto en casa como en comedores colectivos y compras p\u00fablicas. Hablamos de impactos medibles: kilos de CO\u2082e evitados, metros cuadrados de suelo liberado y metros c\u00fabicos de agua ahorrados. <\/p>\n<p>    <strong><br \/>\n      Read more:<br \/>\n      <a href=\"https:\/\/theconversation.com\/tres-cambios-cruciales-en-el-sistema-alimentario-para-no-devorar-el-planeta-263369\" rel=\"nofollow noopener\" target=\"_blank\">Tres cambios cruciales en el sistema alimentario para no devorar el planeta<\/a><br \/>\n    <\/strong><\/p>\n<p>Adem\u00e1s, esta transici\u00f3n permite avanzar hacia el cumplimiento de los <a href=\"https:\/\/www.un.org\/sustainabledevelopment\/es\/objetivos-de-desarrollo-sostenible\/\" rel=\"nofollow noopener\" target=\"_blank\">Objetivos de Desarrollo Sostenible<\/a> (ODS) de la ONU en la vida real: ODS 3 (salud), ODS 12 (consumo responsable) y ODS 13 (acci\u00f3n clim\u00e1tica). Para acelerar el cambio hacen falta reglas claras y un mercado alineado: etiquetado de huella de carbono e informaci\u00f3n sobre nutrientes cr\u00edticos, compra p\u00fablica baja en carbono y apoyo a alimentos vegetales m\u00ednimamente procesados con fortificaci\u00f3n inteligente. <\/p>\n<p>Avanzar hacia las dietas pescetariana, ovolactovegetariana y vegana reduce la huella de forma acumulativa. Pero podemos empezar por un men\u00fa mediterr\u00e1neo bien hecho con un alto consumo de vegetales. <\/p>\n<p>Si empezamos de cero, nos vendr\u00e1 bien el apoyo de un dietista-nutricionista con experiencia en alimentaci\u00f3n basada en vegetales para evitar carencias. A partir de ah\u00ed, vayamos a lo pr\u00e1ctico: menos carne (sobre todo de rumiantes) y m\u00e1s legumbres, cereales integrales, fruta, verdura y frutos secos; priorizando origen y temporada y eligiendo alimentos fortificados cuando aporten valor. Con peque\u00f1os cambios constantes y medibles, nuestro plato puede recortar emisiones, dar respiro a suelos y r\u00edos y mejorar el aire sin renunciar a una dieta completa.<\/p>\n","protected":false},"excerpt":{"rendered":"Nuestra dieta y c\u00f3mo se producen los alimentos que incluye afecta a nuestra salud, pero tambi\u00e9n al medio&hellip;\n","protected":false},"author":2,"featured_media":293867,"comment_status":"","ping_status":"","sticky":false,"template":"","format":"standard","meta":{"footnotes":""},"categories":[42],"tags":[17,18,13,14,11,61,62,63,64,19,20,9,10,15,16,12,21,22,65,66,67],"class_list":{"0":"post-293866","1":"post","2":"type-post","3":"status-publish","4":"format-standard","5":"has-post-thumbnail","7":"category-internacional","8":"tag-breaking-news","9":"tag-breakingnews","10":"tag-featured-news","11":"tag-featurednews","12":"tag-headlines","13":"tag-internacional","14":"tag-international","15":"tag-international-news","16":"tag-internationalnews","17":"tag-latest-news","18":"tag-latestnews","19":"tag-news","20":"tag-noticias","21":"tag-noticias-destacadas","22":"tag-noticiasdestacadas","23":"tag-titulares","24":"tag-ultimas-noticias","25":"tag-ultimasnoticias","26":"tag-world","27":"tag-world-news","28":"tag-worldnews"},"share_on_mastodon":{"url":"https:\/\/pubeurope.com\/@es\/115738451161069284","error":""},"_links":{"self":[{"href":"https:\/\/www.europesays.com\/es\/wp-json\/wp\/v2\/posts\/293866","targetHints":{"allow":["GET"]}}],"collection":[{"href":"https:\/\/www.europesays.com\/es\/wp-json\/wp\/v2\/posts"}],"about":[{"href":"https:\/\/www.europesays.com\/es\/wp-json\/wp\/v2\/types\/post"}],"author":[{"embeddable":true,"href":"https:\/\/www.europesays.com\/es\/wp-json\/wp\/v2\/users\/2"}],"replies":[{"embeddable":true,"href":"https:\/\/www.europesays.com\/es\/wp-json\/wp\/v2\/comments?post=293866"}],"version-history":[{"count":0,"href":"https:\/\/www.europesays.com\/es\/wp-json\/wp\/v2\/posts\/293866\/revisions"}],"wp:featuredmedia":[{"embeddable":true,"href":"https:\/\/www.europesays.com\/es\/wp-json\/wp\/v2\/media\/293867"}],"wp:attachment":[{"href":"https:\/\/www.europesays.com\/es\/wp-json\/wp\/v2\/media?parent=293866"}],"wp:term":[{"taxonomy":"category","embeddable":true,"href":"https:\/\/www.europesays.com\/es\/wp-json\/wp\/v2\/categories?post=293866"},{"taxonomy":"post_tag","embeddable":true,"href":"https:\/\/www.europesays.com\/es\/wp-json\/wp\/v2\/tags?post=293866"}],"curies":[{"name":"wp","href":"https:\/\/api.w.org\/{rel}","templated":true}]}}