{"id":293894,"date":"2025-12-18T03:54:24","date_gmt":"2025-12-18T03:54:24","guid":{"rendered":"https:\/\/www.europesays.com\/es\/293894\/"},"modified":"2025-12-18T03:54:24","modified_gmt":"2025-12-18T03:54:24","slug":"las-invitaciones-para-la-gala-de-los-reyes-magos-estaran-disponibles-a-partir-del-18-de-diciembre","status":"publish","type":"post","link":"https:\/\/www.europesays.com\/es\/293894\/","title":{"rendered":"Las invitaciones para la gala de los Reyes Magos estar\u00e1n disponibles a partir del 18 de diciembre"},"content":{"rendered":"<p>                            <img width=\"1400\" height=\"1050\" src=\"https:\/\/www.europesays.com\/es\/wp-content\/uploads\/2025\/12\/5-ENE.-REYES-MAGOS.jpg\" class=\"attachment-post-thumbnail size-post-thumbnail wp-post-image\" alt=\"\" decoding=\"async\" fetchpriority=\"high\"  \/>                            <\/p>\n<ul>\n<li><strong>En la taquilla del teatro Ideal a las 12:00 horas y a partir de las 14:00 horas online en www.<\/strong><a href=\"http:\/\/www.citylok.com\/teatroideal\" rel=\"nofollow noopener\" target=\"_blank\"><strong>citylok.com\/teatroideal<\/strong><\/a><\/li>\n<\/ul>\n<p>Sus Majestades los Reyes Magos de Oriente visitar\u00e1n Calahorra el pr\u00f3ximo 5 de enero. A partir de las 10:30 horas<strong>,<\/strong> Melchor, Gaspar y Baltasar estar\u00e1n en el teatro Ideal para recibir a los ni\u00f1os de la ciudad que quieran charlar y hacerse una fotograf\u00eda con ellos.<\/p>\n<p>Previamente, a las 10:00 horas, en el Ayuntamiento la alcaldesa de Calahorra, M\u00f3nica Arceiz, les recibir\u00e1 y dar\u00e1 la bienvenida oficial a la ciudad.<\/p>\n<p>Para poder acceder al teatro Ideal este d\u00eda y poder disfrutar de la presencia de los Reyes Magos ser\u00e1 imprescindible contar con invitaci\u00f3n, tanto los ni\u00f1os como los adultos acompa\u00f1antes.<\/p>\n<p>Las invitaciones podr\u00e1n retirarse este jueves 18 de diciembre a partir de las 12:00 horas en la taquilla del teatro Ideal y tambi\u00e9n de forma online a trav\u00e9s de la web <a href=\"http:\/\/www.citylok.com\/teatroideal\" data-start=\"1068\" data-end=\"1095\" rel=\"nofollow noopener\" target=\"_blank\">www.citylok.com\/teatroideal<\/a> a partir de las 14:00 horas.<\/p>\n<p data-start=\"1100\" data-end=\"1203\">Cada persona podr\u00e1 retirar un m\u00e1ximo de cuatro entradas, con un l\u00edmite de dos adultos por ni\u00f1o.<\/p>\n<p data-start=\"1205\" data-end=\"1389\">El encuentro con los Reyes Magos comenzar\u00e1 a las 10:30 horas. Habr\u00e1 pases cada 30 minutos, siendo el \u00faltimo a las 13:30 horas.<\/p>\n","protected":false},"excerpt":{"rendered":"En la taquilla del teatro Ideal a las 12:00 horas y a partir de las 14:00 horas online&hellip;\n","protected":false},"author":2,"featured_media":293895,"comment_status":"","ping_status":"","sticky":false,"template":"","format":"standard","meta":{"footnotes":""},"categories":[8],"tags":[17,18,25,24,13,14,11,19,20,9,10,15,16,23,12,21,22],"class_list":{"0":"post-293894","1":"post","2":"type-post","3":"status-publish","4":"format-standard","5":"has-post-thumbnail","7":"category-espana","8":"tag-breaking-news","9":"tag-breakingnews","10":"tag-es","11":"tag-espana","12":"tag-featured-news","13":"tag-featurednews","14":"tag-headlines","15":"tag-latest-news","16":"tag-latestnews","17":"tag-news","18":"tag-noticias","19":"tag-noticias-destacadas","20":"tag-noticiasdestacadas","21":"tag-spain","22":"tag-titulares","23":"tag-ultimas-noticias","24":"tag-ultimasnoticias"},"share_on_mastodon":{"url":"https:\/\/pubeurope.com\/@es\/115738553669805697","error":""},"_links":{"self":[{"href":"https:\/\/www.europesays.com\/es\/wp-json\/wp\/v2\/posts\/293894","targetHints":{"allow":["GET"]}}],"collection":[{"href":"https:\/\/www.europesays.com\/es\/wp-json\/wp\/v2\/posts"}],"about":[{"href":"https:\/\/www.europesays.com\/es\/wp-json\/wp\/v2\/types\/post"}],"author":[{"embeddable":true,"href":"https:\/\/www.europesays.com\/es\/wp-json\/wp\/v2\/users\/2"}],"replies":[{"embeddable":true,"href":"https:\/\/www.europesays.com\/es\/wp-json\/wp\/v2\/comments?post=293894"}],"version-history":[{"count":0,"href":"https:\/\/www.europesays.com\/es\/wp-json\/wp\/v2\/posts\/293894\/revisions"}],"wp:featuredmedia":[{"embeddable":true,"href":"https:\/\/www.europesays.com\/es\/wp-json\/wp\/v2\/media\/293895"}],"wp:attachment":[{"href":"https:\/\/www.europesays.com\/es\/wp-json\/wp\/v2\/media?parent=293894"}],"wp:term":[{"taxonomy":"category","embeddable":true,"href":"https:\/\/www.europesays.com\/es\/wp-json\/wp\/v2\/categories?post=293894"},{"taxonomy":"post_tag","embeddable":true,"href":"https:\/\/www.europesays.com\/es\/wp-json\/wp\/v2\/tags?post=293894"}],"curies":[{"name":"wp","href":"https:\/\/api.w.org\/{rel}","templated":true}]}}