{"id":293920,"date":"2025-12-18T04:20:29","date_gmt":"2025-12-18T04:20:29","guid":{"rendered":"https:\/\/www.europesays.com\/es\/293920\/"},"modified":"2025-12-18T04:20:29","modified_gmt":"2025-12-18T04:20:29","slug":"pamplona-sube-en-dos-anos-un-132-las-subvenciones-que-concede-a-diferentes-colectivos-que-en-2026-alcanzaran-los-1215-millones-de-euros","status":"publish","type":"post","link":"https:\/\/www.europesays.com\/es\/293920\/","title":{"rendered":"Pamplona sube en dos a\u00f1os un 13,2% las subvenciones que concede a diferentes colectivos que en 2026 alcanzar\u00e1n los 12,15 millones de euros"},"content":{"rendered":"<p>        Pamplona sube en dos a\u00f1os un 13,2% las subvenciones que concede a diferentes colectivos que en 2026 alcanzar\u00e1n los 12,15 millones de euros | Ayuntamiento de Pamplona<\/p>\n<p><a href=\"#main-content\" class=\"visually-hidden focusable skip-link\"><br \/>\n    Pasar al contenido principal<br \/>\n<\/a><\/p>\n<ol class=\"breadcrumb\">\n<li>\n                  <a href=\"https:\/\/www.pamplona.es\/actualidad\" rel=\"nofollow noopener\" target=\"_blank\">Actualidad<\/a>\n              <\/li>\n<li>\n                  <a href=\"https:\/\/www.pamplona.es\/actualidad\/noticias\" rel=\"nofollow noopener\" target=\"_blank\">Noticias<\/a>\n              <\/li>\n<li class=\"active\">\n                  Pamplona sube en dos a\u00f1os un 13,2% las subvenciones que concede a diferentes colectivos que en 2026 alcanzar\u00e1n los 12,15 millones de euros\n              <\/li>\n<\/ol>\n<p>                                                    <a id=\"main-content\"\/><\/p>\n","protected":false},"excerpt":{"rendered":"Pamplona sube en dos a\u00f1os un 13,2% las subvenciones que concede a diferentes colectivos que en 2026 alcanzar\u00e1n&hellip;\n","protected":false},"author":2,"featured_media":293921,"comment_status":"","ping_status":"","sticky":false,"template":"","format":"standard","meta":{"footnotes":""},"categories":[5],"tags":[17,18,25,24,13,14,11,19,20,9,10,15,16,23,12,21,22],"class_list":{"0":"post-293920","1":"post","2":"type-post","3":"status-publish","4":"format-standard","5":"has-post-thumbnail","7":"category-titulares","8":"tag-breaking-news","9":"tag-breakingnews","10":"tag-es","11":"tag-espana","12":"tag-featured-news","13":"tag-featurednews","14":"tag-headlines","15":"tag-latest-news","16":"tag-latestnews","17":"tag-news","18":"tag-noticias","19":"tag-noticias-destacadas","20":"tag-noticiasdestacadas","21":"tag-spain","22":"tag-titulares","23":"tag-ultimas-noticias","24":"tag-ultimasnoticias"},"share_on_mastodon":{"url":"https:\/\/pubeurope.com\/@es\/115738655018099909","error":""},"_links":{"self":[{"href":"https:\/\/www.europesays.com\/es\/wp-json\/wp\/v2\/posts\/293920","targetHints":{"allow":["GET"]}}],"collection":[{"href":"https:\/\/www.europesays.com\/es\/wp-json\/wp\/v2\/posts"}],"about":[{"href":"https:\/\/www.europesays.com\/es\/wp-json\/wp\/v2\/types\/post"}],"author":[{"embeddable":true,"href":"https:\/\/www.europesays.com\/es\/wp-json\/wp\/v2\/users\/2"}],"replies":[{"embeddable":true,"href":"https:\/\/www.europesays.com\/es\/wp-json\/wp\/v2\/comments?post=293920"}],"version-history":[{"count":0,"href":"https:\/\/www.europesays.com\/es\/wp-json\/wp\/v2\/posts\/293920\/revisions"}],"wp:featuredmedia":[{"embeddable":true,"href":"https:\/\/www.europesays.com\/es\/wp-json\/wp\/v2\/media\/293921"}],"wp:attachment":[{"href":"https:\/\/www.europesays.com\/es\/wp-json\/wp\/v2\/media?parent=293920"}],"wp:term":[{"taxonomy":"category","embeddable":true,"href":"https:\/\/www.europesays.com\/es\/wp-json\/wp\/v2\/categories?post=293920"},{"taxonomy":"post_tag","embeddable":true,"href":"https:\/\/www.europesays.com\/es\/wp-json\/wp\/v2\/tags?post=293920"}],"curies":[{"name":"wp","href":"https:\/\/api.w.org\/{rel}","templated":true}]}}