{"id":293922,"date":"2025-12-18T04:28:22","date_gmt":"2025-12-18T04:28:22","guid":{"rendered":"https:\/\/www.europesays.com\/es\/293922\/"},"modified":"2025-12-18T04:28:22","modified_gmt":"2025-12-18T04:28:22","slug":"un-tizona-estelar-tumba-al-palmer-basket-95-59","status":"publish","type":"post","link":"https:\/\/www.europesays.com\/es\/293922\/","title":{"rendered":"Un Tizona estelar tumba al Palmer Basket (95-59)"},"content":{"rendered":"<p>El Grupo Ureta Tizona Burgos vuelve a sonre\u00edr tras tres jornadas sin hacerlo y maravilla para vencer a un Palmer Basket que ha estado sin ideas y que ha se ha visto por debajo del marcado desde el inicio del encuentro.\u00a0<\/p>\n<p>El equipo burgal\u00e9s empez\u00f3 enchufado desde los primeros minutos de juego, anotando cuatros triples consecutivos para empezar el partido. Los jugadores impusieron su ritmo y se mostraron muy efectivos de cara a canasta durante el primer periodo para dejar una distancia de 18 puntos al descanso. La segunda mitad tuvo el mismo guion que la primera. A pesar de un peque\u00f1a reacci\u00f3n del Palmer Basket, el Tizona sigui\u00f3 realizando su juego y alej\u00f3 m\u00e1s distancias en el marcador para terminar finalmente con 36 puntos por encima (96-56).<\/p>\n<p>Arnau Parrado, m\u00e1ximo anotador con 22 puntos, fue el jugador m\u00e1s destacado de los burgaleses.<\/p>\n<p>FICHA T\u00c9CNICA<\/p>\n<p><strong>Parciales:<\/strong> 22-14, 29-19 (51-33), 17-17 (68-50), 27-9 (95-59).<\/p>\n<p><strong>Grupo Ureta Tizona Burgos (95): <\/strong>Marquis Jackson (17), Felix Terins (0), Arnau Parrado (22), Ram\u00f3n Vil\u00e0 (6), Gabriel Gil (5), Andy Huelves (2), Jan Zidek (15), Javonte Brown (10),\u00a0 Alberto Alonso (3), Gerard Jofresa (11), Ayoze Alonso (4).<\/p>\n<p><strong>Palmer Basket (59):<\/strong>\u00a0Hansel Atencia (5), Duda Sanadze (12), Adri\u00e1n Chapela (8), Ander Urdiain (14), Golden Dike (4), Rub\u00e9n Vicente (0), Jes\u00fas Carralero (5), Nuno S\u00e1 (3), Joshua Roberts (0), \u00c1ngel Comendador (4), Archange Izaw-Bolavie (4).<\/p>\n<p><strong>Equipo arbitral: <\/strong>Quintas \u00c1lvarez, Asier \u2013 Gonz\u00e1lez Cuervo, Francisco \u2013 Calvo Ace\u00f1a, Alejandro.<\/p>\n<p><strong>Incidencias: <\/strong>Partido correspondiente a la decimosegunda jornada de la Primera FEB entre el Grupo Ureta Tizona y el Palmer Basket. Encuentro celebrado en el polideportivo El Plant\u00edo ante 1508 espectadores. Gabriel Gil fue expulsado por faltas por parte de Grupo Ureta Tizona y Jes\u00fas Carralero por parte de Palmer.<\/p>\n<p><strong>(Cr\u00f3nica completa en la edici\u00f3n impresa de ma\u00f1ana del Diario de Burgos)<\/strong><\/p>\n<p>\u00a0<\/p>\n","protected":false},"excerpt":{"rendered":"El Grupo Ureta Tizona Burgos vuelve a sonre\u00edr tras tres jornadas sin hacerlo y maravilla para vencer a&hellip;\n","protected":false},"author":2,"featured_media":293923,"comment_status":"","ping_status":"","sticky":false,"template":"","format":"standard","meta":{"footnotes":""},"categories":[269],"tags":[299,298,29062,168,25,24,23,167],"class_list":{"0":"post-293922","1":"post","2":"type-post","3":"status-publish","4":"format-standard","5":"has-post-thumbnail","7":"category-baloncesto","8":"tag-baloncesto","9":"tag-basketball","10":"tag-cb-tizona","11":"tag-deportes","12":"tag-es","13":"tag-espana","14":"tag-spain","15":"tag-sports"},"share_on_mastodon":{"url":"https:\/\/pubeurope.com\/@es\/115738686526698970","error":""},"_links":{"self":[{"href":"https:\/\/www.europesays.com\/es\/wp-json\/wp\/v2\/posts\/293922","targetHints":{"allow":["GET"]}}],"collection":[{"href":"https:\/\/www.europesays.com\/es\/wp-json\/wp\/v2\/posts"}],"about":[{"href":"https:\/\/www.europesays.com\/es\/wp-json\/wp\/v2\/types\/post"}],"author":[{"embeddable":true,"href":"https:\/\/www.europesays.com\/es\/wp-json\/wp\/v2\/users\/2"}],"replies":[{"embeddable":true,"href":"https:\/\/www.europesays.com\/es\/wp-json\/wp\/v2\/comments?post=293922"}],"version-history":[{"count":0,"href":"https:\/\/www.europesays.com\/es\/wp-json\/wp\/v2\/posts\/293922\/revisions"}],"wp:featuredmedia":[{"embeddable":true,"href":"https:\/\/www.europesays.com\/es\/wp-json\/wp\/v2\/media\/293923"}],"wp:attachment":[{"href":"https:\/\/www.europesays.com\/es\/wp-json\/wp\/v2\/media?parent=293922"}],"wp:term":[{"taxonomy":"category","embeddable":true,"href":"https:\/\/www.europesays.com\/es\/wp-json\/wp\/v2\/categories?post=293922"},{"taxonomy":"post_tag","embeddable":true,"href":"https:\/\/www.europesays.com\/es\/wp-json\/wp\/v2\/tags?post=293922"}],"curies":[{"name":"wp","href":"https:\/\/api.w.org\/{rel}","templated":true}]}}