{"id":293926,"date":"2025-12-18T04:30:16","date_gmt":"2025-12-18T04:30:16","guid":{"rendered":"https:\/\/www.europesays.com\/es\/293926\/"},"modified":"2025-12-18T04:30:16","modified_gmt":"2025-12-18T04:30:16","slug":"lo-hacen-para-provocarme-y-lo-consiguen","status":"publish","type":"post","link":"https:\/\/www.europesays.com\/es\/293926\/","title":{"rendered":"\u201cLo hacen para provocarme y lo consiguen\u201d"},"content":{"rendered":"<p><strong>Cristina Pedroche (37 a\u00f1os)<\/strong> ya acostumbra a visitar el plat\u00f3 de &#8216;El Hormiguero&#8217; cuando se acercan las fechas m\u00e1s se\u00f1aladas del a\u00f1o. La colaboradora de &#8216;Zapeando&#8217; lleva siendo l<strong>a presentadora de las Campanadas desde hace 11 a\u00f1os,<\/strong> cuando en 2014 debut\u00f3 con un impresionante traje negro estilo &#8216;medusa&#8217;, con transparencias y encaje bordado. El a\u00f1o pasado<a href=\"https:\/\/www.lecturas.com\/actualidad\/cristina-pedroche-impacta-campanadas-2025-embarazada-minusculo-vestido-joya-hecho-su-leche-materna_168156\" rel=\"nofollow noopener\" target=\"_blank\"> tambi\u00e9n impact\u00f3 como nunca.\u00a0<\/a><\/p>\n<p><img decoding=\"async\" src=\"https:\/\/www.europesays.com\/es\/wp-content\/uploads\/2025\/12\/ana-o_74a445e5_251217143401_800x800.webp.webp\" alt=\"Ana O\" class=\"image lazyload\"\/><img loading=\"lazy\" decoding=\"async\" src=\"https:\/\/www.europesays.com\/es\/wp-content\/uploads\/2025\/12\/ana-o_74a445e5_251217143343_1280x720.webp.webp\" alt=\"As\u00ed hablaba Ana Obreg\u00f3n en 1981 cuando conoci\u00f3 a Jeffrey Epstein: &quot;Por desgracia estoy enamorada. Es un hombre americano que tiene un car\u00e1cter dif\u00edcil\u201d\" class=\"image lazyload\" width=\"1280\" height=\"720\" data-aspectratio=\"1280\/720\"\/><\/p>\n<p>Ahora, la mujer de <strong>Dabiz Mu\u00f1oz (45 a\u00f1os)<\/strong> -de quien ha acudido acompa\u00f1ada- ha llegado pisando el plat\u00f3 de Antena 3 <strong>con m\u00e1s fuerza que nunca<\/strong>. Y lo ha hecho a trav\u00e9s de una confesi\u00f3n que ha dejado a p\u00fablico, presentador e incluso al propio Mu\u00f1oz, <strong>de piedra<\/strong>.\u00a0<\/p>\n<p>Pedroche se abre en canal sobre su relaci\u00f3n\u00a0<img loading=\"lazy\" decoding=\"async\"   src=\"https:\/\/www.europesays.com\/es\/wp-content\/uploads\/2025\/12\/pedroche_f2f5e5a2_251217231128_1200x777.webp.webp\" alt=\"Pedroche\" class=\"lazyload\" width=\"1200\" height=\"777\" data-aspectratio=\"1200\/777\"\/><\/p>\n<p>Cristina y Dabiz llevan casados desde octubre de 2015, tras conocerse a finales de 2014.\u00a0<\/p>\n<p>&#13;GTRES<\/p>\n<p>Ante la expectante espera para el pr\u00f3ximo 31 de diciembre, Cristina Pedroche ha ido calentando motores para una noche m\u00e1gica para ella desde hace 11 a\u00f1os. Con la siempre inc\u00f3gnita de <strong>cu\u00e1l ser\u00e1 el pr\u00f3ximo vestido<\/strong>\u00a0que porte la noche de Fin de A\u00f1o, la colaboradora de televisi\u00f3n se ha dejado conocer <strong>un poco m\u00e1s <\/strong>en el programa de Motos.\u00a0<\/p>\n<p>Y es que, Pedroche, ha sentenciado alto y claro que \u00ab<strong>soy\u00a0vallecana a muerte y del Rayo Vallecano<\/strong>\u00ab, en referencia al club de f\u00fatbol profesional de Vallecas. Un comentario que, por lo visto, le <strong>pica especialmente <\/strong>a su pareja, el tambi\u00e9n televisivo Dabiz Mu\u00f1oz. \u00ab<strong>Aunque mi hija no lo s\u00e9 si lo es. Ha sido nuestra primera discusi\u00f3n\u00bb<\/strong>, ha proseguido Pedroche.\u00a0<\/p>\n<p>Una discusi\u00f3n frecuente con Dabiz Mu\u00f1oz\u00a0<img loading=\"lazy\" decoding=\"async\"   src=\"https:\/\/www.europesays.com\/es\/wp-content\/uploads\/2025\/12\/dabiz-munoz_08bc1915_251217231321_1200x619.webp.webp\" alt=\"Dabiz Mu\u00f1oz\" class=\"lazyload\" width=\"1200\" height=\"619\" data-aspectratio=\"1200\/619\"\/><\/p>\n<p>El chef ha visto la entrevista de Motos a su mujer como si fuera uno m\u00e1s entre los asistentes de p\u00fablico, en las gradas.<\/p>\n<p>&#13;ATRESMEDIA<\/p>\n<p>Cristina es muy dada a contar su vida personal en su perfil oficial de Instagram. Raro es que la an\u00e9cdota que le ha compartido a <strong>Pablo Motos<\/strong> no hubiera sido contada anteriormente, hecho que ha provocado al presentador<strong> una enorme impresi\u00f3n.<\/strong> Pedroche, por su parte, ha querido dejar claro que <strong>esta sentencia deportista le ha costado<\/strong> m\u00e1s de una disputa con el chef: <strong>\u00abDespu\u00e9s me ha tocado discutir con el padre\u00bb<\/strong>, ha a\u00f1adido.\u00a0<\/p>\n<p>La presentadora de las campanadas de Antena 3 ha confesado que le est\u00e1 inculcando su pasi\u00f3n por el club vallecano a su hija Laia: \u00abYo le digo <strong>\u2018vamos, rayo\u2019<\/strong> y ella m\u00e1s o menos como pod\u00eda dec\u00eda <strong>\u2018rayo\u2019 <\/strong>y ahora dice de repente <strong>\u2018Atletic\u2019<\/strong> y yo &#8216;\u00bfc\u00f3mo?'\u00bb, ha concretado Pedroche despertando las risas del p\u00fablico.\u00a0<\/p>\n<p>Pero no le ha bastado a la televisiva, que ha defendido que \u00ab<strong>la hija es de los dos, pero yo la he parido y la he tenido 9 meses<\/strong>. Ella y mi hijo son socios del club. Ella lo hace para provocarme y lo consigue\u00bb, sentenciando que no entiende porqu\u00e9 su hija tan peque\u00f1a no es de su bando. \u00abElla y Dabiz. <strong>Tengo tres hijos. Laia, Isai y Dabiz<\/strong>\u00ab, sentenciando que el chef tambi\u00e9n consigue chincharle constantemente por su decisi\u00f3n futbol\u00edstica.\u00a0<\/p>\n<p>\u00a0<\/p>\n<p>\u00a0<\/p>\n","protected":false},"excerpt":{"rendered":"Cristina Pedroche (37 a\u00f1os) ya acostumbra a visitar el plat\u00f3 de &#8216;El Hormiguero&#8217; cuando se acercan las fechas&hellip;\n","protected":false},"author":2,"featured_media":293927,"comment_status":"","ping_status":"","sticky":false,"template":"","format":"standard","meta":{"footnotes":""},"categories":[174],"tags":[255,146,147,25,24,256,23],"class_list":{"0":"post-293926","1":"post","2":"type-post","3":"status-publish","4":"format-standard","5":"has-post-thumbnail","7":"category-famosos","8":"tag-celebrities","9":"tag-entertainment","10":"tag-entretenimiento","11":"tag-es","12":"tag-espana","13":"tag-famosos","14":"tag-spain"},"share_on_mastodon":{"url":"https:\/\/pubeurope.com\/@es\/115738694866630839","error":""},"_links":{"self":[{"href":"https:\/\/www.europesays.com\/es\/wp-json\/wp\/v2\/posts\/293926","targetHints":{"allow":["GET"]}}],"collection":[{"href":"https:\/\/www.europesays.com\/es\/wp-json\/wp\/v2\/posts"}],"about":[{"href":"https:\/\/www.europesays.com\/es\/wp-json\/wp\/v2\/types\/post"}],"author":[{"embeddable":true,"href":"https:\/\/www.europesays.com\/es\/wp-json\/wp\/v2\/users\/2"}],"replies":[{"embeddable":true,"href":"https:\/\/www.europesays.com\/es\/wp-json\/wp\/v2\/comments?post=293926"}],"version-history":[{"count":0,"href":"https:\/\/www.europesays.com\/es\/wp-json\/wp\/v2\/posts\/293926\/revisions"}],"wp:featuredmedia":[{"embeddable":true,"href":"https:\/\/www.europesays.com\/es\/wp-json\/wp\/v2\/media\/293927"}],"wp:attachment":[{"href":"https:\/\/www.europesays.com\/es\/wp-json\/wp\/v2\/media?parent=293926"}],"wp:term":[{"taxonomy":"category","embeddable":true,"href":"https:\/\/www.europesays.com\/es\/wp-json\/wp\/v2\/categories?post=293926"},{"taxonomy":"post_tag","embeddable":true,"href":"https:\/\/www.europesays.com\/es\/wp-json\/wp\/v2\/tags?post=293926"}],"curies":[{"name":"wp","href":"https:\/\/api.w.org\/{rel}","templated":true}]}}