{"id":293940,"date":"2025-12-18T04:43:19","date_gmt":"2025-12-18T04:43:19","guid":{"rendered":"https:\/\/www.europesays.com\/es\/293940\/"},"modified":"2025-12-18T04:43:19","modified_gmt":"2025-12-18T04:43:19","slug":"julian-hernandez-siniestro-total-responde-con-una-pregunta-a-la-gente-de-ahi-abajo-tras-las-palabras-de-feijoo-sobre-los-andaluces","status":"publish","type":"post","link":"https:\/\/www.europesays.com\/es\/293940\/","title":{"rendered":"Juli\u00e1n Hern\u00e1ndez (Siniestro Total) responde con una pregunta a la gente de &#8216;ah\u00ed abajo&#8217; tras las palabras de Feij\u00f3o sobre los andaluces"},"content":{"rendered":"<p>\u00abY s\u00e9 que los andaluces no est\u00e1n de acuerdo, <b>pero no saben contar\u00bb<\/b>. Esas palabras, pronunciadas por el l\u00edder del PP, Alberto N\u00fa\u00f1ez Feij\u00f3o, durante la cena de Navidad del partido<a href=\"https:\/\/www.huffingtonpost.es\/virales\/feijoo-dice-galicia-los-mayores-kilometros-costa-espana-encima-andalucia-pablo-carbonell-le-da-puntilla-f202512.html\" rel=\"nofollow noopener\" target=\"_blank\">, llevan camino de convertirse en una de las declaraciones m\u00e1s sonadas <\/a>de este fin de a\u00f1o.<\/p>\n<p>En el evento, Feij\u00f3o quiso demostrar su amor por su tierra, Galicia, pero lo hizo de una forma que <b>ha acabado volvi\u00e9ndose en contra<\/b> porque <a href=\"https:\/\/www.huffingtonpost.es\/virales\/dice-feijoo-andaluces-no-contar-llega-rufian-le-saca-cuentas-pp-arrasa-nunca-f202512.html\" rel=\"nofollow noopener\" target=\"_blank\">est\u00e1 generando una multitud de cr\u00edticas y respuestas,<\/a> sobre todo procedentes del sur de Espa\u00f1a.<\/p>\n<p><b>\u00abHay muy pocas tierras como Galicia.<\/b> Galicia realmente es un bosque. El 47% de la madera de Espa\u00f1a, que est\u00e1 regada por agua dulce, 600 r\u00edos interiores, y circunvalada por agua salada\u00bb, empez\u00f3 diciendo Feij\u00f3o.<\/p>\n<p>Lo pol\u00e9mico lleg\u00f3 justo despu\u00e9s: \u00ab<b>Tenemos los mayores kil\u00f3metros de costa de Espa\u00f1a<\/b>. Y s\u00e9 que los andaluces no est\u00e1n de acuerdo, pero no saben contar. Las r\u00edas tienen doble costa y, por lo tanto, el lugar con m\u00e1s kil\u00f3metros de costa de Espa\u00f1a\u00bb.<\/p>\n<p>Los datos de le dan la raz\u00f3n, pero&#8230;\u00a0<\/p>\n<p>Feij\u00f3o tiene raz\u00f3n con los datos en la mano (<b>Galicia tiene entre 1.498 y 1.629 kil\u00f3metros de costa<\/b>, dependiendo de la medici\u00f3n frente a los 910 a 945 de Andaluc\u00eda), pero la forma de decirlo est\u00e1 provocando una gran polvareda.<\/p>\n<p>Uno de los que ha respondido ha sido el gallego Juli\u00e1n Hern\u00e1ndez, miembro de Siniestro Total, quien ha se\u00f1alado: <b>\u00abEn Galicia hay kil\u00f3metros de 1.524 metros. En Andaluc\u00eda el kil\u00f3metro no pasa de 999 metros.<\/b> Aqu\u00ed ya lo sab\u00edamos y nos ha ido siempre como el puto culo. \u00bfEn serio pens\u00e1is votar tambi\u00e9n a esta gente por ah\u00ed abajo?\u00bb.<\/p>\n<p>\u00ab\u00bfEn serio pens\u00e1is votar tambi\u00e9n a esta gente por ah\u00ed abajo?\u00bb<\/p>\n<p>En el mismo sentido ha respondido el c\u00f3mico y m\u00fasico Pablo Carbonell, quien ha apuntado: \u00abSin entrar en pol\u00e9micas de costa, le dir\u00e9 como andaluz que no hay kil\u00f3metros mayores o menores. <b>Oh sorpresa, todos los kil\u00f3metros tienen mil metros\u00bb.<\/b><\/p>\n<p>Hasta Alejandro Sanz ha tenido que replicar: \u00abUn, dos, tres, cuatro, cinco, seis, siete, ocho, nueve, diez. Un dos. <b>As\u00ed se cuenta en Andaluc\u00eda<\/b>\u00ab, ha afirmado Sanz en la publicaci\u00f3n\u00bb.<\/p>\n","protected":false},"excerpt":{"rendered":"\u00abY s\u00e9 que los andaluces no est\u00e1n de acuerdo, pero no saben contar\u00bb. Esas palabras, pronunciadas por el&hellip;\n","protected":false},"author":2,"featured_media":293941,"comment_status":"","ping_status":"","sticky":false,"template":"","format":"standard","meta":{"footnotes":""},"categories":[8],"tags":[6069,259,17,18,25,24,13,14,816,11,19,20,9,10,15,16,1276,23,12,21,22],"class_list":{"0":"post-293940","1":"post","2":"type-post","3":"status-publish","4":"format-standard","5":"has-post-thumbnail","7":"category-espana","8":"tag-alberto-nunez-feijoo","9":"tag-andalucia","10":"tag-breaking-news","11":"tag-breakingnews","12":"tag-es","13":"tag-espana","14":"tag-featured-news","15":"tag-featurednews","16":"tag-galicia","17":"tag-headlines","18":"tag-latest-news","19":"tag-latestnews","20":"tag-news","21":"tag-noticias","22":"tag-noticias-destacadas","23":"tag-noticiasdestacadas","24":"tag-siniestro-total","25":"tag-spain","26":"tag-titulares","27":"tag-ultimas-noticias","28":"tag-ultimasnoticias"},"share_on_mastodon":{"url":"https:\/\/pubeurope.com\/@es\/115738745617316857","error":""},"_links":{"self":[{"href":"https:\/\/www.europesays.com\/es\/wp-json\/wp\/v2\/posts\/293940","targetHints":{"allow":["GET"]}}],"collection":[{"href":"https:\/\/www.europesays.com\/es\/wp-json\/wp\/v2\/posts"}],"about":[{"href":"https:\/\/www.europesays.com\/es\/wp-json\/wp\/v2\/types\/post"}],"author":[{"embeddable":true,"href":"https:\/\/www.europesays.com\/es\/wp-json\/wp\/v2\/users\/2"}],"replies":[{"embeddable":true,"href":"https:\/\/www.europesays.com\/es\/wp-json\/wp\/v2\/comments?post=293940"}],"version-history":[{"count":0,"href":"https:\/\/www.europesays.com\/es\/wp-json\/wp\/v2\/posts\/293940\/revisions"}],"wp:featuredmedia":[{"embeddable":true,"href":"https:\/\/www.europesays.com\/es\/wp-json\/wp\/v2\/media\/293941"}],"wp:attachment":[{"href":"https:\/\/www.europesays.com\/es\/wp-json\/wp\/v2\/media?parent=293940"}],"wp:term":[{"taxonomy":"category","embeddable":true,"href":"https:\/\/www.europesays.com\/es\/wp-json\/wp\/v2\/categories?post=293940"},{"taxonomy":"post_tag","embeddable":true,"href":"https:\/\/www.europesays.com\/es\/wp-json\/wp\/v2\/tags?post=293940"}],"curies":[{"name":"wp","href":"https:\/\/api.w.org\/{rel}","templated":true}]}}