{"id":293942,"date":"2025-12-18T04:44:12","date_gmt":"2025-12-18T04:44:12","guid":{"rendered":"https:\/\/www.europesays.com\/es\/293942\/"},"modified":"2025-12-18T04:44:12","modified_gmt":"2025-12-18T04:44:12","slug":"este-el-recorrido-de-la-vuelta-2026-del-casino-de-monaco","status":"publish","type":"post","link":"https:\/\/www.europesays.com\/es\/293942\/","title":{"rendered":"\u00c9ste el recorrido de La Vuelta 2026: del Casino de M\u00f3naco&#8230;"},"content":{"rendered":"<p>                    M\u00e1s de 58.000 metros de desnivel positivo en una de las ediciones m\u00e1s duras de la historia, que se divide en dos contrarrelojes, siete etapas de monta\u00f1a, cuatro de media monta\u00f1a y ocho llanas.<\/p>\n<p class=\"c-mainarticle__date\">\n<p>                    17 de diciembre de 2025 (19:54 CET)<\/p>\n<p>                                                                                                                                        <img fetchpriority=\"high\" decoding=\"async\" src=\"https:\/\/www.europesays.com\/es\/wp-content\/uploads\/2025\/12\/e-ste-el-recorrido-de-la-vuelta-2026.jpeg\" alt=\"E\u0301ste el recorrido de La Vuelta 2026\" title=\"E\u0301ste el recorrido de La Vuelta 2026\" class=\"c-mainarticle__img\" loading=\"eager\" width=\"790\" height=\"454\"\/><\/p>\n<p>                    E\u0301ste el recorrido de La Vuelta 2026<\/p>\n<p>Con M\u00f3naco desvelado con antelaci\u00f3n como sede de la salida oficial y con los detalles de la contrarreloj individual inaugural ya conocidos, la gran novedad de la presentaci\u00f3n del recorrido de La Vuelta 26, celebrada este mi\u00e9rcoles tambi\u00e9n en el Principado en presencia de S.A.S. el Pr\u00edncipe Alberto II de M\u00f3naco, fue que la etapa final de la 81\u00aa edici\u00f3n concluir\u00e1 en la hist\u00f3rica ciudad de Granada, con protagonismo del emblema de la ciudad: la Alhambra.<\/p>\n<blockquote><p>&#13;<\/p>\n<p>Granada se convierte as\u00ed en la octava ciudad en coronar al ganador final, tras Madrid, Bilbao, San Sebasti\u00e1n, Miranda de Ebro, Salamanca, Jerez de la Frontera y Santiago de Compostela. Desde 1986, la carrera hab\u00eda terminado siempre en Madrid o en Santiago de Compostela<\/p>\n<p>&#13;\n<\/p><\/blockquote>\n<p>\u201cLa Vuelta 26 seguir\u00e1 manteniendo el car\u00e1cter internacional del evento\u00bb, afirm\u00f3 el director general Javier Guill\u00e9n. \u00abSer\u00e1 una edici\u00f3n con un marcado car\u00e1cter mediterr\u00e1neo, desde su inicio hasta el final en Andaluc\u00eda. M\u00f3naco marcar\u00e1 un arranque prestigioso para una edici\u00f3n que visitar\u00e1 ciudades hist\u00f3ricas, puertos de monta\u00f1a que forman parte de nuestra historia y ascensiones in\u00e9ditas, antes de finalizar en un enclave \u00fanico como la Alhambra, la fortaleza roja de Granada\u00bb.<\/p>\n<blockquote class=\"twitter-tweet\"><p>&#13;<\/p>\n<p dir=\"ltr\" lang=\"fr\">\ud835\udd44\ud835\udd60\ud835\udd5f\ud835\udd52\ud835\udd54\ud835\udd60 \ud83c\uddf2\ud83c\udde8<\/p>\n<p>Where our next epic journey begins \u2728<\/p>\n<p>Donde comienza nuestro pr\u00f3ximo viaje \u2728<\/p>\n<p>L\u00e0 o\u00f9 commence notre futur voyage \u2728<a href=\"https:\/\/twitter.com\/hashtag\/LaVuelta26?src=hash&amp;ref_src=twsrc%5Etfw\" rel=\"nofollow noopener\" target=\"_blank\">#LaVuelta26<\/a> <a href=\"https:\/\/t.co\/Qm1kYwublJ\" rel=\"nofollow\">pic.twitter.com\/Qm1kYwublJ<\/a><\/p>\n<p>&#13;<br \/>\n\u2014 La Vuelta (@lavuelta) <a href=\"https:\/\/twitter.com\/lavuelta\/status\/2001359202414137494?ref_src=twsrc%5Etfw\" rel=\"nofollow noopener\" target=\"_blank\">December 17, 2025<\/a>\n<\/p><\/blockquote>\n<p>Como ya ocurri\u00f3 en 2025 tras el inicio de la carrera en Piamonte (Italia), Francia servir\u00e1 de enlace entre la salida y la Pen\u00ednsula Ib\u00e9rica, con un final apto para velocistas y corredores explosivos en Manosque y una llegada en alto m\u00e1s exigente en Font-Romeu.<\/p>\n<blockquote><p>&#13;<\/p>\n<p>La entrada en los Pirineos anuncia una concentraci\u00f3n de monta\u00f1a en el otro principado, Andorra, que aparece en el recorrido de La Vuelta por 25\u00aa vez (desde 1965) y ofrecer\u00e1 una secuencia de Port d\u2019Envalira, Beixalis, Coll d\u2019Ordino y Alto de la Comella en apenas 104 kil\u00f3metros, \u00edntegramente dentro de su territorio<\/p>\n<p>&#13;\n<\/p><\/blockquote>\n<p><img decoding=\"async\" loading=\"lazy\" alt=\"De Mo\u0301naco a Granada, la Vuelta 2026 ofrece montan\u0303a, una crono larga y alicientes diarios.\" data-id=\"14705515\" data-resize=\"null\" height=\"1310\" src=\"https:\/\/www.europesays.com\/es\/wp-content\/uploads\/2025\/12\/de-mo-naco-a-granada-la-vuelta-2026-ofrece-montan-a-una-crono-larga-y-alicientes-diarios.jpeg\" title=\"De Mo\u0301naco a Granada, la Vuelta 2026 ofrece montan\u0303a, una crono larga y alicientes diarios.\" width=\"1920\"\/>&#13;<br \/>\nDe Mo\u0301naco a Granada, la Vuelta 2026 ofrece montan\u0303a, una crono larga y alicientes diarios.&#13;<\/p>\n<p>Esto permite al arquitecto del recorrido, Fernando Escart\u00edn, trazar el panorama general y advertir a los corredores: \u201c\u00a1Es un recorrido muy duro! La monta\u00f1a tendr\u00e1 un papel protagonista en una de las ediciones m\u00e1s dif\u00edciles de la historia de La Vuelta. Andorra marcar\u00e1 el tono al inicio de la carrera con una etapa corta pero muy exigente, antes de afrontar ascensiones como Valdelinares, Aitana, Calar Alto, La Pandera, Pe\u00f1as Blancas y el in\u00e9dito Collado del Alguacil, en una \u00faltima jornada de alta monta\u00f1a que promete ser extremadamente dura. Adem\u00e1s, habr\u00e1 varias etapas de media monta\u00f1a que seguro nos ofrecer\u00e1n un gran espect\u00e1culo\u00bb.<\/p>\n<p><img decoding=\"async\" loading=\"lazy\" alt=\"G8ZDsKgXkAEZCe0\" data-id=\"14705423\" data-resize=\"null\" height=\"2048\" src=\"https:\/\/www.europesays.com\/es\/wp-content\/uploads\/2025\/12\/g8zdskgxkaezce0.jpeg\" title=\"G8ZDsKgXkAEZCe0\" width=\"1638\"\/><\/p>\n<p>En su mayor parte, se trata de regresos a finales en alto ya conocidos. Valdelinares no acog\u00eda La Vuelta desde la fiesta colombiana de 2014, cuando Winner Anacona se llev\u00f3 la victoria de etapa y Nairo Quintana se convirti\u00f3 en nuevo l\u00edder de la carrera. El \u00faltimo corredor en imponerse en el Alto de Aitana fue el franc\u00e9s Pierre Latour en 2016. Su sucesor deber\u00e1 sacar el m\u00e1ximo partido a m\u00e1s de 5.000 metros de desnivel positivo. Quien gane en Calar Alto habr\u00e1 ascendido previamente el Alto de Velefique, como hizo el colombiano Miguel \u00c1ngel L\u00f3pez, vencedor en el observatorio de la provincia de Almer\u00eda en 2017.<\/p>\n<blockquote><p>&#13;<\/p>\n<p>La Sierra de la Pandera est\u00e1 m\u00e1s fresca en la memoria gracias al triunfo del ecuatoriano Richard Carapaz en 2022, a\u00f1o en el que tambi\u00e9n fue el primero en llegar a Pe\u00f1as Blancas<\/p>\n<p>&#13;\n<\/p><\/blockquote>\n<p>Dos nuevos desaf\u00edos esperan al pelot\u00f3n: un tramo de 3,5 km de camino de tierrahacia el El Bartolo, situado a 16 km de la l\u00ednea de meta de la etapa 6 en Castell\u00f3n, y el Collado del Alguacil, la \u00faltima subida y ni mucho menos la menos exigente, ya que sus m\u00e1s de ocho kil\u00f3metros presentan rampas especialmente duras, con pendientes de hasta el 20 %.<\/p>\n<blockquote><p>&#13;<\/p>\n<p>El final de la etapa 20 ser\u00e1 una ascensi\u00f3n in\u00e9dita en La Vuelta, que pondr\u00e1 el broche a una jornada marcada en Sierra Nevada por el doble paso por el Alto de Hazallanas<\/p>\n<p>&#13;\n<\/p><\/blockquote>\n<p>Mientras los especialistas contra el reloj disfrutar\u00e1n de una etapa m\u00e1s larga que en los \u00faltimos a\u00f1os, con 32,5 km de terreno bastante llano entre El Puerto de Santa Mar\u00eda y Jerez de la Frontera, adem\u00e1s de los 9 km en M\u00f3naco el primer d\u00eda, los velocistas dispondr\u00e1n de cuatro o cinco etapas para lucirse, compartiendo oportunidades con los corredores explosivos, incluso en la \u00faltima jornada, ya que la meta en la Alhambra de Granada se sit\u00faa en lo alto de una subida de alrededor de un kil\u00f3metro, en un espectacular circuito al que se dar\u00e1 cuatro vueltas.<\/p>\n<blockquote><p>&#13;<\/p>\n<p>As\u00ed se pondr\u00e1 punto final a tres semanas de competici\u00f3n en un entorno incomparable, aut\u00e9ntico meca de la cultura y la historia<\/p>\n<p>&#13;\n<\/p><\/blockquote>\n<p><script async src=\"https:\/\/platform.twitter.com\/widgets.js\" charset=\"utf-8\"><\/script><\/p>\n","protected":false},"excerpt":{"rendered":"M\u00e1s de 58.000 metros de desnivel positivo en una de las ediciones m\u00e1s duras de la historia, que&hellip;\n","protected":false},"author":2,"featured_media":293943,"comment_status":"","ping_status":"","sticky":false,"template":"","format":"standard","meta":{"footnotes":""},"categories":[5],"tags":[17,18,25,24,13,14,11,19,20,9,10,15,16,23,12,21,22],"class_list":{"0":"post-293942","1":"post","2":"type-post","3":"status-publish","4":"format-standard","5":"has-post-thumbnail","7":"category-titulares","8":"tag-breaking-news","9":"tag-breakingnews","10":"tag-es","11":"tag-espana","12":"tag-featured-news","13":"tag-featurednews","14":"tag-headlines","15":"tag-latest-news","16":"tag-latestnews","17":"tag-news","18":"tag-noticias","19":"tag-noticias-destacadas","20":"tag-noticiasdestacadas","21":"tag-spain","22":"tag-titulares","23":"tag-ultimas-noticias","24":"tag-ultimasnoticias"},"share_on_mastodon":{"url":"https:\/\/pubeurope.com\/@es\/115738749780605070","error":""},"_links":{"self":[{"href":"https:\/\/www.europesays.com\/es\/wp-json\/wp\/v2\/posts\/293942","targetHints":{"allow":["GET"]}}],"collection":[{"href":"https:\/\/www.europesays.com\/es\/wp-json\/wp\/v2\/posts"}],"about":[{"href":"https:\/\/www.europesays.com\/es\/wp-json\/wp\/v2\/types\/post"}],"author":[{"embeddable":true,"href":"https:\/\/www.europesays.com\/es\/wp-json\/wp\/v2\/users\/2"}],"replies":[{"embeddable":true,"href":"https:\/\/www.europesays.com\/es\/wp-json\/wp\/v2\/comments?post=293942"}],"version-history":[{"count":0,"href":"https:\/\/www.europesays.com\/es\/wp-json\/wp\/v2\/posts\/293942\/revisions"}],"wp:featuredmedia":[{"embeddable":true,"href":"https:\/\/www.europesays.com\/es\/wp-json\/wp\/v2\/media\/293943"}],"wp:attachment":[{"href":"https:\/\/www.europesays.com\/es\/wp-json\/wp\/v2\/media?parent=293942"}],"wp:term":[{"taxonomy":"category","embeddable":true,"href":"https:\/\/www.europesays.com\/es\/wp-json\/wp\/v2\/categories?post=293942"},{"taxonomy":"post_tag","embeddable":true,"href":"https:\/\/www.europesays.com\/es\/wp-json\/wp\/v2\/tags?post=293942"}],"curies":[{"name":"wp","href":"https:\/\/api.w.org\/{rel}","templated":true}]}}