{"id":293952,"date":"2025-12-18T05:01:11","date_gmt":"2025-12-18T05:01:11","guid":{"rendered":"https:\/\/www.europesays.com\/es\/293952\/"},"modified":"2025-12-18T05:01:11","modified_gmt":"2025-12-18T05:01:11","slug":"supergripe-h3n2-que-es-la-vacuna-y-como-se-prepara-chile-para-su-llegada","status":"publish","type":"post","link":"https:\/\/www.europesays.com\/es\/293952\/","title":{"rendered":"\u2018Supergripe\u2019 H3N2: qu\u00e9 es, la vacuna y c\u00f3mo se prepara Chile para su llegada"},"content":{"rendered":"<p class=\"\">El ministerio de Salud de Chile ha anunciado durante este martes la implementaci\u00f3n de un plan para enfrentar el posible arribo al pa\u00eds sudamericano de la<a href=\"https:\/\/elpais.com\/mexico\/2025-12-16\/salud-descarta-riesgos-por-la-supergripe-h3n2-tenemos-suficientes-vacunas.html\" target=\"_self\" rel=\"nofollow noopener\" title=\"https:\/\/elpais.com\/mexico\/2025-12-16\/salud-descarta-riesgos-por-la-supergripe-h3n2-tenemos-suficientes-vacunas.html\"> influenza AH3N2<\/a>, conocida como supergripe, est\u00e1 vinculada al aumento de los casos de gripe en el hemisferio norte. La ministra Ximena Aguilera ha expuesto ante la comisi\u00f3n de Salud de la C\u00e1mara de Diputados las medidas para abordar el eventual arribo del subclado K de la influenza, que se ha detectado en 34 pa\u00edses y que recientemente ha sido hallado en Per\u00fa.<\/p>\n<p>\u00bfQu\u00e9 es la influenza A H3N2?<\/p>\n<p class=\"\">La influenza A H3N2 es un subtipo de influenza estacional relacionada al subclado K (J.2.4.1). <a href=\"https:\/\/elpais.com\/sociedad\/2025-11-27\/una-gripe-adelantada-y-con-mutaciones-siete-claves-de-una-temporada-atipica-que-pone-en-alerta-a-las-autoridades.html\" target=\"_self\" rel=\"nofollow noopener\" title=\"https:\/\/elpais.com\/sociedad\/2025-11-27\/una-gripe-adelantada-y-con-mutaciones-siete-claves-de-una-temporada-atipica-que-pone-en-alerta-a-las-autoridades.html\">Su circulaci\u00f3n ha crecido con fuerza en los pa\u00edses de Asia y Europa<\/a>, donde est\u00e1 asociada a gran parte de las muestras analizadas entre los pacientes por su evasi\u00f3n a la respuesta inmune. <a href=\"https:\/\/www.paho.org\/es\/noticias\/12-12-2025-ante-aumento-global-subclado-k-influenza-ah3n2-ops-llama-reforzar-vacunacion\" target=\"_blank\" rel=\"nofollow noopener\" title=\"https:\/\/www.paho.org\/es\/noticias\/12-12-2025-ante-aumento-global-subclado-k-influenza-ah3n2-ops-llama-reforzar-vacunacion\">La Organizaci\u00f3n Panamericana de la Salud (OPS)<\/a> ha se\u00f1alado que desde los pa\u00edses en donde la H3N2 est\u00e1 presente no se han reportado cambios significativos en la gravedad cl\u00ednica, pero hist\u00f3ricamente las temporadas dominadas por esta gripe afectan a las personas mayores. Los s\u00edntomas entre los enfermos son similares a los de las otras variantes de la gripe: tos, fiebre alta, cansancio y dolor articular, entre otros.<\/p>\n<p>C\u00f3mo se previene el contagio<\/p>\n<p class=\"\">Las infecciones por esta gripe se pueden evitar de la misma forma como se hace con los otros subtipos de influenza. La transmisi\u00f3n se evita con el correcto lavado de manos, cubrirse al toser o estornudar y quedarse en casa en caso de fiebre o s\u00edntomas asociados a la enfermedad.<\/p>\n<p>\u00bfHay casos de influenza A H3N2 en Chile?<\/p>\n<p class=\"\">La ministra Aguilera ha afirmado ante los diputados que hasta ahora Chile no ha encontrado ning\u00fan caso del subclado K en su territorio nacional. El Instituto de Salud P\u00fablica (ISP), la entidad a cargo de regular el sistema sanitario chileno, ha reforzado la vigilancia gen\u00f3mica para encontrar la variante de manera r\u00e1pida para frenar su expansi\u00f3n.<\/p>\n<p>El plan de Chile para enfrentar la gripe<\/p>\n<p class=\"\">El Gobierno ha explicado tiene varias medidas para enfrentar el arribo de la supergripe al pa\u00eds. \u201cChile se prepara desde ya con todas las herramientas disponibles. Hemos aprendido de experiencias anteriores y estamos actuando de manera anticipada y coordinada para proteger la salud de la poblaci\u00f3n, especialmente de los grupos m\u00e1s vulnerables\u201d, ha dicho la ministra Aguilera. Entre las medidas presentadas por la autoridad est\u00e1 la implementaci\u00f3n de un Sistema de Alerta Temprana con monitoreo permanente; el reforzamiento de la comunicaci\u00f3n de riesgo para los viajeros; el inicio anticipado de Campa\u00f1a de Invierno 2026; la disposici\u00f3n de antivirales y gu\u00edas cl\u00ednicas actualizadas; una Alerta Sanitaria Preventiva, que se activa desde marzo de 2026 y que se instruye el uso obligatorio de mascarilla en servicios de urgencia; el ajuste de capacidad asistencial y organizaci\u00f3n de servicios para enfrentar una eventual sobrecarga; y un sistema de alerta en conjunto con el Servicio Nacional de Prevenci\u00f3n y Respuesta ante Desastres (Senapred).<\/p>\n<p>\u00bfLa \u2018supergripe\u2019 tiene vacuna?<\/p>\n<p class=\"\">La ministra de Salud chilena ha explicado que <a href=\"https:\/\/elpais.com\/espana\/madrid\/2025-12-16\/noche-critica-en-las-urgencias-de-madrid-camas-improvisadas-en-salas-de-espera-personal-al-limite-y-hasta-pacientes-con-cancer-sin-medico.html\" target=\"_self\" rel=\"nofollow noopener\" title=\"https:\/\/elpais.com\/espana\/madrid\/2025-12-16\/noche-critica-en-las-urgencias-de-madrid-camas-improvisadas-en-salas-de-espera-personal-al-limite-y-hasta-pacientes-con-cancer-sin-medico.html\">los pa\u00edses del hemisferio norte<\/a> no cuentan con una vacuna que considere esta variante, pero ha aclarado que en el plan de inmunizaci\u00f3n chileno s\u00ed existe una f\u00f3rmula que la considera. \u201cA diferencia del hemisferio norte, cuya vacuna no calza completamente con esta nueva variante, nosotros contaremos con una vacuna que incluye la cepa H3N2 de Singapur, que s\u00ed reacciona contra este subclado. Esto nos da un mejor nivel de protecci\u00f3n\u201d, ha dicho. El adelanto de la Campa\u00f1a de Invierno 2026 implica que la entrega de las dosis \u2014que se entregan a las personas mayores, ni\u00f1os peque\u00f1os, mujeres embarazadas y otras personas vulnerables\u2014 comenzar\u00e1 el 1 de marzo de 2026.<\/p>\n","protected":false},"excerpt":{"rendered":"El ministerio de Salud de Chile ha anunciado durante este martes la implementaci\u00f3n de un plan para enfrentar&hellip;\n","protected":false},"author":2,"featured_media":293953,"comment_status":"","ping_status":"","sticky":false,"template":"","format":"standard","meta":{"footnotes":""},"categories":[92],"tags":[889,2047,8995,25,24,7749,40150,165,1804,11334,166,1452,23,1454],"class_list":{"0":"post-293952","1":"post","2":"type-post","3":"status-publish","4":"format-standard","5":"has-post-thumbnail","7":"category-salud","8":"tag-america","9":"tag-chile","10":"tag-enfermedades-infecciosas","11":"tag-es","12":"tag-espana","13":"tag-gripe","14":"tag-gripe-a","15":"tag-health","16":"tag-latinoamerica","17":"tag-ops","18":"tag-salud","19":"tag-salud-publica","20":"tag-spain","21":"tag-vacunas"},"share_on_mastodon":{"url":"https:\/\/pubeurope.com\/@es\/115738816431575219","error":""},"_links":{"self":[{"href":"https:\/\/www.europesays.com\/es\/wp-json\/wp\/v2\/posts\/293952","targetHints":{"allow":["GET"]}}],"collection":[{"href":"https:\/\/www.europesays.com\/es\/wp-json\/wp\/v2\/posts"}],"about":[{"href":"https:\/\/www.europesays.com\/es\/wp-json\/wp\/v2\/types\/post"}],"author":[{"embeddable":true,"href":"https:\/\/www.europesays.com\/es\/wp-json\/wp\/v2\/users\/2"}],"replies":[{"embeddable":true,"href":"https:\/\/www.europesays.com\/es\/wp-json\/wp\/v2\/comments?post=293952"}],"version-history":[{"count":0,"href":"https:\/\/www.europesays.com\/es\/wp-json\/wp\/v2\/posts\/293952\/revisions"}],"wp:featuredmedia":[{"embeddable":true,"href":"https:\/\/www.europesays.com\/es\/wp-json\/wp\/v2\/media\/293953"}],"wp:attachment":[{"href":"https:\/\/www.europesays.com\/es\/wp-json\/wp\/v2\/media?parent=293952"}],"wp:term":[{"taxonomy":"category","embeddable":true,"href":"https:\/\/www.europesays.com\/es\/wp-json\/wp\/v2\/categories?post=293952"},{"taxonomy":"post_tag","embeddable":true,"href":"https:\/\/www.europesays.com\/es\/wp-json\/wp\/v2\/tags?post=293952"}],"curies":[{"name":"wp","href":"https:\/\/api.w.org\/{rel}","templated":true}]}}