{"id":293959,"date":"2025-12-18T05:12:21","date_gmt":"2025-12-18T05:12:21","guid":{"rendered":"https:\/\/www.europesays.com\/es\/293959\/"},"modified":"2025-12-18T05:12:21","modified_gmt":"2025-12-18T05:12:21","slug":"llegan-tiempos-de-cambio-para-los-dos","status":"publish","type":"post","link":"https:\/\/www.europesays.com\/es\/293959\/","title":{"rendered":"Llegan tiempos de cambio para los dos"},"content":{"rendered":"<p class=\"paragraph\">El <a href=\"https:\/\/www.heraldo.es\/noticias\/deportes\/2025\/12\/15\/mejor-punto-ano-alcaraz-tenis-atp-1878856.html\" title=\"As\u00ed es el mejor punto del a\u00f1o para el mundo del tenis: un globo imposible de Alcaraz\" rel=\"nofollow noopener\" target=\"_blank\">n\u00famero uno del mundo Carlos Alcaraz <\/a>y su entrenador Juan Carlos Ferrero han anunciado el <b>final de su relaci\u00f3n deportiva<\/b> despu\u00e9s de m\u00e1s de siete a\u00f1os y ser\u00e1 Samuel L\u00f3pez, que ya trabajaba con el murciano y compart\u00eda labores t\u00e9cnicas con Ferrero, el que se mantenga como responsable en solitario de la carrera del tenista.<\/p>\n<p class=\"paragraph\">\u00abEs muy dif\u00edcil para mi escribir este post. Tras m\u00e1s de siete a\u00f1os juntos, Juanki y yo hemos decidido poner fin a nuestra etapa juntos como entrenador y jugador\u00bb, anuncia el tenista espa\u00f1ol en redes sociales.<\/p>\n<p class=\"paragraph\"><b>Juan Carlos Ferrero se hizo cargo de la carrera de Alcaraz en el 2018<\/b>, cuando el tenista ten\u00eda 15 a\u00f1os, y todav\u00eda no estaba en el circuito ATP gracias, en gran parte, a la mediaci\u00f3n de su agente, Albert Molina.\u00a0Ferrero, que entre otros dirigi\u00f3 parte de la carrera del alem\u00e1n Alexander Zverev, apost\u00f3 por el murciano, al que ayud\u00f3 a alcanzar el top 100 en el 2021 y a ganar su primer t\u00edtulo ATP en Umag, en el 2021 y su primer Masters 1000, en Miami, en el 2022.<\/p>\n<p class=\"paragraph\">Fue el inicio de la explosi\u00f3n de Carlos Alcaraz, de 22 a\u00f1os, con <b>veinticuatro t\u00edtulos a sus espaldas<\/b>, entre ellos seis del Grand Slam\u00a0seis Grand Slam -Roland Garros (2), Wimbledon (2) y US Open (2)-, ocho Masters 1000, ocho ATP 500, dos ATP 250, una medalla de plata ol\u00edmpica y permanecer en el n\u00famero uno del ranquin 50 semanas.<\/p>\n<p>\u00abGracias por haber hecho de sue\u00f1os de ni\u00f1o, realidades. Empezamos este camino cuando apenas era un chaval, y durante todo este tiempo me has acompa\u00f1ado en un viaje incre\u00edble, dentro y fuera de la pista\u00bb<\/p>\n<p class=\"paragraph\">\u00abGracias por haber hecho de sue\u00f1os de ni\u00f1o, realidades. Empezamos este camino cuando apenas era un chaval, y durante todo este tiempo me has acompa\u00f1ado en un viaje incre\u00edble, dentro y fuera de la pista. Y he disfrutado much\u00edsimo de cada paso contigo\u00bb, a\u00f1ade Alcaraz.<\/p>\n<p class=\"paragraph\">\u00abHemos conseguido llegar a la cima, y siento que, si nuestros caminos deportivos ten\u00edan que separarse, deb\u00eda ser desde ah\u00ed arriba. Desde el lugar por el que siempre trabajamos y al que siempre aspiramos llegar\u00bb, subray\u00f3.<\/p>\n<p class=\"paragraph\">Alcaraz recuerda en su mensaje en redes sociales todo lo logrado junto a Ferrero, que, como jugador, tambi\u00e9n lleg\u00f3 a ser n\u00famero uno y ganador, una vez, de Roland Garros.\u00a0\u00abSon tantos los recuerdos que me vienen a la cabeza que quedarme solo con uno no ser\u00eda justo. Me has hecho crecer como deportista, pero sobre todo como persona. Y algo que valoro much\u00edsimo: he disfrutado del proceso. Me quedo con eso, con el camino recorrido juntos\u00bb, pone de relieve.<\/p>\n<p class=\"paragraph\"><b>\u00abAhora llegan tiempos de cambio para los dos<\/b>, nuevas aventuras y nuevos proyectos. Pero tengo la certeza de que los afrontaremos de la manera correcta, dando lo mejor de nosotros, como siempre hemos hecho. Siempre sumando\u00bb, agrega el n\u00famero uno del mundo.<\/p>\n<p class=\"paragraph\">\u00abTe deseo lo mejor de coraz\u00f3n en todo lo que venga. Me quedo con la tranquilidad de saber que no nos hemos dejado nada por dar, que lo hemos puesto todo a disposici\u00f3n del otro. Gracias por todo, Juanki!\u00bb, concluye con un coraz\u00f3n el mensaje en redes sociales del murciano.<\/p>\n<p class=\"paragraph\">Alcaraz y Ferrero anuncian su ruptura profesional a un mes del inicio de un nuevo Grand Slam, el Abierto de Australia, el \u00fanico que a\u00fan no ha conseguido el espa\u00f1ol y que afronta como gran objetivo.<\/p>\n<p>Ferrero:\u00a0\u00abCierro (esta etapa) con nostalgia, pero tambi\u00e9n con orgullo e ilusi\u00f3n\u00bb<\/p>\n<p class=\"paragraph\">Por su parte, Juan Carlos Ferrero tambi\u00e9n ha publicado unas palabras en su cuenta de Instagram: \u00abDespedirse nunca es f\u00e1cil, y menos cuando detr\u00e1s hay tantas experiencias compartidas. Hemos trabajado duro, crecido juntos, y compartido vivencias inolvidables. Quiero dar las gracias por el tiempo, la confianza, el aprendizaje y, sobre todo, por las personas que me han rodeado durante todo este viaje\u00bb, arranca.<\/p>\n<p class=\"paragraph\">El de Onteniente afirma que se cierra una etapa \u00abmuy importante\u00bb de su vida. \u00abLa cierro con nostalgia, pero tambi\u00e9n con orgullo e ilusi\u00f3n por lo que pueda venir. S\u00e9 que todo lo vivido me ha preparado para ser mejor. Gracias, Carlos, por la confianza, el esfuerzo y por hacer que tu forma de competir me haya hecho sentir tan especial. <b>Te deseo todo lo mejor, tanto a nivel profesional como personal\u00bb<\/b>, agrega.<\/p>\n<p class=\"paragraph\">Por \u00faltimo, tambi\u00e9n agradece a todo el equipo por facilitarle el trabajo durante todos estos a\u00f1os. \u00abCon vosotros he aprendido que el trabajo no son solo tareas ni resultados, sino las personas que caminan a tu lado. Cada uno de vosotros deja una huella en m\u00ed que no olvidar\u00e9. Hemos sido un equipazo a pesar de las dificultades. Estoy seguro que seguir\u00e9is cosechando \u00e9xitos\u00bb, finaliza.<\/p>\n","protected":false},"excerpt":{"rendered":"El n\u00famero uno del mundo Carlos Alcaraz y su entrenador Juan Carlos Ferrero han anunciado el final de&hellip;\n","protected":false},"author":2,"featured_media":293960,"comment_status":"","ping_status":"","sticky":false,"template":"","format":"standard","meta":{"footnotes":""},"categories":[5],"tags":[17,18,545,25,24,13,14,11,7077,19,20,9,10,15,16,23,327,12,21,22],"class_list":{"0":"post-293959","1":"post","2":"type-post","3":"status-publish","4":"format-standard","5":"has-post-thumbnail","7":"category-titulares","8":"tag-breaking-news","9":"tag-breakingnews","10":"tag-carlos-alcaraz","11":"tag-es","12":"tag-espana","13":"tag-featured-news","14":"tag-featurednews","15":"tag-headlines","16":"tag-juan-carlos-ferrero","17":"tag-latest-news","18":"tag-latestnews","19":"tag-news","20":"tag-noticias","21":"tag-noticias-destacadas","22":"tag-noticiasdestacadas","23":"tag-spain","24":"tag-tenis","25":"tag-titulares","26":"tag-ultimas-noticias","27":"tag-ultimasnoticias"},"share_on_mastodon":{"url":"https:\/\/pubeurope.com\/@es\/115738859508488420","error":""},"_links":{"self":[{"href":"https:\/\/www.europesays.com\/es\/wp-json\/wp\/v2\/posts\/293959","targetHints":{"allow":["GET"]}}],"collection":[{"href":"https:\/\/www.europesays.com\/es\/wp-json\/wp\/v2\/posts"}],"about":[{"href":"https:\/\/www.europesays.com\/es\/wp-json\/wp\/v2\/types\/post"}],"author":[{"embeddable":true,"href":"https:\/\/www.europesays.com\/es\/wp-json\/wp\/v2\/users\/2"}],"replies":[{"embeddable":true,"href":"https:\/\/www.europesays.com\/es\/wp-json\/wp\/v2\/comments?post=293959"}],"version-history":[{"count":0,"href":"https:\/\/www.europesays.com\/es\/wp-json\/wp\/v2\/posts\/293959\/revisions"}],"wp:featuredmedia":[{"embeddable":true,"href":"https:\/\/www.europesays.com\/es\/wp-json\/wp\/v2\/media\/293960"}],"wp:attachment":[{"href":"https:\/\/www.europesays.com\/es\/wp-json\/wp\/v2\/media?parent=293959"}],"wp:term":[{"taxonomy":"category","embeddable":true,"href":"https:\/\/www.europesays.com\/es\/wp-json\/wp\/v2\/categories?post=293959"},{"taxonomy":"post_tag","embeddable":true,"href":"https:\/\/www.europesays.com\/es\/wp-json\/wp\/v2\/tags?post=293959"}],"curies":[{"name":"wp","href":"https:\/\/api.w.org\/{rel}","templated":true}]}}