{"id":293969,"date":"2025-12-18T05:23:11","date_gmt":"2025-12-18T05:23:11","guid":{"rendered":"https:\/\/www.europesays.com\/es\/293969\/"},"modified":"2025-12-18T05:23:11","modified_gmt":"2025-12-18T05:23:11","slug":"quien-fue-carlos-larraz-el-artista-que-pinto-la-prision-de-lanuza-sobre-el-justicia-de-aragon","status":"publish","type":"post","link":"https:\/\/www.europesays.com\/es\/293969\/","title":{"rendered":"\u00bfQui\u00e9n fue Carlos Larraz, el artista que pint\u00f3 &#8216;La prisi\u00f3n de Lanuza&#8217;, sobre el Justicia de Arag\u00f3n?"},"content":{"rendered":"<p>            \u00bfQui\u00e9n fue Carlos Larraz, el artista que pint\u00f3 &#8216;La prisi\u00f3n de Lanuza&#8217;, sobre el Justicia de Arag\u00f3n?                <\/p>\n<p>\u00bfQui\u00e9n fue Carlos Larraz, el artista que pint\u00f3 &#8216;La prisi\u00f3n de Lanuza&#8217;, sobre el Justicia de Arag\u00f3n?<\/p>\n<p class=\"epigraph\">Nacido en Zaragoza en 1830, fue disc\u00edpulo de Bernardino Monta\u00f1\u00e9s, se form\u00f3 en Madrid y Zaragoza, y fue profesor de la Escuela de Bellas Artes<\/p>\n<p class=\"paragraph\"><b>La cesi\u00f3n del cuadro de La prisi\u00f3n de Lanuza de Carlos Larraz (Zaragoza, 1830-1892) por parte del Museo del Prado al Justicia de Arag\u00f3n,<\/b> en su sede del palacio de Armijo, ha puesto el foco en un pintor aragon\u00e9s no demasiado conocido, que se anticip\u00f3 a un tema que abordar\u00edan otros pintores aragoneses como Eduardo L\u00f3pez del Plano, Victoriano Calasanz, Marcelino de Unceta y Mariano Barbas\u00e1n. Pero, \u00bfqui\u00e9n fue en realidad Carlos Larraz?<\/p>\n<p>            Conforme a los criterios de<br \/>\n            <a class=\"trustproject_img\" id=\"trustproject_img\" href=\"https:\/\/thetrustproject.org\/\" target=\"_blank\" rel=\"nofollow noopener\" aria-label=\"Trust Project\"><img decoding=\"async\" loading=\"lazy\" src=\"https:\/\/www.heraldo.es\/images\/Trust-Logo-Horizontal.svg\" alt=\"Logo Trust Project\" width=\"200\" height=\"34\"\/><\/a><\/p>\n<p>                <img decoding=\"async\" loading=\"lazy\" src=\"https:\/\/www.europesays.com\/es\/wp-content\/uploads\/2025\/08\/anton-castro.jpeg\" class=\"author-image\" width=\"120\" height=\"120\" alt=\"Ant\u00f3n Castro\"\/><\/p>\n<p>        <a href=\"https:\/\/www.henneo.com\/\" title=\"Grupo Henneo\" class=\"logo\" rel=\"nofollow noopener\" target=\"_blank\"><br \/>\n            <img decoding=\"async\" src=\"https:\/\/www.heraldo.es\/images\/logo_henneo_gris.svg\" alt=\"Logo Henneo\" width=\"559\" height=\"389\" loading=\"lazy\"\/><br \/>\n        <\/a><\/p>\n<p>\u00a9 HERALDO DE ARAGON EDITORA, S.L.U.<br \/>Tel\u00e9fono 976 765 000 \/ &#8211; P\u00ba. Independencia, 29, 50001 Zaragoza &#8211; CIF: B99288763 &#8211; Inscrita en el Registro Mercantil de Zaragoza al Tomo 3796, Libro 0, Folio 177, Secci\u00f3n 8, Hoja Z-50564<br \/>Queda prohibida toda reproducci\u00f3n sin permiso escrito de la empresa a los efectos del art\u00edculo 32.1, p\u00e1rrafo segundo, de la Ley de Propiedad Intelectual<\/p>\n<p>\n                P\u00ba Independencia, 29, 50001 Zaragoza<br \/> Tel\u00e9fono 976 765 000\n            <\/p>\n<p>                    Actualmente tu navegador no permite ejecutar JavaScript. Para poder disfrutar de nuestro contenido es necesario que lo permita.<br \/>\n                                        <img decoding=\"async\" loading=\"lazy\" alt=\"Heraldo logo\" src=\"https:\/\/dkumiip2e9ary.cloudfront.net\/xalok\/heraldo\/especiales\/hola-de-nuevo\/logo-heraldo.svg\" width=\"215\" height=\"43\"\/><\/p>\n","protected":false},"excerpt":{"rendered":"\u00bfQui\u00e9n fue Carlos Larraz, el artista que pint\u00f3 &#8216;La prisi\u00f3n de Lanuza&#8217;, sobre el Justicia de Arag\u00f3n? \u00bfQui\u00e9n&hellip;\n","protected":false},"author":2,"featured_media":293970,"comment_status":"","ping_status":"","sticky":false,"template":"","format":"standard","meta":{"footnotes":""},"categories":[173],"tags":[4499,229,233,1830,231,230,232,234,146,147,25,24,2158,70264,16733,23],"class_list":{"0":"post-293969","1":"post","2":"type-post","3":"status-publish","4":"format-standard","5":"has-post-thumbnail","7":"category-arte-y-diseno","8":"tag-aragon","9":"tag-arte","10":"tag-arte-y-diseno","11":"tag-artista","12":"tag-arts","13":"tag-arts-and-design","14":"tag-design","15":"tag-diseno","16":"tag-entertainment","17":"tag-entretenimiento","18":"tag-es","19":"tag-espana","20":"tag-justicia","21":"tag-lanuza","22":"tag-prision","23":"tag-spain"},"share_on_mastodon":{"url":"https:\/\/pubeurope.com\/@es\/115738903163543411","error":""},"_links":{"self":[{"href":"https:\/\/www.europesays.com\/es\/wp-json\/wp\/v2\/posts\/293969","targetHints":{"allow":["GET"]}}],"collection":[{"href":"https:\/\/www.europesays.com\/es\/wp-json\/wp\/v2\/posts"}],"about":[{"href":"https:\/\/www.europesays.com\/es\/wp-json\/wp\/v2\/types\/post"}],"author":[{"embeddable":true,"href":"https:\/\/www.europesays.com\/es\/wp-json\/wp\/v2\/users\/2"}],"replies":[{"embeddable":true,"href":"https:\/\/www.europesays.com\/es\/wp-json\/wp\/v2\/comments?post=293969"}],"version-history":[{"count":0,"href":"https:\/\/www.europesays.com\/es\/wp-json\/wp\/v2\/posts\/293969\/revisions"}],"wp:featuredmedia":[{"embeddable":true,"href":"https:\/\/www.europesays.com\/es\/wp-json\/wp\/v2\/media\/293970"}],"wp:attachment":[{"href":"https:\/\/www.europesays.com\/es\/wp-json\/wp\/v2\/media?parent=293969"}],"wp:term":[{"taxonomy":"category","embeddable":true,"href":"https:\/\/www.europesays.com\/es\/wp-json\/wp\/v2\/categories?post=293969"},{"taxonomy":"post_tag","embeddable":true,"href":"https:\/\/www.europesays.com\/es\/wp-json\/wp\/v2\/tags?post=293969"}],"curies":[{"name":"wp","href":"https:\/\/api.w.org\/{rel}","templated":true}]}}