{"id":293981,"date":"2025-12-18T05:34:08","date_gmt":"2025-12-18T05:34:08","guid":{"rendered":"https:\/\/www.europesays.com\/es\/293981\/"},"modified":"2025-12-18T05:34:08","modified_gmt":"2025-12-18T05:34:08","slug":"luces-y-sombras-de-navidad-en-vigo","status":"publish","type":"post","link":"https:\/\/www.europesays.com\/es\/293981\/","title":{"rendered":"Luces y sombras de Navidad en Vigo"},"content":{"rendered":"<p>              <strong>+12<\/strong><\/p>\n<p>Es 15 de noviembre y en Vigo, a pesar de la lluvia y los problemas t\u00e9cnicos que acarrea, se encienden las luces de Navidad. La ciudad ol\u00edvica se ha convertido en un referente en turismo navide\u00f1o por su alumbrado, que empieza a instalarse en pleno verano. El ayuntamiento calcula cada a\u00f1o un importante retorno econ\u00f3mico gracias a los turistas que recibe durante los m\u00e1s de dos meses que dura la iluminaci\u00f3n de Navidad. La hosteler\u00eda y los comercios de la zona reciben con optimismo esta apuesta por las atracciones tur\u00edsticas que atraen a familias de todas partes.<\/p>\n<p>Pero este modelo, que tuvo un punto de inflexi\u00f3n en 2018, no est\u00e1 exento de cr\u00edticas. Las luces y sus visitantes impactan en la ciudad, en sus espacios p\u00fablicos, afectando a muchos vecinos de Vigo, sobre todo de la zona del centro. El podcast analiza el caso de la ciudad y las causas que llevan a algunos ayuntamientos, a\u00f1o tras a\u00f1o, a protagonizar una &#8216;carrera&#8217; por el alumbrado de Navidad m\u00e1s espectacular.<\/p>\n<p>Un trabajo de<strong> Marta Vicedo.<\/strong><\/p>\n","protected":false},"excerpt":{"rendered":"+12 Es 15 de noviembre y en Vigo, a pesar de la lluvia y los problemas t\u00e9cnicos que&hellip;\n","protected":false},"author":2,"featured_media":293982,"comment_status":"","ping_status":"","sticky":false,"template":"","format":"standard","meta":{"footnotes":""},"categories":[8],"tags":[17,18,25,24,70272,13,14,11,19,20,70273,9,10,15,16,133,1448,1986,1987,23,12,21,22],"class_list":{"0":"post-293981","1":"post","2":"type-post","3":"status-publish","4":"format-standard","5":"has-post-thumbnail","7":"category-espana","8":"tag-breaking-news","9":"tag-breakingnews","10":"tag-es","11":"tag-espana","12":"tag-esto-merece-una-explicacion","13":"tag-featured-news","14":"tag-featurednews","15":"tag-headlines","16":"tag-latest-news","17":"tag-latestnews","18":"tag-luces-y-sombras-de-navidad","19":"tag-news","20":"tag-noticias","21":"tag-noticias-destacadas","22":"tag-noticiasdestacadas","23":"tag-online","24":"tag-radio","25":"tag-rne","26":"tag-rtve-play","27":"tag-spain","28":"tag-titulares","29":"tag-ultimas-noticias","30":"tag-ultimasnoticias"},"share_on_mastodon":{"url":"https:\/\/pubeurope.com\/@es\/115738945973761409","error":""},"_links":{"self":[{"href":"https:\/\/www.europesays.com\/es\/wp-json\/wp\/v2\/posts\/293981","targetHints":{"allow":["GET"]}}],"collection":[{"href":"https:\/\/www.europesays.com\/es\/wp-json\/wp\/v2\/posts"}],"about":[{"href":"https:\/\/www.europesays.com\/es\/wp-json\/wp\/v2\/types\/post"}],"author":[{"embeddable":true,"href":"https:\/\/www.europesays.com\/es\/wp-json\/wp\/v2\/users\/2"}],"replies":[{"embeddable":true,"href":"https:\/\/www.europesays.com\/es\/wp-json\/wp\/v2\/comments?post=293981"}],"version-history":[{"count":0,"href":"https:\/\/www.europesays.com\/es\/wp-json\/wp\/v2\/posts\/293981\/revisions"}],"wp:featuredmedia":[{"embeddable":true,"href":"https:\/\/www.europesays.com\/es\/wp-json\/wp\/v2\/media\/293982"}],"wp:attachment":[{"href":"https:\/\/www.europesays.com\/es\/wp-json\/wp\/v2\/media?parent=293981"}],"wp:term":[{"taxonomy":"category","embeddable":true,"href":"https:\/\/www.europesays.com\/es\/wp-json\/wp\/v2\/categories?post=293981"},{"taxonomy":"post_tag","embeddable":true,"href":"https:\/\/www.europesays.com\/es\/wp-json\/wp\/v2\/tags?post=293981"}],"curies":[{"name":"wp","href":"https:\/\/api.w.org\/{rel}","templated":true}]}}