{"id":293991,"date":"2025-12-18T05:52:08","date_gmt":"2025-12-18T05:52:08","guid":{"rendered":"https:\/\/www.europesays.com\/es\/293991\/"},"modified":"2025-12-18T05:52:08","modified_gmt":"2025-12-18T05:52:08","slug":"cristina-lora-ganadora-de-operacion-triunfo-2025%e2%80%b2-y-fan-apasionada-del-formato-llevo-muchos-anos-trabajando-para-ganar-este-concurso-television","status":"publish","type":"post","link":"https:\/\/www.europesays.com\/es\/293991\/","title":{"rendered":"Cristina Lora, ganadora de \u2018Operaci\u00f3n Triunfo 2025\u2032 y fan apasionada del formato: \u201cLlevo muchos a\u00f1os trabajando para ganar este concurso\u201d | Televisi\u00f3n"},"content":{"rendered":"<p class=\"\">En la madrugada del lunes, Cristina Lora se convert\u00eda en la ganadora de Operaci\u00f3n Triunfo 2025 con m\u00e1s de un 40% de los votos. Cierra as\u00ed un ciclo de la que ha sido la fan m\u00e1s apasionada del formato de entre todos sus compa\u00f1eros. \u201cNo me he presentado antes porque era menor de edad y no pod\u00eda\u201d, dice la sevillana, de 19 a\u00f1os.<\/p>\n<p class=\"\">A pesar de su juventud, Lora cuenta con mucha experiencia televisiva, ya que de ni\u00f1a participaba en Menuda noche, el programa de Juan y Medio en Canal Sur que ha descubierto a artistas precoces como Abraham Mateo. Desde los 15, la andaluza forma parte de un grupo de teatro musical, que le ha llevado a actuar en la Gran V\u00eda madrile\u00f1a y en el teatro Apolo de Barcelona, lo que explica las tablas que mostr\u00f3 sobre el escenario de Operaci\u00f3n Triunfo desde el principio.<\/p>\n<p class=\"\">\u201cCristina ya despunt\u00f3 en la gala cero, no solo por su voz, tambi\u00e9n por su naturalidad y desparpajo\u201d, <a href=\"https:\/\/elpais.com\/television\/2025-12-16\/gala-13-y-final-de-operacion-triunfo-el-podium-mas-justo-en-la-edicion-menos-atractiva.html\" target=\"_self\" rel=\"nofollow noopener\" title=\"https:\/\/elpais.com\/television\/2025-12-16\/gala-13-y-final-de-operacion-triunfo-el-podium-mas-justo-en-la-edicion-menos-atractiva.html\">dec\u00eda tras su victoria Eva G\u00fcimil<\/a>, encargada de analizar cada semana las galas de Operaci\u00f3n Triunfo 2025 para este peri\u00f3dico. En esa primera toma de contacto, la sevillana interpret\u00f3 My Baby Just Cares for Me, un cl\u00e1sico del jazz compuesto hace casi 100 a\u00f1os que populariz\u00f3 Nina Simone en la d\u00e9cada de los cincuenta. Acostumbrada a escuchar todo tipo de m\u00fasica, de pop espa\u00f1ol de los ochenta a flamenco y canci\u00f3n de autor, a trav\u00e9s de los distintos gustos de sus padres, Lora explica que ser espectadora del espacio ahora emitido en Prime Video tambi\u00e9n le ha permitido \u201cdescubrir a muchos artistas a trav\u00e9s de las versiones de otros concursantes\u201d anteriores a ella.<\/p>\n<p class=\"\">Como es habitual en el programa, los finalistas vuelven a interpretar la misma canci\u00f3n para mostrar su evoluci\u00f3n en esos tres meses de concurso y formaci\u00f3n en la Academia. La cantante asegura no haberse centrado tanto en mostrar su evoluci\u00f3n reinterpretando el tema, sino \u201cen disfrutar de la que sab\u00eda que iba a ser la \u00faltima vez sobre ese escenario\u201d, comenta, aunque s\u00ed quiso trabajarla desde otro punto de vista de como la present\u00f3 la primera vez, \u201ccon una interpretaci\u00f3n menos infantil y mostrando una voz m\u00e1s madura, m\u00e1s grande\u201d.<\/p>\n<p class=\"\">Esa elecci\u00f3n personal demuestra el gran salto cualitativo en cuanto a cultura musical en las nuevas hornadas de concursantes de Operaci\u00f3n Triunfo a partir del a\u00f1o 2017, las pertenecientes a la generaci\u00f3n Spotify (y Amazon Music), aunque el s\u00f3lido apoyo familiar es el que le ha abierto sus miras como artista, apunta la sevillana. Con los 100.000 euros del premio quiere seguir form\u00e1ndose, no solo en centros acad\u00e9micos, tambi\u00e9n acudiendo a muchos conciertos de grandes artistas, \u201cporque la cultura hay que pagarla\u201d, defiende.<\/p>\n<p class=\"\">La canci\u00f3n con la que realmente compiti\u00f3 en la final fue otra. Tan eurofan como su padre, Lora acert\u00f3 este lunes al elegir un tema del certamen, La noia, de la italiana Angelina Mango, consciente de que son canciones pensadas, tanto en estilo como en duraci\u00f3n, para generar grandes momentos televisivos.<\/p>\n<p class=\"\">Adem\u00e1s de fan de Eurovisi\u00f3n, Cristina Lora lo ha sido desde ni\u00f1a de Operaci\u00f3n Triunfo. Tras su victoria de este lunes, muchos usuarios de redes sociales recordaron las fotos que han aparecido en las \u00faltimas semanas de su asistencia hace a\u00f1os a las firmas de discos de otros concursantes de ediciones pasadas del formato. La m\u00e1s compartida es la que tiene con Miriam Rodr\u00edguez, que lleg\u00f3 a la final en 2017 y que ha sido una de las presentadoras este a\u00f1o. \u201cPara m\u00ed es igual de impactante que para la gente, pero es cierto que yo me he ido preparando poco a poco a lo largo de los a\u00f1os para llegar ah\u00ed. Siento que he estudiado un mont\u00f3n y creo que es incre\u00edble haberlo conseguido y acabar el ciclo de esta forma\u201d, celebra.<\/p>\n<p class=\"\">Aunque est\u00e1 abierta a todo, bien sea en televisi\u00f3n, como estudiante de Comunicaci\u00f3n Audiovisual que es, o como protagonista de alguno de los grandes musicales, ahora mismo preferir\u00eda lanzar un proyecto musical, para aprovecha la oportunidad que le ha dado el programa. \u201cEl primer sencillo que sacas es importante, pero soy consciente de que tengo 19 a\u00f1os y probablemente no sea el que vaya a definir mi carrera, como le pasa a muchos artistas\u201d, defiende. <\/p>\n","protected":false},"excerpt":{"rendered":"En la madrugada del lunes, Cristina Lora se convert\u00eda en la ganadora de Operaci\u00f3n Triunfo 2025 con m\u00e1s&hellip;\n","protected":false},"author":2,"featured_media":293992,"comment_status":"","ping_status":"","sticky":false,"template":"","format":"standard","meta":{"footnotes":""},"categories":[171],"tags":[6826,259,7580,209,146,147,25,24,25188,74,185,222,16428,1171,23,807,214],"class_list":{"0":"post-293991","1":"post","2":"type-post","3":"status-publish","4":"format-standard","5":"has-post-thumbnail","7":"category-tv","8":"tag-amazon-prime-video","9":"tag-andalucia","10":"tag-concursos","11":"tag-cultura","12":"tag-entertainment","13":"tag-entretenimiento","14":"tag-es","15":"tag-espana","16":"tag-festival-eurovision","17":"tag-israel","18":"tag-musica","19":"tag-operacion-triunfo","20":"tag-plataformas-digitales","21":"tag-sevilla","22":"tag-spain","23":"tag-television","24":"tag-tv"},"share_on_mastodon":{"url":"https:\/\/pubeurope.com\/@es\/115739016805308828","error":""},"_links":{"self":[{"href":"https:\/\/www.europesays.com\/es\/wp-json\/wp\/v2\/posts\/293991","targetHints":{"allow":["GET"]}}],"collection":[{"href":"https:\/\/www.europesays.com\/es\/wp-json\/wp\/v2\/posts"}],"about":[{"href":"https:\/\/www.europesays.com\/es\/wp-json\/wp\/v2\/types\/post"}],"author":[{"embeddable":true,"href":"https:\/\/www.europesays.com\/es\/wp-json\/wp\/v2\/users\/2"}],"replies":[{"embeddable":true,"href":"https:\/\/www.europesays.com\/es\/wp-json\/wp\/v2\/comments?post=293991"}],"version-history":[{"count":0,"href":"https:\/\/www.europesays.com\/es\/wp-json\/wp\/v2\/posts\/293991\/revisions"}],"wp:featuredmedia":[{"embeddable":true,"href":"https:\/\/www.europesays.com\/es\/wp-json\/wp\/v2\/media\/293992"}],"wp:attachment":[{"href":"https:\/\/www.europesays.com\/es\/wp-json\/wp\/v2\/media?parent=293991"}],"wp:term":[{"taxonomy":"category","embeddable":true,"href":"https:\/\/www.europesays.com\/es\/wp-json\/wp\/v2\/categories?post=293991"},{"taxonomy":"post_tag","embeddable":true,"href":"https:\/\/www.europesays.com\/es\/wp-json\/wp\/v2\/tags?post=293991"}],"curies":[{"name":"wp","href":"https:\/\/api.w.org\/{rel}","templated":true}]}}