{"id":293993,"date":"2025-12-18T05:55:16","date_gmt":"2025-12-18T05:55:16","guid":{"rendered":"https:\/\/www.europesays.com\/es\/293993\/"},"modified":"2025-12-18T05:55:16","modified_gmt":"2025-12-18T05:55:16","slug":"abonados-no-clientes-la-protesta-de-un-mendizorroza-con-9-825-espectadores","status":"publish","type":"post","link":"https:\/\/www.europesays.com\/es\/293993\/","title":{"rendered":"\u00abAbonados, no clientes\u00bb. La protesta de un Mendizorroza con 9.825 espectadores"},"content":{"rendered":"<p><img fetchpriority=\"high\" class=\"v-a-img\" src=\"https:\/\/www.europesays.com\/es\/wp-content\/uploads\/2025\/12\/ASISTENCIA-002-kLW-U2405895689821x-1200x840@El Correo-ElCorreo.jpg\" loading=\"eager\" decoding=\"async\" alt=\"Muchos huecos en Mendiorroza al inicio del partido..\"  width=\"1200\" height=\"840\"\/><\/p>\n<p>Muchos huecos en Mendiorroza al inicio del partido..          Jes\u00fas Andrade        <\/p>\n<p>\u00abMenos negocio, m\u00e1s sentimiento\u00bb, se le\u00eda en la pancarta desplegada en el fondo de Polideportivo en protesta al cobro del partido a los socios<\/p>\n<p><a class=\"v-mdl-ath__fig-a\" href=\"https:\/\/www.elcorreo.com\/autor\/jon-prada-6879.html\" title=\"Jon Prada\" rel=\"nofollow noopener\" target=\"_blank\"><br \/>\n<img decoding=\"async\" class=\"v-mdl-ath__img\" src=\"https:\/\/www.europesays.com\/es\/wp-content\/uploads\/2025\/08\/autor-6879-foto-1.jpeg\" alt=\"Jon Prada\"\/><br \/>\n<\/a><\/p>\n<p class=\"v-mdl-ath__p v-mdl-ath__p--6\">\nMi\u00e9rcoles, 17 de diciembre 2025, 21:28<\/p>\n<p>| Actualizado 22:10h.<\/p>\n<p class=\"v-p\">Despu\u00e9s de 711 d\u00edas, Mendizorroza ha vuelto a vivir un partido de Copa del Rey del Deportivo Alav\u00e9s. Desde el 6 de enero de 2024, cuando el equipo que entonces dirig\u00eda Luis Garc\u00eda elimin\u00f3 (1-0) al Betis con un gol de Benav\u00eddez accediendo a los octavos, la afici\u00f3n albiazul no disfrutaba de un encuentro del torneo del K.O. en su casa. Casi dos a\u00f1os sin Copa en Vitoria para los babazorros que han tenido este mi\u00e9rcoles al otro equipo de la capital andaluza, el Sevilla, como oponente en su &#8216;regreso&#8217;.<\/p>\n<p class=\"v-p\">Como en aquel cruce de dieciseisavos de final de hace 23 meses, los abonados han tenido que pasar por caja (entre 12 y 19 euros) para ver el duelo copero gener\u00e1ndose, nuevamente, pol\u00e9mica entre los aficionados a pesar de ser una circunstancia ya notificada por el club desde el verano. Una circunstancia que ha hecho que Mendizorroza haya tenido media entrada ante el Sevilla.<\/p>\n<p><img decoding=\"async\" loading=\"lazy\" src=\"https:\/\/www.europesays.com\/es\/wp-content\/uploads\/2025\/12\/IMG_0972-keSH--650x455@El Correo.jpg\" class=\"v-a-img\" width=\"650\" height=\"455\" alt=\"\" data-voc-vtm-id=\"in-text-traffic\"\/><\/p>\n<p><img loading=\"lazy\" decoding=\"async\" src=\"https:\/\/www.europesays.com\/es\/wp-content\/uploads\/2025\/12\/IMG_0972-keSH--1920x1344@El Correo.jpg\" class=\"v-mdl__img-z\" width=\"1920\" height=\"1344\" alt=\"\"\/><\/p>\n<p class=\"v-p\">En 2024, 13.482 personas estuvieron en el estadio vitoriano en la tarde de Reyes viendo a los albiazules derrotar al Betis. Frente a los hispalenses, la entrada ha sido sensiblemente menor, con 9.825 espectadores. La peor en varios a\u00f1os. Para encontrar una cifra similar hay que remontarse al 12 de diciembre de 2022, cuando un Alav\u00e9s-Levante de Segunda congreg\u00f3 a 10.046 espectadores un lunes. El mismo curso, en los dieciseisavos de Copa, el 3 de enero de 2023 ante el Valladolid, se congregaron 11.710 aficionados, la asistencia m\u00e1s baja hasta este mi\u00e9rcoles.<\/p>\n<p class=\"v-p\">Muchos asientos libres y menos ruido de lo habitual en un estadio que en Liga tiene una asistencia media de 17.500 espectadores y que se llen\u00f3 en el \u00faltimo partido ante el Real Madrid (19.290). Adem\u00e1s, el fondo de Polideportivo mostr\u00f3 su malestar por pasar por caja a los 10 minutos del encuentro. \u00abAbonados, no clientes. Menos negocio, m\u00e1s sentimiento\u00bb, se ley\u00f3 en euskera en la pancarta desplegada.<\/p>\n<p>Reporta un error<\/p>\n","protected":false},"excerpt":{"rendered":"Muchos huecos en Mendiorroza al inicio del partido.. Jes\u00fas Andrade \u00abMenos negocio, m\u00e1s sentimiento\u00bb, se le\u00eda en la&hellip;\n","protected":false},"author":2,"featured_media":293994,"comment_status":"","ping_status":"","sticky":false,"template":"","format":"standard","meta":{"footnotes":""},"categories":[93],"tags":[70274,2493,168,987,960,25,24,57357,23,167,739],"class_list":{"0":"post-293993","1":"post","2":"type-post","3":"status-publish","4":"format-standard","5":"has-post-thumbnail","7":"category-deportes","8":"tag-70274","9":"tag-copa","10":"tag-deportes","11":"tag-despues","12":"tag-dias","13":"tag-es","14":"tag-espana","15":"tag-mendizorroza","16":"tag-spain","17":"tag-sports","18":"tag-vuelve"},"share_on_mastodon":{"url":"https:\/\/pubeurope.com\/@es\/115739029169443360","error":""},"_links":{"self":[{"href":"https:\/\/www.europesays.com\/es\/wp-json\/wp\/v2\/posts\/293993","targetHints":{"allow":["GET"]}}],"collection":[{"href":"https:\/\/www.europesays.com\/es\/wp-json\/wp\/v2\/posts"}],"about":[{"href":"https:\/\/www.europesays.com\/es\/wp-json\/wp\/v2\/types\/post"}],"author":[{"embeddable":true,"href":"https:\/\/www.europesays.com\/es\/wp-json\/wp\/v2\/users\/2"}],"replies":[{"embeddable":true,"href":"https:\/\/www.europesays.com\/es\/wp-json\/wp\/v2\/comments?post=293993"}],"version-history":[{"count":0,"href":"https:\/\/www.europesays.com\/es\/wp-json\/wp\/v2\/posts\/293993\/revisions"}],"wp:featuredmedia":[{"embeddable":true,"href":"https:\/\/www.europesays.com\/es\/wp-json\/wp\/v2\/media\/293994"}],"wp:attachment":[{"href":"https:\/\/www.europesays.com\/es\/wp-json\/wp\/v2\/media?parent=293993"}],"wp:term":[{"taxonomy":"category","embeddable":true,"href":"https:\/\/www.europesays.com\/es\/wp-json\/wp\/v2\/categories?post=293993"},{"taxonomy":"post_tag","embeddable":true,"href":"https:\/\/www.europesays.com\/es\/wp-json\/wp\/v2\/tags?post=293993"}],"curies":[{"name":"wp","href":"https:\/\/api.w.org\/{rel}","templated":true}]}}