{"id":294001,"date":"2025-12-18T06:01:11","date_gmt":"2025-12-18T06:01:11","guid":{"rendered":"https:\/\/www.europesays.com\/es\/294001\/"},"modified":"2025-12-18T06:01:11","modified_gmt":"2025-12-18T06:01:11","slug":"la-huella-de-trump-en-el-dia-internacional-del-migrante-ha-sido-uno-de-los-anos-mas-dificiles-el-mas-cruel-inmigracion-en-estados-unidos","status":"publish","type":"post","link":"https:\/\/www.europesays.com\/es\/294001\/","title":{"rendered":"La huella de Trump en el D\u00eda Internacional del Migrante: \u201cHa sido uno de los a\u00f1os m\u00e1s dif\u00edciles, el m\u00e1s cruel\u201d | Inmigraci\u00f3n en Estados Unidos"},"content":{"rendered":"<p class=\"\">Yareliz Mendez-Zamora, de la organizaci\u00f3n promigrante American Friends Service Committee<b> <\/b>de Florida, conserva un recuerdo con el que pudiera ponerle rostro a este a\u00f1o que casi acaba. Es el de una familia a la que dieron a elegir su destino en las instalaciones del Servicio de Control de Inmigraci\u00f3n y Aduanas (ICE) <a href=\"https:\/\/elpais.com\/us\/migracion\/2025-12-16\/los-migrantes-enfermos-detenidos-en-krome-denuncian-la-pesima-atencion-medica-esto-es-un-campo-de-concentracion.html\" target=\"_self\" rel=\"nofollow noopener\" title=\"https:\/\/elpais.com\/us\/migracion\/2025-12-16\/los-migrantes-enfermos-detenidos-en-krome-denuncian-la-pesima-atencion-medica-esto-es-un-campo-de-concentracion.html\">en Miramar, Miami<\/a>. La pareja hab\u00eda llegado temprano a la cita que ella ten\u00eda con las autoridades. La mujer entr\u00f3, \u00e9l se mantuvo afuera, pero un mensaje inesperado le dej\u00f3 saber que tambi\u00e9n deb\u00eda entrar. En ese momento los oficiales les comunicaron que uno de ellos iba a ser deportado, pero que la pareja deb\u00eda escoger qui\u00e9n ser\u00eda. Ella dijo que se iba, porque era \u00e9l quien trabajaba y manten\u00eda la casa. \u00c9l dijo que no, que ella deb\u00eda quedarse con los dos hijos. Finalmente fue la madre quien permaneci\u00f3 en Estados Unidos. <\/p>\n<p class=\"\">\u201cQued\u00e9 impactada\u201d, cuenta Mendez-Zamora, quien acompa\u00f1\u00f3 a la familia. \u201cHa sido uno de los a\u00f1os m\u00e1s dif\u00edciles, el m\u00e1s cruel, donde m\u00e1s hemos visto violaciones a los derechos humanos\u201d, asegura la activista a las afueras de las instalaciones de Miramar, donde un grupo de voluntarios, organizaciones, l\u00edderes religiosos y familiares de personas detenidas por el ICE se han congregado a modo de protesta en v\u00edsperas del <a href=\"https:\/\/elpais.com\/us\/migracion\/2024-12-17\/las-organizaciones-pro-migrantes-se-movilizan-contra-la-deportacion-masiva-de-trump.html\" target=\"_self\" rel=\"nofollow noopener\" title=\"https:\/\/elpais.com\/us\/migracion\/2024-12-17\/las-organizaciones-pro-migrantes-se-movilizan-contra-la-deportacion-masiva-de-trump.html\">D\u00eda Internacional del Migrante<\/a>, que se conmemora este 18 de diciembre. <\/p>\n<p><img alt=\"Centro ICE de Miramar, Florida, el 17 de diciembre.\" decoding=\"auto\" class=\"_re lazyload a_m-h\" height=\"285\"  width=\"414\"  src=\"https:\/\/imagenes.elpais.com\/resizer\/v2\/QEOIG34FWNNIBHFOI44MSN3CXI.jpg?auth=6c4a67f03b0dee27456ac21c5b03c6fe1d0afa5f988226dee51aca1bd2cdfa46&amp;width=414\" loading=\"lazy\"\/>Oficina del ICE en Miramar, Florida, el 17 de diciembre.CRISTOBAL HERRERA-ULASHKEVICH (EFE)<\/p>\n<p class=\"\">Este 2025 cierra como el a\u00f1o probablemente m\u00e1s aterrador para la poblaci\u00f3n migrante en Estados Unidos, <a href=\"https:\/\/tracreports.org\/immigration\/quickfacts\/\" target=\"_blank\" rel=\"nofollow noopener\" title=\"https:\/\/tracreports.org\/immigration\/quickfacts\/\">con m\u00e1s de 65.000 personas en detenci\u00f3n<\/a>, 605.000 expulsiones y 1,9 millones de autodeportaciones, <a href=\"https:\/\/www.dhs.gov\/news\/2025\/12\/10\/thanks-president-trump-and-secretary-noem-more-25-million-illegal-aliens-left-us\" target=\"_blank\" rel=\"nofollow noopener\" title=\"https:\/\/www.dhs.gov\/news\/2025\/12\/10\/thanks-president-trump-and-secretary-noem-more-25-million-illegal-aliens-left-us\">seg\u00fan datos<\/a> del Departamento de Seguridad Nacional. \u201cLa Administraci\u00f3n Trump est\u00e1 batiendo r\u00e9cords hist\u00f3ricos\u201d, celebraba la semana pasada la portavoz del departamento, Tricia McLaughlin. \u201cLos inmigrantes ilegales est\u00e1n escuchando nuestro mensaje de que deben marcharse ahora. Saben que si no lo hacen, los encontraremos, los arrestaremos y nunca volver\u00e1n\u201d, a\u00f1ad\u00eda.<\/p>\n<p class=\"\">Como una pel\u00edcula de horror, las im\u00e1genes de la ofensiva migratoria emprendida por la Casa Blanca se han sucedido durante los \u00faltimos meses: familias siendo separadas a la fuerza por agentes enmascarados; ni\u00f1os temerosos de ir a la escuela y padres que se esconden; deportaciones a terceros pa\u00edses, algunos tan lejanos como Sud\u00e1n del Sur o Esuatini; redadas masivas en diferentes ciudades del pa\u00eds; <a href=\"https:\/\/elpais.com\/us\/migracion\/2025-11-09\/26-federal-plaza-dentro-del-infierno-migrante-de-nueva-york.html\" target=\"_self\" rel=\"nofollow noopener\" title=\"https:\/\/elpais.com\/us\/migracion\/2025-11-09\/26-federal-plaza-dentro-del-infierno-migrante-de-nueva-york.html\">detenciones dentro de los tribunales<\/a>; cientos de miles de personas que han perdido su estatus legal&#8230;<\/p>\n<p class=\"\">\u201cHa sido un a\u00f1o agotador, frustrante. Ha sido aterrorizador lo que ha estado sucediendo\u201d, afirma Mar\u00eda Asunci\u00f3n Bilbao, coordinadora de campa\u00f1a del American Friends Service Committee<b> <\/b>de Florida, que asiste cada semana a las oficinas del ICE en Miramar para acompa\u00f1ar familias migrantes que acuden a sus citas con las autoridades. \u201cMa\u00f1ana, D\u00eda del Migrante, ser\u00e1 un d\u00eda triste en este pa\u00eds, porque no est\u00e1n respetando los derechos de ning\u00fan refugiado, pero yo rescato la valent\u00eda de los migrantes; hay que ser valiente para dejar todo y venir a un pa\u00eds nuevo\u201d.<\/p>\n<p class=\"\">Lo que sucede hoy en Estados Unidos es una verdad que no sorprende a quienes oyeron atentos a Trump durante toda su campa\u00f1a, montada sobre el discurso de garantizar la \u201cseguridad nacional\u201d con la expulsi\u00f3n de todos los \u201ccriminales\u201d. Trump se ha lanzado con todo para cumplir con lo que prometi\u00f3 antes de las elecciones que lo devolvieron al poder en noviembre de 2024: llevar a cabo \u201cla mayor deportaci\u00f3n de la historia\u201d. <\/p>\n<p>Crecen los arrestos del ICE<\/p>\n<p class=\"\">En aras de profesionalizar la expulsi\u00f3n de migrantes, Trump puso en funci\u00f3n del cometido no solo su discurso, sino tambi\u00e9n un amplio arsenal econ\u00f3mico que garantizara la detenci\u00f3n, encierro y deportaci\u00f3n de personas. Para eso ten\u00eda un cuerpo al que iba a fortalecer hasta convertirlo en el mayor motivo de espanto: el ICE. <\/p>\n<p><img alt=\"Familia de migrantes en el tribunal de inmigraci\u00f3n de EE UU, en Manhattan, Nueva York, el 31 de julio.\" decoding=\"auto\" class=\"_re lazyload a_m-h\" height=\"277\"  width=\"414\"  src=\"https:\/\/imagenes.elpais.com\/resizer\/v2\/ICBRO6YS3ZLBXI2ARJQVQ7Z63M.jpg?auth=492f43d24a519d45b569307973ea57e7ae44ce3e4d589527de4c09468ea7ffdf&amp;width=414\" loading=\"lazy\"\/>Familia de migrantes en un tribunal de inmigraci\u00f3n en Manhattan, Nueva York, el 31 de julio.David Dee Delgado (REUTERS)<\/p>\n<p class=\"\">Stephen Miller, el ide\u00f3logo de la pol\u00edtica antiinmigrante de esta Administraci\u00f3n, detect\u00f3 que durante los primeros meses las detenciones iban poco aceleradas, por lo que era necesario aumentar la cifra de arrestos a 3.000 si se quer\u00eda alcanzar la cuota prometida. Si en abril las autoridades federales hab\u00edan arrestado unas 18.000 personas al mes, para noviembre las detenciones eran de unos 21.127, una cifra a\u00fan menor para las pretensiones del Gobierno. <\/p>\n<p class=\"\">Para fortalecer, entre otras cosas, la maquinaria del ICE, en julio Trump promulg\u00f3 su reforma fiscal, la llamada \u201cgran y hermosa ley\u201d. Ahora la agencia se convert\u00eda en la mejor financiada en la historia de Estados Unidos, con un presupuesto de m\u00e1s de 100.000 millones de d\u00f3lares, cuando antes funcionaba con unos 8.000 millones. Unos 45.000 millones se destinar\u00edan a la construcci\u00f3n de nuevos centros de detenci\u00f3n y unos 14.000 millones a operaciones de deportaci\u00f3n. Unos 30.000 millones, por su parte, se utilizar\u00edan en reclutar m\u00e1s agentes y llevar hasta 100.000 el personal destinado a perseguir a los migrantes.<\/p>\n<p class=\"\">El resultado ha sido visible: operativos migratorios a gran escala en las grandes ciudades, principalmente dem\u00f3cratas, que en el pasado hab\u00edan funcionado como santuarios. Los agentes han llegado a Chicago, Los \u00c1ngeles, New Orleans o Charlotte (Carolina del Norte), siempre a pesar del rechazo de las autoridades locales. Tambi\u00e9n est\u00e1n en los juzgados a lo largo del pa\u00eds, donde esperan que los migrantes terminen sus audiencias para esposarlos. <\/p>\n<p>Aumento de vuelos de deportaciones<\/p>\n<p class=\"\">Otras herramientas tambi\u00e9n han servido para engrasar la maquinaria antiinmigrante del Gobierno durante estos meses: el fin del Estatus de Protecci\u00f3n Temporal (TPS) para m\u00faltiples nacionalidades y cientos de miles de personas; la eliminaci\u00f3n del programa de parole, que dej\u00f3 en un limbo a m\u00e1s de medio mill\u00f3n de beneficiarios; el travel ban firmado en junio para detener la migraci\u00f3n legal desde varios pa\u00edses y <a href=\"https:\/\/elpais.com\/us\/migracion\/2025-12-16\/la-administracion-trump-amplia-a-39-paises-la-prohibicion-de-viajes-de-sus-ciudadanos-a-estados-unidos.html\" target=\"_self\" rel=\"nofollow noopener\" title=\"https:\/\/elpais.com\/us\/migracion\/2025-12-16\/la-administracion-trump-amplia-a-39-paises-la-prohibicion-de-viajes-de-sus-ciudadanos-a-estados-unidos.html\">ampliado a 39 naciones esta misma semana<\/a>; miles de acuerdos 287(g), que permiten a las polic\u00edas locales trabajar mano a mano con el ICE; o la firma de pactos con terceros pa\u00edses que reciben a migrantes deportados. Seg\u00fan el monitor de vuelos del ICE de Human Rights First, los vuelos de deportaci\u00f3n en la segunda Administraci\u00f3n Trump han superado los 1.900, un aumento del 41% con respecto al mismo per\u00edodo de 2024.<\/p>\n<p><img alt=\"Migrantes guatemaltecos llegan a la base a\u00e9rea de La Aurora en un vuelo antiinmigrante, en Guatemala, el 2 de septiembre.\" decoding=\"auto\" class=\"_re lazyload a_m-h\" height=\"277\"  width=\"414\"  src=\"https:\/\/imagenes.elpais.com\/resizer\/v2\/3BZWO4J6Q5GS3H4LCF5H2UHAYM.JPG?auth=363db853ca569ea293b07aeec1400020eb0a4d152e198937b07d035cce8e4890&amp;width=414\" loading=\"lazy\"\/>Migrantes guatemaltecos llegan a la base a\u00e9rea de La Aurora en un vuelo de deportaci\u00f3n, en Guatemala, el 2 de septiembre. Cristina Chiquin (REUTERS)<\/p>\n<p class=\"\">El presidente tampoco ha dudado en poner a prueba los l\u00edmites de la ley para lograr lo que busca, y ha desafiado a los tribunales que intentan bloquear sus acciones. Apelando a la Ley de Enemigos Extranjeros, de 1889, la Administraci\u00f3n republicana <a href=\"https:\/\/elpais.com\/us\/migracion\/2025-09-29\/deportados-por-trump-desaparecidos-en-las-carceles-de-bukele.html\" target=\"_self\" rel=\"nofollow noopener\" title=\"https:\/\/elpais.com\/us\/migracion\/2025-09-29\/deportados-por-trump-desaparecidos-en-las-carceles-de-bukele.html\">envi\u00f3 a una megac\u00e1rcel de El Salvador a m\u00e1s de 200 venezolanos<\/a> acusados de ser pandilleros a pesar de que un juez se lo prohibi\u00f3. Otros migrantes han sido enviados a centros de detenci\u00f3n extraterritoriales, como la Base Naval de Guant\u00e1namo. Tambi\u00e9n se ha reducido el n\u00famero de personas liberadas bajo fianza, libertad condicional o supervisi\u00f3n, que hab\u00eda disminuido al 3% en septiembre.<\/p>\n<p class=\"\">Adem\u00e1s de todo esto, el presidente suspendi\u00f3 no solo los procesos de asilo o residencia, sino que paraliz\u00f3 tr\u00e1mites como los de ciudadan\u00eda, atentando as\u00ed contra el mayor estatus que alcanza un migrante en el pa\u00eds. Recientemente, a Trump le preguntaron si pensaba desnaturalizar a migrantes que hayan logrado la ciudadan\u00eda. \u201cSi tengo el poder para hacerlo, lo har\u00e9. Absolutamente\u201d, respondi\u00f3. Este martes, se supo que su Gobierno buscar\u00e1 desnaturalizar entre 100 y 200 personas al mes de ahora en adelante. Si lo logra hacer, supondr\u00eda un aumento masivo en los procesos de desnaturalizaci\u00f3n: de 2017 hasta la actualidad, solo ha habido 120 casos.<\/p>\n","protected":false},"excerpt":{"rendered":"Yareliz Mendez-Zamora, de la organizaci\u00f3n promigrante American Friends Service Committee de Florida, conserva un recuerdo con el que&hellip;\n","protected":false},"author":2,"featured_media":294002,"comment_status":"","ping_status":"","sticky":false,"template":"","format":"standard","meta":{"footnotes":""},"categories":[42],"tags":[889,17,18,894,893,352,629,13,14,11,590,895,891,61,62,63,64,19,20,892,890,9,10,15,16,897,12,21,22,65,66,67],"class_list":{"0":"post-294001","1":"post","2":"type-post","3":"status-publish","4":"format-standard","5":"has-post-thumbnail","7":"category-internacional","8":"tag-america","9":"tag-breaking-news","10":"tag-breakingnews","11":"tag-crisis-migratoria","12":"tag-deportacion","13":"tag-donald-trump","14":"tag-estados-unidos","15":"tag-featured-news","16":"tag-featurednews","17":"tag-headlines","18":"tag-inmigracion","19":"tag-inmigracion-irregular","20":"tag-inmigrantes","21":"tag-internacional","22":"tag-international","23":"tag-international-news","24":"tag-internationalnews","25":"tag-latest-news","26":"tag-latestnews","27":"tag-migracion","28":"tag-migrantes","29":"tag-news","30":"tag-noticias","31":"tag-noticias-destacadas","32":"tag-noticiasdestacadas","33":"tag-politica-migratoria-ee-uu","34":"tag-titulares","35":"tag-ultimas-noticias","36":"tag-ultimasnoticias","37":"tag-world","38":"tag-world-news","39":"tag-worldnews"},"share_on_mastodon":{"url":"","error":"Validation failed: Text character limit of 500 exceeded"},"_links":{"self":[{"href":"https:\/\/www.europesays.com\/es\/wp-json\/wp\/v2\/posts\/294001","targetHints":{"allow":["GET"]}}],"collection":[{"href":"https:\/\/www.europesays.com\/es\/wp-json\/wp\/v2\/posts"}],"about":[{"href":"https:\/\/www.europesays.com\/es\/wp-json\/wp\/v2\/types\/post"}],"author":[{"embeddable":true,"href":"https:\/\/www.europesays.com\/es\/wp-json\/wp\/v2\/users\/2"}],"replies":[{"embeddable":true,"href":"https:\/\/www.europesays.com\/es\/wp-json\/wp\/v2\/comments?post=294001"}],"version-history":[{"count":0,"href":"https:\/\/www.europesays.com\/es\/wp-json\/wp\/v2\/posts\/294001\/revisions"}],"wp:featuredmedia":[{"embeddable":true,"href":"https:\/\/www.europesays.com\/es\/wp-json\/wp\/v2\/media\/294002"}],"wp:attachment":[{"href":"https:\/\/www.europesays.com\/es\/wp-json\/wp\/v2\/media?parent=294001"}],"wp:term":[{"taxonomy":"category","embeddable":true,"href":"https:\/\/www.europesays.com\/es\/wp-json\/wp\/v2\/categories?post=294001"},{"taxonomy":"post_tag","embeddable":true,"href":"https:\/\/www.europesays.com\/es\/wp-json\/wp\/v2\/tags?post=294001"}],"curies":[{"name":"wp","href":"https:\/\/api.w.org\/{rel}","templated":true}]}}