{"id":294024,"date":"2025-12-18T06:22:24","date_gmt":"2025-12-18T06:22:24","guid":{"rendered":"https:\/\/www.europesays.com\/es\/294024\/"},"modified":"2025-12-18T06:22:24","modified_gmt":"2025-12-18T06:22:24","slug":"asi-fue-el-reto-pelayo-vida-en-costa-rica","status":"publish","type":"post","link":"https:\/\/www.europesays.com\/es\/294024\/","title":{"rendered":"As\u00ed fue el Reto Pelayo Vida en Costa Rica"},"content":{"rendered":"<p data-journey-content=\"true\" data-node-id=\"1\" class=\"css-6wxqfj emevuu60\">El <a href=\"https:\/\/retopelayovida.com\/\" target=\"_blank\" data-vars-ga-outbound-link=\"https:\/\/retopelayovida.com\/\" data-vars-ga-ux-element=\"Hyperlink\" data-vars-ga-call-to-action=\"Reto Pelayo Vida\" data-node-id=\"1.1\" class=\"body-link css-103hk4r emevuu60\" rel=\"nofollow noopener\">Reto Pelayo Vida<\/a> lleva once a\u00f1os demostrando que la aventura es tambi\u00e9n una forma de reivindicar la vida. Cada edici\u00f3n re\u00fane a cinco mujeres supervivientes de c\u00e1ncer que se enfrentan a un desaf\u00edo deportivo extremo en un entorno natural \u00fanico. Este a\u00f1o, el recorrido atravesaba <a href=\"https:\/\/retopelayovida.com\/reto\/costa-rica-2025\/\" target=\"_blank\" data-vars-ga-outbound-link=\"https:\/\/retopelayovida.com\/reto\/costa-rica-2025\/\" data-vars-ga-ux-element=\"Hyperlink\" data-vars-ga-call-to-action=\"Costa Rica\" data-node-id=\"1.3\" class=\"body-link css-103hk4r emevuu60\" rel=\"nofollow noopener\">Costa Rica<\/a> de costa a costa: bici, trekking, rafting y kayak para cruzar el pa\u00eds del Pac\u00edfico al Caribe. Una traves\u00eda f\u00edsica y emocional que Pelayo Seguros impulsa como un homenaje a la superaci\u00f3n, al deporte y a la determinaci\u00f3n.<br data-node-id=\"1.5\"\/><\/p>\n<p data-journey-content=\"true\" data-node-id=\"4\" class=\"css-6wxqfj emevuu60\">En esta edici\u00f3n, la escritora e influencer <strong data-node-id=\"4.1\">Laura Caldarola<\/strong> se uni\u00f3 al equipo como enviada especial. Su misi\u00f3n: contar desde dentro la humanidad del reto, aquello que no se ve en las fotos oficiales. \u201cMe propusieron unirme a la expedici\u00f3n como reportera, para que esa experiencia viajara desde el coraz\u00f3n del recorrido hasta el coraz\u00f3n de la gente\u201d, recuerda. No participar\u00eda en las pruebas, pero vivir\u00eda cada kil\u00f3metro desde el mismo barro, la misma humedad y los mismos madrugones que las protagonistas, <strong data-node-id=\"4.3\">To\u00f1i, Miren, Idoia, Ver\u00f3nica y Mapi.<\/strong><\/p>\n<p><img draggable=\"true\" alt=\"laura caldarola\" title=\"Laura Caldarola\" loading=\"lazy\" width=\"1200\" height=\"1600\" decoding=\"async\" data-nimg=\"1\" style=\"color:transparent;width:100%;height:auto;\"   src=\"https:\/\/www.europesays.com\/es\/wp-content\/uploads\/2025\/12\/photo-2025-11-18-16-04-54-1-6932d5e8c9ca5.jpg\" class=\"css-0 e1g79fud0\"\/><a target=\"_blank\" rel=\"noopener nofollow\" data-theme-key=\"base-link\" href=\"https:\/\/pinterest.com\/pin\/create\/button\/?url=https:\/\/www.elle.com\/es\/living\/ocio-cultura\/a69643459\/reto-pelayo-vida-cronica-laura-caldarola\/&amp;description=- ElleSpain&amp;media=https:\/\/hips.hearstapps.com\/hmg-prod\/images\/photo-2025-11-18-16-04-54-1-6932d5e8c9ca5.jpg?resize=1600:*\" class=\"pinterest css-on9hn5 e1c1bym14\"><img decoding=\"async\" data-dynamic-svg=\"true\" src=\"https:\/\/www.elle.com\/_assets\/design-tokens\/fre\/static\/icons\/social\/pinterest.e8cf655.svg?primary=%2523ffffff\" loading=\"lazy\" data-testid=\"dynamic-svg-base\" height=\"auto\" width=\"auto\" alt=\"pinterest\" class=\"css-4lml0h e1mlxuuw1\"\/><\/a><\/p>\n<p>Fotos: Laura Caldarola<\/p>\n<p data-journey-content=\"true\" data-node-id=\"8\" class=\"css-6wxqfj emevuu60\">Su aventura, como ella misma explica, empez\u00f3 incluso antes de despegar, preparando un material que no sab\u00eda ni nombrar. \u201cMe pasaron un listado que inclu\u00eda cosas que ni siquiera sab\u00eda qu\u00e9 eran; ah\u00ed entend\u00ed que quiz\u00e1 era menos aventurera de lo que imaginaba. Me doli\u00f3\u201d.  <\/p>\n<p data-journey-content=\"true\" data-node-id=\"11\" class=\"css-6wxqfj emevuu60\">Vestirse con ropa que nunca llegar\u00eda a secarse y asumir que el pelo encrespado dejar\u00eda de ser una preocupaci\u00f3n fueron parte de la adaptaci\u00f3n. Al fin y al cabo, como dice Laura, \u201clas aut\u00e9nticas hero\u00ednas eran cinco mujeres supervivientes de c\u00e1ncer. Cuando la vida te sacude as\u00ed, todo vuelve a su proporci\u00f3n\u201d.<\/p>\n<p><img draggable=\"true\" alt=\"laura caldarola\" title=\"Laura Caldarola\" loading=\"lazy\" width=\"1200\" height=\"1600\" decoding=\"async\" data-nimg=\"1\" style=\"color:transparent;width:100%;height:auto;\"   src=\"https:\/\/www.europesays.com\/es\/wp-content\/uploads\/2025\/12\/photo-2025-11-18-16-04-55-2-6932d627ac0de.jpg\" class=\"css-0 e1g79fud0\"\/><a target=\"_blank\" rel=\"noopener nofollow\" data-theme-key=\"base-link\" href=\"https:\/\/pinterest.com\/pin\/create\/button\/?url=https:\/\/www.elle.com\/es\/living\/ocio-cultura\/a69643459\/reto-pelayo-vida-cronica-laura-caldarola\/&amp;description=- ElleSpain&amp;media=https:\/\/hips.hearstapps.com\/hmg-prod\/images\/photo-2025-11-18-16-04-55-2-6932d627ac0de.jpg?resize=1600:*\" class=\"pinterest css-on9hn5 e1c1bym14\"><img decoding=\"async\" data-dynamic-svg=\"true\" src=\"https:\/\/www.elle.com\/_assets\/design-tokens\/fre\/static\/icons\/social\/pinterest.e8cf655.svg?primary=%2523ffffff\" loading=\"lazy\" data-testid=\"dynamic-svg-base\" height=\"auto\" width=\"auto\" alt=\"pinterest\" class=\"css-4lml0h e1mlxuuw1\"\/><\/a><\/p>\n<p>Fotos: Laura Caldarola<\/p>\n<p><strong data-node-id=\"13.0\">Costa Rica, sin filtros<\/strong><\/p>\n<p data-journey-content=\"true\" data-node-id=\"15\" class=\"css-6wxqfj emevuu60\">Aterrizar en San Jos\u00e9 fue solo el principio. Desde all\u00ed, el equipo viaj\u00f3 hasta Matapalo para iniciar la primera etapa del reto: la bici, la m\u00e1s temida por todas. Laura confiesa que, al descubrir que no har\u00eda las pruebas, sinti\u00f3 un leve disgusto\u2026 que dur\u00f3 poco. \u201cA pesar de mi preparaci\u00f3n f\u00edsica, no habr\u00eda podido completarlas: las exigencias eran alt\u00edsimas y las chicas llevaban meses entrenando\u201d.<\/p>\n<p data-journey-content=\"true\" data-node-id=\"17\" class=\"css-6wxqfj emevuu60\">El viaje avanzaba al ritmo de un plan medido al mil\u00edmetro: horarios imposibles, noches cortas, duchas fr\u00edas y campamentos que, seg\u00fan cuenta, la hicieron pensar que ahora ya, s\u00ed que s\u00ed, lo ha visto todo. Pero entre la exigencia y el cansancio aparec\u00edan tambi\u00e9n momentos que quedan grabados: el desayuno a las 4:30 -\u201cdescubr\u00ed que s\u00ed, es posible tener hambre a esas horas\u201d, cuenta-, la generosidad de los gu\u00edas costarricenses o el contacto con una comunidad ind\u00edgena que la conmovi\u00f3 profundamente: \u201cVi humanidad de la de verdad, responsabilidad social, respeto y cuidado del pr\u00f3jimo\u201d.<\/p>\n<p><img draggable=\"true\" alt=\"laura caldarola\" title=\"Laura Caldarola\" loading=\"lazy\" width=\"1600\" height=\"1200\" decoding=\"async\" data-nimg=\"1\" style=\"color:transparent;width:100%;height:auto;\"   src=\"https:\/\/www.europesays.com\/es\/wp-content\/uploads\/2025\/12\/photo-2025-11-18-16-04-55-6932d650c8d77.jpg\" class=\"css-0 e1g79fud0\"\/><a target=\"_blank\" rel=\"noopener nofollow\" data-theme-key=\"base-link\" href=\"https:\/\/pinterest.com\/pin\/create\/button\/?url=https:\/\/www.elle.com\/es\/living\/ocio-cultura\/a69643459\/reto-pelayo-vida-cronica-laura-caldarola\/&amp;description=- ElleSpain&amp;media=https:\/\/hips.hearstapps.com\/hmg-prod\/images\/photo-2025-11-18-16-04-55-6932d650c8d77.jpg?resize=1600:*\" class=\"pinterest css-on9hn5 e1c1bym14\"><img decoding=\"async\" data-dynamic-svg=\"true\" src=\"https:\/\/www.elle.com\/_assets\/design-tokens\/fre\/static\/icons\/social\/pinterest.e8cf655.svg?primary=%2523ffffff\" loading=\"lazy\" data-testid=\"dynamic-svg-base\" height=\"auto\" width=\"auto\" alt=\"pinterest\" class=\"css-4lml0h e1mlxuuw1\"\/><\/a><\/p>\n<p>Fotos: Laura Caldarola<\/p>\n<p data-journey-content=\"true\" data-node-id=\"20\" class=\"css-6wxqfj emevuu60\">La etapa final lleg\u00f3 tras \u201ctres surrealistas horas de rafting\u201d que compara con un parto: \u201csufres, pero repetir\u00edas\u201d. La recompensa fue un entorno casi m\u00e1gico \u2014sin agua caliente, pero con monos, perezosos, iguanas y vegetaci\u00f3n exuberante\u2014 que parec\u00eda poner la guinda a un viaje que ya estaba dejando huella.<\/p>\n<p><strong data-node-id=\"21.0\">Lo que te llevas cuando vuelves<\/strong><\/p>\n<p data-journey-content=\"true\" data-node-id=\"23\" class=\"css-6wxqfj emevuu60\">Laura regres\u00f3 con algo m\u00e1s que una cr\u00f3nica. \u201cHe vuelto contenta, satisfecha, con m\u00e1s amigos y con muchas an\u00e9cdotas\u201d, resume. Y ah\u00ed est\u00e1 la esencia del Reto Pelayo Vida: dejar que el viaje te cambie un poco. Descubrir que, casi siempre, puedes m\u00e1s de lo que imaginas.<\/p>\n<p><img draggable=\"true\" alt=\"laura caldarola\" title=\"Laura Caldarola\" loading=\"lazy\" width=\"1600\" height=\"1200\" decoding=\"async\" data-nimg=\"1\" style=\"color:transparent;width:100%;height:auto;\"   src=\"https:\/\/www.europesays.com\/es\/wp-content\/uploads\/2025\/12\/photo-2025-11-18-16-04-55-1-1-6932d68c23a47.jpg\" class=\"css-0 e1g79fud0\"\/><a target=\"_blank\" rel=\"noopener nofollow\" data-theme-key=\"base-link\" href=\"https:\/\/pinterest.com\/pin\/create\/button\/?url=https:\/\/www.elle.com\/es\/living\/ocio-cultura\/a69643459\/reto-pelayo-vida-cronica-laura-caldarola\/&amp;description=- ElleSpain&amp;media=https:\/\/hips.hearstapps.com\/hmg-prod\/images\/photo-2025-11-18-16-04-55-1-1-6932d68c23a47.jpg?resize=1600:*\" class=\"pinterest css-on9hn5 e1c1bym14\"><img decoding=\"async\" data-dynamic-svg=\"true\" src=\"https:\/\/www.elle.com\/_assets\/design-tokens\/fre\/static\/icons\/social\/pinterest.e8cf655.svg?primary=%2523ffffff\" loading=\"lazy\" data-testid=\"dynamic-svg-base\" height=\"auto\" width=\"auto\" alt=\"pinterest\" class=\"css-4lml0h e1mlxuuw1\"\/><\/a><\/p>\n<p>Fotos: Laura Caldarola<\/p>\n<p data-journey-content=\"true\" data-node-id=\"26\" class=\"css-6wxqfj emevuu60\">Su conclusi\u00f3n lo resume todo: \u201cEse tipo de viaje \u2014con gente que no conoces y que termina siendo \u00edntima, con poco margen de improvisaci\u00f3n pero lleno de aventura, que te obliga a ponerte a prueba y casi siempre te demuestra que puedes\u2014 es el que te hace decir: ha valido la pena\u201d.<\/p>\n<p data-journey-content=\"true\" data-node-id=\"28\" class=\"css-6wxqfj emevuu60\">Una aventura que, como el propio reto, no solo se vive sino que se conserva y se guarda en la memoria (y en el coraz\u00f3n), para siempre. Por eso, desde Pelayo animan a todas las mujeres que est\u00e9n pasando por la misma situaci\u00f3n que se animen a participar, que no duden en apuntarse para ser las pr\u00f3ximas protagonistas. Cada a\u00f1o, el Reto Pelayo quiere ser un soporte de apoyo para todas ellas y un recordatorio de que la vida, es maravillosa. <\/p>\n<p data-journey-content=\"true\" data-node-id=\"30\" class=\"css-6wxqfj emevuu60\">Como dice <strong data-node-id=\"30.1\">Emma Ruiz Azc\u00e1rate<\/strong>, directora de <strong data-node-id=\"30.3\">Clientes y Marketing de Pelayo Seguros<\/strong>, este proyecto es una causa en su totalidad: \u201c<strong data-node-id=\"30.5\">Una forma de acompa\u00f1ar a las mujeres en un momento decisivo de sus vidas y de reforzar, con hechos, el impacto transformador que puede tener sentirse respaldada<\/strong>. El valor del proyecto se encuentra en esa potencia vital que nace en cada edici\u00f3n. El reto va de esfuerzo, va de equipo, va de superaci\u00f3n&#8230; pero la parte que m\u00e1s nos gusta desde Pelayo, y con la que m\u00e1s nos identificamos, es la esperanza, la alegr\u00eda, las ganas\u201d.<\/p>\n<p><img src=\"https:\/\/www.europesays.com\/es\/wp-content\/uploads\/2025\/12\/e2e3d802-b15d-4d18-9735-a31e436c844c_1547636003.file\" alt=\"Headshot of Blanca Del R\u00edo\" title=\"Headshot of Blanca Del R\u00edo\" width=\"100%\" height=\"100%\" decoding=\"async\" loading=\"lazy\" class=\"css-o0wq4v ev8dhu53\"\/><\/p>\n<p>Blanca del R\u00edo es experta es belleza y estilo de vida. La salud mental y la creatividad son otros dos pilares de inspiraci\u00f3n para escribir. No se le escapa un color nuevo de pelo, un corte, una sombra de ojos o una forma viral de hacerse el &#8216;eyeliner&#8217;. Le fascina adentrarse en el mundo de la alimentaci\u00f3n, indagar en c\u00f3mo se cuidan en todas las partes del mundo y qu\u00e9 podemos aprender de todos esos rincones para mejorar nuestra salud, por dentro y por fuera. As\u00ed que no es de extra\u00f1ar que tan pronto te encuentres un art\u00edculo suyo sobre lo m\u00e1s visto en el backstage de Par\u00eds en maquillaje, como temas referidos a c\u00f3mo explotar tu lado m\u00e1s creativo, c\u00f3mo gestionar tus emociones o c\u00f3mo aprovechar mejor tu energ\u00eda. \u00a0Las redes sociales son una de sus fuentes pero no tiene FOMO, porque donde m\u00e1s inspiraci\u00f3n encuentra para escribir sobre cualquier tema, es en los libros. Devora todo aquello que sale al mercado en forma de ensayos y manuales sobre todos los temas que aborda a diario, pero pocas veces la encontrar\u00e1s leyendo una novela (y menos de amor). \u00a0Blanca se gradu\u00f3 en Periodismo en la Universidad Rey Juan Carlos de Madrid, se form\u00f3 como &#8216;cool hunter&#8217; en la escuela de moda, arte y dise\u00f1o IED de Madrid, as\u00ed como en fotograf\u00eda y artes visuales y digitales con los mejores profesionales. <br \/>Mientras tanto, ha podido completar su expertise con grandes expertos en el terreno de la belleza, la salud y el bienestar gracias a su trabajo en medios de comunicaci\u00f3n especializados del \u00e1mbito digital, en los que ya acumula m\u00e1s de 15 a\u00f1os de experiencia. <br \/>\u00a0<\/p>\n","protected":false},"excerpt":{"rendered":"El Reto Pelayo Vida lleva once a\u00f1os demostrando que la aventura es tambi\u00e9n una forma de reivindicar la&hellip;\n","protected":false},"author":2,"featured_media":294025,"comment_status":"","ping_status":"","sticky":false,"template":"","format":"standard","meta":{"footnotes":""},"categories":[81],"tags":[13966,119,123,124,25,24,117,121,122,23,118,120],"class_list":["post-294024","post","type-post","status-publish","format-standard","has-post-thumbnail","category-ciencia-y-tecnologia","tag-branded","tag-ciencia","tag-ciencia-y-tecnologia","tag-cienciaytecnologia","tag-es","tag-espana","tag-science","tag-science-and-technology","tag-scienceandtechnology","tag-spain","tag-technology","tag-tecnologia"],"share_on_mastodon":{"url":"https:\/\/pubeurope.com\/@es\/115739136366999920","error":""},"_links":{"self":[{"href":"https:\/\/www.europesays.com\/es\/wp-json\/wp\/v2\/posts\/294024","targetHints":{"allow":["GET"]}}],"collection":[{"href":"https:\/\/www.europesays.com\/es\/wp-json\/wp\/v2\/posts"}],"about":[{"href":"https:\/\/www.europesays.com\/es\/wp-json\/wp\/v2\/types\/post"}],"author":[{"embeddable":true,"href":"https:\/\/www.europesays.com\/es\/wp-json\/wp\/v2\/users\/2"}],"replies":[{"embeddable":true,"href":"https:\/\/www.europesays.com\/es\/wp-json\/wp\/v2\/comments?post=294024"}],"version-history":[{"count":0,"href":"https:\/\/www.europesays.com\/es\/wp-json\/wp\/v2\/posts\/294024\/revisions"}],"wp:featuredmedia":[{"embeddable":true,"href":"https:\/\/www.europesays.com\/es\/wp-json\/wp\/v2\/media\/294025"}],"wp:attachment":[{"href":"https:\/\/www.europesays.com\/es\/wp-json\/wp\/v2\/media?parent=294024"}],"wp:term":[{"taxonomy":"category","embeddable":true,"href":"https:\/\/www.europesays.com\/es\/wp-json\/wp\/v2\/categories?post=294024"},{"taxonomy":"post_tag","embeddable":true,"href":"https:\/\/www.europesays.com\/es\/wp-json\/wp\/v2\/tags?post=294024"}],"curies":[{"name":"wp","href":"https:\/\/api.w.org\/{rel}","templated":true}]}}